{"id":79872,"date":"2024-12-20T17:19:05","date_gmt":"2024-12-20T17:19:05","guid":{"rendered":"https:\/\/tvbrazilusa.com\/2024\/12\/20\/ex-agente-penitenciario-de-miami-dade-indiciado-por-esquema-de-trafico-de-drogas-wsvn-7news-noticias-de-miami-clima-esportes-fort-lauderdale\/"},"modified":"2024-12-20T17:27:02","modified_gmt":"2024-12-20T17:27:02","slug":"ex-agente-penitenciario-de-miami-dade-indiciado-por-esquema-de-trafico-de-drogas-wsvn-7news-noticias-de-miami-clima-esportes-fort-lauderdale","status":"publish","type":"post","link":"https:\/\/tvbrazilusa.com\/pt\/2024\/12\/20\/ex-agente-penitenciario-de-miami-dade-indiciado-por-esquema-de-trafico-de-drogas-wsvn-7news-noticias-de-miami-clima-esportes-fort-lauderdale\/","title":{"rendered":"Ex-agente penitenci\u00e1rio de Miami-Dade indiciado por esquema de tr\u00e1fico de drogas &#8211; WSVN 7News | Not\u00edcias de Miami, clima, esportes | Fort Lauderdale"},"content":{"rendered":"<p> <script async src=\"https:\/\/pagead2.googlesyndication.com\/pagead\/js\/adsbygoogle.js?client=ca-pub-8864793242727901\"\r\n     crossorigin=\"anonymous\"><\/script><br \/>\n<\/p>\n<div itemprop=\"articleBody\">\n<p>MIAMI (WSVN) \u2013 Uma ex-oficial penitenci\u00e1ria de Miami-Dade e seu suposto c\u00famplice est\u00e3o enfrentando s\u00e9rias acusa\u00e7\u00f5es por ajudarem a contrabandear drogas e outros contrabandos para as pris\u00f5es do condado.<\/p>\n<p>Vernell Syrethia Lawson, 33, e Gabrielle Nicole Bess-Mills, 35, compareceram ao tribunal na quarta-feira depois de serem indiciados em um esquema que os promotores dizem ter sido liderado por Terrance Carter, de 31 anos. <\/p>\n<p>De acordo com os promotores, Carter dirigia uma opera\u00e7\u00e3o antidrogas que contava com Lawson e outros agentes penitenci\u00e1rios para levar itens ilegais para venda nas pris\u00f5es.<\/p>\n<p>Lawson e Bess-Mills s\u00e3o acusados \u200b\u200bde posse e distribui\u00e7\u00e3o de drogas, conspira\u00e7\u00e3o e extors\u00e3o ligada a suborno e tr\u00e1fico de drogas. Lawson tamb\u00e9m \u00e9 acusado de extors\u00e3o.<\/p>\n<p>Carter, que os promotores dizem ter sido o mentor, \u00e9 acusado de dirigir uma empresa criminosa e de usar viol\u00eancia para manter a opera\u00e7\u00e3o em andamento. <\/p>\n<p>Todos os tr\u00eas suspeitos s\u00e3o do condado de Miami-Dade.<\/p>\n<p><em>Copyright 2024 Sunbeam Television Corp. Todos os direitos reservados. Este material n\u00e3o pode ser publicado, transmitido, reescrito ou redistribu\u00eddo.<\/em><\/p>\n<div class=\"wp-block-newsletter\">\n\t<strong class=\"wp-block-newsletter__title\">Cadastre-se em nosso boletim informativo para receber as \u00faltimas not\u00edcias diretamente em sua caixa de entrada<\/strong><\/p>\n<\/div><\/div>\n<p><br \/>\n<br \/><a href=\"https:\/\/wsvn.com\/news\/local\/miami-dade\/former-miami-dade-correctional-officer-indicted-in-drug-trafficking-scheme\/\">Source link <\/a><\/p>","protected":false},"excerpt":{"rendered":"<p>MIAMI (WSVN) \u2013 Uma ex-oficial penitenci\u00e1ria de Miami-Dade e seu suposto c\u00famplice est\u00e3o enfrentando s\u00e9rias acusa\u00e7\u00f5es por ajudarem a contrabandear drogas e outros contrabandos para as pris\u00f5es do condado. Vernell&hellip;<\/p>","protected":false},"author":1,"featured_media":79873,"comment_status":"closed","ping_status":"open","sticky":false,"template":"","format":"standard","meta":{"content-type":"","footnotes":""},"categories":[1],"tags":[],"class_list":["post-79872","post","type-post","status-publish","format-standard","has-post-thumbnail","hentry","category-uncategorized"],"_links":{"self":[{"href":"https:\/\/tvbrazilusa.com\/pt\/wp-json\/wp\/v2\/posts\/79872","targetHints":{"allow":["GET"]}}],"collection":[{"href":"https:\/\/tvbrazilusa.com\/pt\/wp-json\/wp\/v2\/posts"}],"about":[{"href":"https:\/\/tvbrazilusa.com\/pt\/wp-json\/wp\/v2\/types\/post"}],"author":[{"embeddable":true,"href":"https:\/\/tvbrazilusa.com\/pt\/wp-json\/wp\/v2\/users\/1"}],"replies":[{"embeddable":true,"href":"https:\/\/tvbrazilusa.com\/pt\/wp-json\/wp\/v2\/comments?post=79872"}],"version-history":[{"count":1,"href":"https:\/\/tvbrazilusa.com\/pt\/wp-json\/wp\/v2\/posts\/79872\/revisions"}],"predecessor-version":[{"id":79874,"href":"https:\/\/tvbrazilusa.com\/pt\/wp-json\/wp\/v2\/posts\/79872\/revisions\/79874"}],"wp:featuredmedia":[{"embeddable":true,"href":"https:\/\/tvbrazilusa.com\/pt\/wp-json\/wp\/v2\/media\/79873"}],"wp:attachment":[{"href":"https:\/\/tvbrazilusa.com\/pt\/wp-json\/wp\/v2\/media?parent=79872"}],"wp:term":[{"taxonomy":"category","embeddable":true,"href":"https:\/\/tvbrazilusa.com\/pt\/wp-json\/wp\/v2\/categories?post=79872"},{"taxonomy":"post_tag","embeddable":true,"href":"https:\/\/tvbrazilusa.com\/pt\/wp-json\/wp\/v2\/tags?post=79872"}],"curies":[{"name":"wp","href":"https:\/\/api.w.org\/{rel}","templated":true}]}}