{"id":79884,"date":"2024-12-20T17:31:54","date_gmt":"2024-12-20T17:31:54","guid":{"rendered":"https:\/\/tvbrazilusa.com\/2024\/12\/20\/doj-ouve-a-comunidade-apos-relatorio-contundente-da-policia-de-worcester\/"},"modified":"2024-12-20T17:39:23","modified_gmt":"2024-12-20T17:39:23","slug":"doj-ouve-a-comunidade-apos-relatorio-contundente-da-policia-de-worcester","status":"publish","type":"post","link":"https:\/\/tvbrazilusa.com\/pt\/2024\/12\/20\/doj-ouve-a-comunidade-apos-relatorio-contundente-da-policia-de-worcester\/","title":{"rendered":"DOJ ouve a comunidade ap\u00f3s relat\u00f3rio contundente da pol\u00edcia de Worcester"},"content":{"rendered":"<p> <script async src=\"https:\/\/pagead2.googlesyndication.com\/pagead\/js\/adsbygoogle.js?client=ca-pub-8864793242727901\"\r\n     crossorigin=\"anonymous\"><\/script><br \/>\n<\/p>\n<div id=\"\">\n<header class=\"m-article-header m-article-header--standard\">\n\t\t\t\t\t\t\t\t\t\t\t\t<span id=\"article-header-primary-term\"><br \/>\n\t\t\t\t\t\t\t\t<a class=\"a-term a-term--primary\" href=\"https:\/\/www.boston.com\/tag\/local-news\/\"><\/p>\n<p>\t\t\t\t\t\t\t\tNot\u00edcias locais\t\t\t\t\t\t\t\t<\/a><br \/>\n\t\t\t\t\t\t\t<\/span><\/p>\n<h2 class=\"m-article-header__sub-headline\">Centenas de membros da comunidade compareceram, e a reuni\u00e3o na YWCA foi apenas em p\u00e9.<\/h2>\n<figure class=\"a-photo m-article-header__photo\"><figcaption class=\"a-photo__caption\">\n<p>\tCarros de pol\u00edcia fora da sede da pol\u00edcia de Worcester.<em> Suzanne Kreiter\/Equipe da Globo<\/em>\t<\/figcaption><\/figure>\n<div class=\"m-article-header__meta\">\n<div class=\"m-article-header__byline\">\n<p class=\"m-article-header__author\">\n<p>\t\t\t\t\t\t\t\tPor <a class=\"a-link a-link--inline\" href=\"https:\/\/www.boston.com\/author\/molly-farrar\/\">Molly Farrar<\/a>\t\t\t\t\t\t\t<\/p>\n<p>\t\t\t\t\t\t\t\t\t\t\t\t\t\t\t<time class=\"m-article-header__date\"><\/p>\n<p>\t\t\t\t\t\t\t\t\t20 de dezembro de 2024 | 12h31\t\t\t\t\t\t\t\t<\/time><\/p>\n<p><span>2 minutos para ler<\/span><\/p>\n<\/p><\/div>\n<\/p><\/div>\n<\/header>\n<p>Numa reuni\u00e3o da comunidade de Worcester na noite de quarta-feira, funcion\u00e1rios do Departamento de Justi\u00e7a abordaram o departamento de pol\u00edcia <a href=\"https:\/\/www.boston.com\/news\/local-news\/2024\/12\/10\/justice-department-investigation-finds-worcester-police-officers-sexually-assaulted-suspected-sex-workers\/\">alegadas viola\u00e7\u00f5es dos direitos civis e poss\u00edveis solu\u00e7\u00f5es<\/a>de acordo com v\u00e1rios relat\u00f3rios.<\/p>\n<p>A Procuradoria dos EUA e a Divis\u00e3o de Direitos Civis do DOJ organizaram uma <a href=\"https:\/\/www.facebook.com\/YWCACM\/posts\/pfbid02uhBGb1NkztetnLcLjVhi8GoBwFLgA8ZV64k3MmWvSwNZryj414i52uVd7Sj2vaBKl\">reuni\u00e3o comunit\u00e1ria<\/a> na YWCA Central Massachusetts na Salem Street. Centenas de membros da comunidade compareceram e a reuni\u00e3o foi apenas em p\u00e9, <a href=\"https:\/\/www.bostonglobe.com\/2024\/12\/18\/metro\/worcester-police-justice-department-report\/\">de acordo com <em>O Globo de Boston<\/em><\/a>  e o <a href=\"https:\/\/www.telegram.com\/story\/news\/politics\/government\/2024\/12\/18\/at-packed-city-council-meeting-a-divided-response-to-doj-report-on-pd\/77062987007\/\"><em>Telegrama e Gazeta<\/em><\/a>.<\/p>\n<p>A investiga\u00e7\u00e3o federal de dois anos no departamento <a href=\"https:\/\/www.boston.com\/news\/local-news\/2024\/12\/10\/justice-department-investigation-finds-worcester-police-officers-sexually-assaulted-suspected-sex-workers\/\">detalhou m\u00faltiplas supostas viola\u00e7\u00f5es<\/a>. Alguns policiais supostamente fizeram sexo durante o expediente com mulheres suspeitas de serem trabalhadoras do sexo, envolveram-se inapropriadamente com suspeitas de trabalharem no sexo enquanto estavam disfar\u00e7ados e agrediram sexualmente mulheres exigindo atos sexuais em troca de assist\u00eancia policial, disse o DOJ. <\/p>\n<p>A investiga\u00e7\u00e3o tamb\u00e9m descobriu que os policiais permitiam que seus c\u00e3es mordessem, inclusive quando as pessoas detidas j\u00e1 estavam sob controle, e tamb\u00e9m aplicavam choques injustificados nas pessoas.<\/p>\n<p>O DOJ tamb\u00e9m disse que adultos e jovens hisp\u00e2nicos e negros eram mais propensos a enfrentar uma parada de tr\u00e2nsito que terminasse com pris\u00e3o, advert\u00eancia por escrito, cita\u00e7\u00e3o ou queixa criminal. Esses grupos tinham maior probabilidade de serem presos ou tratados com for\u00e7a excessiva.<\/p>\n<p>\u201cIsso n\u00e3o significa que todos os policiais em Worcester violaram a lei\u201d, disse Megan Marks, vice-chefe da Se\u00e7\u00e3o de Lit\u00edgios Especiais da Divis\u00e3o de Direitos Civis do DOJ, na reuni\u00e3o, de acordo com o <em>Globo<\/em>. \u201cDito isto, emitimos este relat\u00f3rio porque os padr\u00f5es ou pr\u00e1ticas que encontramos s\u00e3o graves e resultam em danos reais.\u201d<\/p>\n<p>O jornal informou que a multid\u00e3o foi dividida em tr\u00eas grupos e os residentes expressaram a sua indigna\u00e7\u00e3o pelo facto de as agress\u00f5es sexuais n\u00e3o terem sido investigadas, pelas prioridades para forma\u00e7\u00f5es de desescalada e pelo cepticismo geral sobre qualquer mudan\u00e7a na cultura do departamento.<\/p>\n<p>Na C\u00e2mara Municipal de Worcester na noite de ter\u00e7a-feira, dezenas de residentes expressaram suas preocupa\u00e7\u00f5es com a investiga\u00e7\u00e3o. Thomas Duffy, presidente do sindicato dos patrulheiros da pol\u00edcia de Worcester, disse que o relat\u00f3rio quase n\u00e3o cont\u00e9m informa\u00e7\u00f5es factuais.<\/p>\n<p>\u201cEsta farsa de uma suposta investiga\u00e7\u00e3o \u00e9 um novo ponto baixo\u201d, disse Duffy ao conselho. \u201c\u00c9 vergonhoso e insultuoso para os grandes homens e mulheres que tenho o privil\u00e9gio de representar.\u201d<\/p>\n<p>O DOJ listou v\u00e1rias recomenda\u00e7\u00f5es no relat\u00f3rio, incluindo pol\u00edticas, treinamento e pr\u00e1ticas de supervis\u00e3o novas e revisadas. Na reuni\u00e3o, os promotores disseram que poderiam encaminhar casos criminais, mas se recusaram a comentar. <em>Globo<\/em> relatado.<\/p>\n<p>Gerente da cidade de Worcester, Eric Batista <a href=\"https:\/\/www.boston.com\/news\/local-news\/2024\/12\/10\/justice-department-investigation-finds-worcester-police-officers-sexually-assaulted-suspected-sex-workers\/#:~:text=He%20plans%20to,his%20statement%20read.\">disse em um comunicado no in\u00edcio deste m\u00eas<\/a> que muitas das recomenda\u00e7\u00f5es do relat\u00f3rio foram implementadas ou est\u00e3o em curso. Ele tamb\u00e9m planeja apresentar um Conselho de Revis\u00e3o Civil.<\/p>\n<p>\u201cEntretanto, os membros do Departamento de Pol\u00edcia de Worcester, que servem esmagadoramente a nossa comunidade com integridade e compaix\u00e3o, continuar\u00e3o a sua cont\u00ednua sensibiliza\u00e7\u00e3o comunit\u00e1ria para construir relacionamentos e confian\u00e7a, ao mesmo tempo que continuam a refinar e melhorar as pol\u00edticas do Departamento\u201d, dizia a sua declara\u00e7\u00e3o na altura. .<\/p>\n<p>A cidade tamb\u00e9m anunciou uma linha direta em 774-548-1696 para que o p\u00fablico possa denunciar qualquer discrimina\u00e7\u00e3o, preconceito, ass\u00e9dio ou for\u00e7a excessiva ao Escrit\u00f3rio Executivo de Diversidade, Equidade e Inclus\u00e3o da cidade. <\/p>\n<div class=\"o-author-single has-avatar\">\n<header class=\"m-author-card\">\n<div class=\"a-image a-image--square m-author-card__image\">\n\t\t<img decoding=\"async\" class=\"\" src=\"https:\/\/www.boston.com\/wp-content\/uploads\/2024\/10\/cropped-molly-farrar-6707200226887-6707200bea6c0-242x242.jpg\" alt=\"Imagem do perfil de Molly Farrar\"\/>\t<\/div>\n<\/header>\n<section class=\"author-info\">\n<div class=\"m-author__section\">\n<p>Molly Farrar \u00e9 rep\u00f3rter geral do Boston.com, com foco em educa\u00e7\u00e3o, pol\u00edtica, crime e muito mais.<\/p>\n<\/div>\n<\/section>\n<\/div>\n<div class=\"m-block m-generic-cta\t m-generic-cta--post-content\t m-generic-cta--dark\t m-generic-cta--homepage\t m-generic-cta--email-signup\t\t m-generic-cta-block-style--default \tt-amp__generic-cta\"><\/p>\n<div class=\"m-generic-cta__wrap\">\n<div class=\"m-generic-cta__content\">\n<h3 class=\"m-generic-cta__title\">Boston.com hoje<\/h3>\n<p class=\"m-generic-cta__subtitle\">Inscreva-se para receber as \u00faltimas manchetes em sua caixa de entrada todas as manh\u00e3s.<\/p>\n<\/p><\/div>\n<\/p><\/div>\n<\/div><\/div>\n<p><script>\n\t\tvar consent=\"grant\";\n\t\t\/* The above code is parsing the JSON data from the local storage and storing it in a variable. *\/\n\t\t\t\t\tconst onetrustStorageConsent = JSON.parse(localStorage.getItem( 'consent_one_trust_bdc' ) );\n\t\t\tif ( ( onetrustStorageConsent !== null ) ) {\n\t\t\t\t\/* Checking to see if the user has consented to the use of cookies.\n\t\t\t\t* If they have not, it is deleting the cookie.\n\t\t\t\t* This will comment for now, until further notice.\n\t\t\t\t*\/\n\t\t\t\t\/\/if ( onetrustStorageConsent.C0002 === false ) {\n\t\t\t\t\/\/\tdocument.cookie=\"_fbp=;expires=Thu, 01 Jan 2010 00:00:00 UTC; path=\/; domain=.boston.com\";\n\t\t\t\t\/\/}\n\t\t\t\t\/* Checking if the user has given consent for the cookie C0002.\n\t\t\t\t* If the user has given consent, the variable consent will be set to 'grant'.\n\t\t\t\t* If the user has not given consent,the variable consent will be set to 'revoke'.\n\t\t\t\t* Documentation https:\/\/developers.facebook.com\/docs\/meta-pixel\/implementation\/gdpr\n\t\t\t\t*\/\n\t\t\t\tif ( onetrustStorageConsent.C0002 !== true ) {\n\t\t\t\t\tconsent=\"revoke\";\n\t\t\t\t}\n\t\t\t}\n\t\t\t\t!function(f,b,e,v,n,t,s)\n\t\t{if(f.fbq)return;n=f.fbq=function(){n.callMethod?\n\t\tn.callMethod.apply(n,arguments):n.queue.push(arguments)};\n\t\tif(!f._fbq)f._fbq=n;n.push=n;n.loaded=!0;n.version='2.0';\n\t\tn.queue=[];t=b.createElement(e);t.async=!0;\n\t\tt.src=v;s=b.getElementsByTagName(e)[0];\n\t\ts.parentNode.insertBefore(t,s)}(window, document,'script',\n\t\t'https:\/\/connect.facebook.net\/en_US\/fbevents.js');\n\t\tfbq('consent', consent);\n\t\tfbq('init', '989222871864976');\n\t\tfbq('track', 'PageView');\n\t<\/script><script type=\"module\">\n\t\tvar consent=\"grant\";\n\t\t\/* The above code is parsing the JSON data from the local storage and storing it in a variable. *\/\n\t\t\tconst onetrustStorageConsent = JSON.parse(localStorage.getItem( 'consent_one_trust_bdc' ) );\n\t\t\t\/* Checking to see if the user has consented to the use of cookies.\n\t\t\t* If they have not, it is deleting the cookie.\n\t\t\t* This will comment for now, until further notice.\n\t\t\t*\/\n\t\t\t\/\/if ( onetrustStorageConsent.C0002 === false ) {\n\t\t\t\/\/\tdocument.cookie=\"_fbp=;expires=Thu, 01 Jan 2010 00:00:00 UTC; path=\/; domain=.boston.com\";\n\t\t\t\/\/}\n\t\t\t\/* Checking if the user has given consent for the cookie C0002.\n\t\t\t* If the user has given consent, the variable consent will be set to 'grant'.\n\t\t\t* If the user has not given consent,the variable consent will be set to 'revoke'.\n\t\t\t* Documentation https:\/\/developers.facebook.com\/docs\/meta-pixel\/implementation\/gdpr\n\t\t\t*\/\n\t\t\tif ( ( onetrustStorageConsent !== null ) && (onetrustStorageConsent.C0002 !== true ) ) {\n\t\t\t\tconsent=\"revoke\";\n\t\t\t}\n\t\t\t\t!function(f,b,e,v,n,t,s){if(f.fbq)return;n=f.fbq=function()\n\t\t{n.callMethod? n.callMethod.apply(n,arguments):n.queue.push(arguments)}\n\t\t;if(!f._fbq)f._fbq=n;\n\t\tn.push=n;n.loaded=!0;n.version='2.0';n.queue=[];t=b.createElement(e);t.async=!0;\n\t\tt.src=v;s=b.getElementsByTagName(e)[0];s.parentNode.insertBefore(t,s)}(window,\n\t\tdocument,'script','https:\/\/connect.facebook.net\/en_US\/fbevents.js');\n\t\tfbq('consent', consent);\n\t\tfbq('init', '813236348753005');\n\t\tfbq('track', \"PageView\");\n\t<\/script><br \/>\n<br \/><br \/>\n<br \/><a href=\"https:\/\/www.boston.com\/news\/local-news\/2024\/12\/20\/doj-worcester-police-civil-rights-violations-report\/\">Source link <\/a><\/p>","protected":false},"excerpt":{"rendered":"<p>Not\u00edcias locais Centenas de membros da comunidade compareceram, e a reuni\u00e3o na YWCA foi apenas em p\u00e9. Carros de pol\u00edcia fora da sede da pol\u00edcia de Worcester. Suzanne Kreiter\/Equipe da&hellip;<\/p>","protected":false},"author":1,"featured_media":79885,"comment_status":"closed","ping_status":"open","sticky":false,"template":"","format":"standard","meta":{"content-type":"","footnotes":""},"categories":[1],"tags":[],"class_list":["post-79884","post","type-post","status-publish","format-standard","has-post-thumbnail","hentry","category-uncategorized"],"_links":{"self":[{"href":"https:\/\/tvbrazilusa.com\/pt\/wp-json\/wp\/v2\/posts\/79884","targetHints":{"allow":["GET"]}}],"collection":[{"href":"https:\/\/tvbrazilusa.com\/pt\/wp-json\/wp\/v2\/posts"}],"about":[{"href":"https:\/\/tvbrazilusa.com\/pt\/wp-json\/wp\/v2\/types\/post"}],"author":[{"embeddable":true,"href":"https:\/\/tvbrazilusa.com\/pt\/wp-json\/wp\/v2\/users\/1"}],"replies":[{"embeddable":true,"href":"https:\/\/tvbrazilusa.com\/pt\/wp-json\/wp\/v2\/comments?post=79884"}],"version-history":[{"count":1,"href":"https:\/\/tvbrazilusa.com\/pt\/wp-json\/wp\/v2\/posts\/79884\/revisions"}],"predecessor-version":[{"id":79886,"href":"https:\/\/tvbrazilusa.com\/pt\/wp-json\/wp\/v2\/posts\/79884\/revisions\/79886"}],"wp:featuredmedia":[{"embeddable":true,"href":"https:\/\/tvbrazilusa.com\/pt\/wp-json\/wp\/v2\/media\/79885"}],"wp:attachment":[{"href":"https:\/\/tvbrazilusa.com\/pt\/wp-json\/wp\/v2\/media?parent=79884"}],"wp:term":[{"taxonomy":"category","embeddable":true,"href":"https:\/\/tvbrazilusa.com\/pt\/wp-json\/wp\/v2\/categories?post=79884"},{"taxonomy":"post_tag","embeddable":true,"href":"https:\/\/tvbrazilusa.com\/pt\/wp-json\/wp\/v2\/tags?post=79884"}],"curies":[{"name":"wp","href":"https:\/\/api.w.org\/{rel}","templated":true}]}}