{"id":79893,"date":"2024-12-20T17:30:59","date_gmt":"2024-12-20T17:30:59","guid":{"rendered":"https:\/\/tvbrazilusa.com\/2024\/12\/20\/os-del-fuegos-estao-trazendo-tudo-de-volta-para-casa\/"},"modified":"2024-12-20T17:50:22","modified_gmt":"2024-12-20T17:50:22","slug":"os-del-fuegos-estao-trazendo-tudo-de-volta-para-casa","status":"publish","type":"post","link":"https:\/\/tvbrazilusa.com\/pt\/2024\/12\/20\/os-del-fuegos-estao-trazendo-tudo-de-volta-para-casa\/","title":{"rendered":"Os Del Fuegos est\u00e3o trazendo tudo de volta para casa"},"content":{"rendered":"<p> <script async src=\"https:\/\/pagead2.googlesyndication.com\/pagead\/js\/adsbygoogle.js?client=ca-pub-8864793242727901\"\r\n     crossorigin=\"anonymous\"><\/script><br \/>\n<\/p>\n<div id=\"\">\n<header class=\"m-article-header m-article-header--standard\">\n\t\t\t\t\t\t\t\t\t\t\t\t<span id=\"article-header-primary-term\"><br \/>\n\t\t\t\t\t\t\t\t<a class=\"a-term a-term--primary\" href=\"https:\/\/www.boston.com\/tag\/concerts\/\"><\/p>\n<p>\t\t\t\t\t\t\t\tConcertos\t\t\t\t\t\t\t\t<\/a><br \/>\n\t\t\t\t\t\t\t<\/span><\/p>\n<h2 class=\"m-article-header__sub-headline\">Entre trabalhar na cinebiografia de Bruce Springsteen e se apresentar no Kennedy Center, os Zanes Brothers fazem dois shows de reuni\u00e3o de Del Fuegos em Boston, \u201conde o s- aconteceu\u201d.<\/h2>\n<figure class=\"a-photo m-article-header__photo\"><figcaption class=\"a-photo__caption\">\n<p>\tOs Del Fuegos tocaram no Paradise Rock Club na sexta-feira, 24 de junho de 2011, em Boston. <em> Kayana Szymczak para o Boston Globe<\/em>\t<\/figcaption><\/figure>\n<div class=\"m-article-header__meta\">\n<div class=\"m-article-header__byline\">\n<p class=\"m-article-header__author\">\n<p>\t\t\t\t\t\t\t\tPor <a class=\"a-link a-link--inline\" href=\"https:\/\/www.boston.com\/author\/lauren-daley\/\">Lauren Daley<\/a>\t\t\t\t\t\t\t<\/p>\n<p>\t\t\t\t\t\t\t\t\t\t\t\t\t\t\t<time class=\"m-article-header__date\"><\/p>\n<p>\t\t\t\t\t\t\t\t\t20 de dezembro de 2024 | 12h30\t\t\t\t\t\t\t\t<\/time><\/p>\n<p><span>9 minutos para ler<\/span><\/p>\n<\/p><\/div>\n<\/p><\/div>\n<\/header>\n<p>Quando chego a Warren Zanes, ele est\u00e1 em um estacionamento em Nova York \u2013 mas n\u00e3o est\u00e1 frustrado. Ele est\u00e1 animado. <\/p>\n<p>A emo\u00e7\u00e3o de beber rock and roll em um set de filmagem todos os dias \u201cdefinitivamente est\u00e1 passando por mim enquanto vamos para esses shows de reuni\u00e3o de Del Fuegos\u201d em Boston, disse ele.<\/p>\n<p>O ex-aluno de Del Fuego est\u00e1 deixando o set de filmagem de Manhattan da pr\u00f3xima cinebiografia de Bruce Springsteen baseada em seu livro: \u201c<a href=\"https:\/\/www.boston.com\/culture\/book-club\/2023\/05\/31\/warren-zanes-del-fuegos-on-springsteen-nebraska-deliver-me-from-nowhere\/\">Livrai-me do nada: The Making Of Nebraska de Bruce Springsteen.<\/a>\u201d Dirigido por Scott Cooper, o elenco inclui Marc Maron, Gaby Hoffmann e Jeremy Allen White de \u201cThe Bear\u201d como Springsteen.<\/p>\n<p>Eles tinham acabado de fechar um quarteir\u00e3o no centro da cidade para uma cena com Jeremy Strong como John Landau conversando com David Krumholtz como Al Teller da CBS, disse Zanes. <\/p>\n<p>\u201cAlguns dias eu saio do set sem acreditar\u201d, disse Zanes, 59, acrescentando rapidamente que, embora tenha uma cadeira de diretor, \u201celes escreveram meu nome errado\u201d. <\/p>\n<p>\u201cUma parte de mim ainda \u00e9 o garoto ouvindo os discos de Dan Springsteen. Essa parte de mim ainda est\u00e1 viva. E se eu fizer as coisas direito, manterei essa parte de mim viva\u201d, disse o nativo de Concord, NH.<\/p>\n<p>O irm\u00e3o mais velho e colega de banda Dan Zanes, 62, estrela da m\u00fasica infantil ganhadora do Grammy, far\u00e1 em breve um show de f\u00e9rias no Kennedy Center com sua esposa e<a href=\"https:\/\/danandclaudia.com\/\"> parceira musical, Cl\u00e1udia Zanes<\/a>. O casal acaba de lan\u00e7ar um disco pelo Smithsonian Folkways: \u201c<a href=\"https:\/\/folkways.si.edu\/dan-and-claudia-zanes\/pieces-of-home\">Peda\u00e7os de casa<\/a>\u201dpossui convidados especiais, incluindo Steve Earle.<\/p>\n<p>Enquanto isso, o baterista do Del Fuegos, Woody Giessmann, tornou-se um especialista em v\u00edcios e fundou a banda com sede em Watertown.<a href=\"http:\/\/www.right-turn.org\/\"> Virar \u00e0 direita<\/a>\u201catualmente em transi\u00e7\u00e3o\u201d da oferta de servi\u00e7os de recupera\u00e7\u00e3o. O baixista Tom Lloyd obteve um PhD em engenharia ambiental pela CalTech. Warren Zanes tamb\u00e9m \u00e9 professor da NYU, produtor de document\u00e1rios indicado ao Grammy, ex-diretor executivo da The Rock and Roll Forever Foundation e <a href=\"https:\/\/us.macmillan.com\/books\/9781250105196\/petty\/\">Bi\u00f3grafo de Tom Petty<\/a>.<\/p>\n<p>\u00c9 tudo um segundo cap\u00edtulo e tanto para uma banda que \u201cpoderia ter tido uma boa conversa com um terapeuta, um conselheiro sobre drogas e \u00e1lcool\u201d, como Warren<a href=\"https:\/\/www.bostonglobe.com\/2023\/07\/13\/arts\/warren-dan-zanes-del-fuegos-demise-their-reconciliation-bands-reunion-show\/\"> me disse<\/a> anteriormente.<\/p>\n<p>E isso mostra que quando eles dizem que este pode ser o \u00faltimo show de reuni\u00e3o do Del Fuegos em Boston, \u201c\u00e9 uma coisa justa de se dizer\u201d, disse Warren. <\/p>\n<p>\u201cH\u00e1 <em>ent\u00e3o<\/em> muitas vari\u00e1veis \u200b\u200b\u200b\u200bque \u00e9 quase estranho que a City Winery tenha se alinhado t\u00e3o facilmente &#8211; o que \u00e9, por si s\u00f3, um sinal para faz\u00ea-lo. <\/p>\n<p>Depois de um show de reuni\u00e3o em East Bridgewater em 2023, os Del Fuegos jogam dois sets em<a href=\"https:\/\/citywinery.com\/boston\/events?utm_medium=ppc&#038;utm_source=google&#038;gad_source=1&#038;gclid=CjwKCAiAgoq7BhBxEiwAVcW0LEihoRTW06HXkUARh0pvAk9T8QOiWK2MIwU-HXRbnwhOgwxkwWvWeRoC9nwQAvD_BwE\"> Vin\u00edcola da cidade <\/a> em Boston no dia 21 de dezembro. No momento em que este livro foi escrito, ainda havia ingressos para o show das 15h. <\/p>\n<p>A seminal banda de rock de Boston, conhecida por shows emocionantes e uma turn\u00ea com Tom Petty, se separou em 1989 ap\u00f3s quatro \u00e1lbuns. Suas ra\u00edzes remontam ao Oberlin College, onde Dan e Tom se tornaram amigos. Warren, um \u201cgaroto bolsista\u201d da Phillips Andover Academy, ingressou ainda adolescente. <\/p>\n<p>E se voc\u00ea morasse em Boston ou Cambridge nos anos 80, houve um tempo em que voc\u00ea poderia v\u00ea-los tocar cinco ou seis noites por semana. Eles mant\u00eam um culto na \u00e1rea de Boston \u2013 e na Espanha. <\/p>\n<p>\u201cEm meus agradecimentos ao livro de Springsteen, finalmente agradeci aos Del Fuegos. Isso demorou muito para acontecer\u201d, disse Warren anteriormente.<\/p>\n<p>Fechando o c\u00edrculo, ele disse esta semana que estava conversando com Springsteen no set: \u201cEu disse a ele que far\u00edamos um show de reuni\u00e3o e ele disse: &#8216;Voc\u00eas eram uma boa banda de rock and roll&#8217;\u201d.<\/p>\n<p>Encontrei metade daquela pequena banda de rock and roll para conversar sobre reuni\u00f5es, reflex\u00f5es, Espanha, Springsteen, dan\u00e7ar no escuro e trazer todos de volta para casa \u201conde a merda aconteceu\u201d. <\/p>\n<h4 class=\"wp-block-heading\" id=\"h-ld-so-tell-me-how-this-boston-show-came-together\">LD: Ent\u00e3o me conte como esse show de Boston surgiu.<\/h4>\n<p>DZ: Porque a City Winery nos ligou. N\u00f3s os temos como culpados. Al\u00e9m disso, no arco da m\u00fasica, este parece ser um bom momento para nos reunirmos. Foi muito divertido reconectar.<\/p>\n<h4 class=\"wp-block-heading\" id=\"h-the-last-time-we-talked-was-for-your-2023-east-bridgewater-reunion-that-marked-your-first-reunion-in-a-while-nbsp\"><strong>A \u00faltima vez que conversamos foi na reuni\u00e3o de 2023 em East Bridgewater. Isso marcou sua primeira reuni\u00e3o em algum tempo. <\/strong><\/h4>\n<p>DZ: Achamos que seria o \u00faltimo.<\/p>\n<h4 class=\"wp-block-heading\" id=\"h-laughs-it-must-ve-been-fun-for-you-to-want-to-do-another\"><strong>[<em>laughs<\/em>]  Deve ter sido divertido para voc\u00ea querer fazer outro.<\/strong><\/h4>\n<p>DZ: Muito divertido. Mostrou-nos que podemos entrar nisso com uma sensa\u00e7\u00e3o de prazer. N\u00e3o h\u00e1 nada em jogo. N\u00e3o precisamos provar nada. A m\u00fasica parece resistir ao teste do tempo, pelo menos para n\u00f3s.<\/p>\n<p>Vimos muitos dos nossos velhos amigos. Muitas pessoas trouxeram seus filhos \u2013 parecia comunit\u00e1rio. Eu adorei isso. Eu senti que \u00e9ramos apreciados de alguma forma, como sendo uma banda antiga no melhor sentido poss\u00edvel. \u00c9 uma honra chegar a esse lugar na vida e adorei.<\/p>\n<h4 class=\"wp-block-heading\" id=\"h-that-s-beautiful-you-guys-were-known-for-intense-shows-what-was-the-scene-like\"><strong>Isso \u00e9 lindo. Voc\u00eas eram conhecidos por shows intensos. Como foi a cena?<\/strong><\/h4>\n<p>DZ: Foi num campo atr\u00e1s de um clube social. Havia mesas e cadeiras no campo, gente no clube jogando sinuca, sorteio de carnes &#8211; n\u00e3o poderia ter sido mais perfeito. [<em>laughs<\/em>] Havia algu\u00e9m grelhando hamb\u00fargueres e cachorros-quentes pr\u00f3ximo ao palco. Ent\u00e3o a fuma\u00e7a se espalhava pelo palco.<\/p>\n<h4 class=\"wp-block-heading\" id=\"h-laughs-classic\"><strong>[<em>laughs<\/em>]  Cl\u00e1ssico.<\/strong><\/h4>\n<p>DZ: [<em>laughs<\/em>] Quando voc\u00ea tem 20 anos, voc\u00ea considera tudo garantido. Quando voc\u00ea est\u00e1 neste terceiro ato da vida, voc\u00ea n\u00e3o pode considerar nada garantido. <\/p>\n<h4 class=\"wp-block-heading\" id=\"h-so-this-will-be-the-first-time-you-ve-played-boston-since-when-2011\"><strong>Ent\u00e3o esta ser\u00e1 a primeira vez que voc\u00ea toca em Boston desde quando? 2011?<\/strong><\/h4>\n<p>DZ: N\u00e3o consigo me lembrar. 15 anos atr\u00e1s?<\/p>\n<p><em>[Warren joins the phone call]<\/em><\/p>\n<h4 class=\"wp-block-heading\" id=\"h-warren-i-was-asking-dan-about-the-last-time-you-played-boston\"><strong>Warren, eu estava perguntando ao Dan sobre a \u00faltima vez que voc\u00ea tocou em Boston.<\/strong><\/h4>\n<p>WZ: Precis\u00e3o n\u00e3o \u00e9 realmente nossa praia.<\/p>\n<h4 class=\"wp-block-heading\" id=\"h-laughs-but-long-enough-that-it-will-feel-like-an-emotional-return\"><strong>[<em>laughs<\/em>]  Mas por tempo suficiente para parecer um retorno emocional?<\/strong><\/h4>\n<p>WZ: Tocamos juntos t\u00e3o raramente que \u00e9 sempre emocionante. \u00c0 medida que voc\u00ea envelhece, voc\u00ea mergulha com mais frequ\u00eancia em seu pr\u00f3prio passado para comparar quem voc\u00ea se tornou e quem voc\u00ea era. E voltando \u00e0 m\u00fasica \u2013 n\u00e3o apenas a m\u00fasica que voc\u00ea tocou, mas a m\u00fasica que voc\u00ea <em>amado &#8211;<\/em> \u00e9 uma forma de avaliar quem voc\u00ea se tornou. <\/p>\n<p>Para a banda e para o p\u00fablico, a m\u00fasica \u00e9 a forma como voltamos a olhar para quem \u00e9ramos. E n\u00e3o h\u00e1 nada como a m\u00fasica do final da adolesc\u00eancia e in\u00edcio da idade adulta para realmente fazer essa medi\u00e7\u00e3o.<\/p>\n<h4 class=\"wp-block-heading\" id=\"h-i-love-that-i-asked-dan-about-the-east-bridgewater-reunion-how-did-that-feel\"><strong>Eu amo isso. Perguntei a Dan sobre a reuni\u00e3o de East Bridgewater. Como voc\u00ea se sentiu?<\/strong><\/h4>\n<p>WZ: Bem, eles estavam grelhando cachorro-quente o tempo todo.<\/p>\n<h4 class=\"wp-block-heading\" id=\"h-laughs-that-s-what-he-said\"><strong>[<em>laughs<\/em>]  Isso \u00e9 o que ele disse.<\/strong><\/h4>\n<p>WZ: Costum\u00e1vamos voltar dos shows e nossas roupas cheiravam a cigarro. Agora eles cheiram a cachorro-quente.<\/p>\n<p>DZ: [<em>laughs<\/em>]<\/p>\n<h4 class=\"wp-block-heading\" id=\"h-laughs-you-re-doing-two-shows-on-saturday-one-in-the-afternoon\"><strong>[<em>laughs<\/em>]  Voc\u00ea vai fazer dois shows no s\u00e1bado, um \u00e0 tarde.<\/strong><\/h4>\n<p>DZ: Quer\u00edamos que as pessoas ainda tivessem tempo de ir ao Filene&#8217;s.<\/p>\n<h4 class=\"wp-block-heading\" id=\"h-laughs-dan-you-said-you-re-doing-a-third-reunion-show-in-spain\"><strong>[<em>laughs<\/em>]  Dan, voc\u00ea disse que faria um terceiro show de reuni\u00e3o na Espanha?<\/strong><\/h4>\n<p>DZ: Um festival na Espanha nos contatou para saber se gostar\u00edamos de ir em mar\u00e7o. A Espanha sempre foi o melhor pa\u00eds para n\u00f3s. Fora dos EUA, o p\u00fablico espanhol foi incr\u00edvel. N\u00f3s nos sentimos como os Beatles indo para l\u00e1.<\/p>\n<h4 class=\"wp-block-heading\" id=\"h-laughs-that-s-awesome-i-didn-t-know-that-why-spain\"><strong>[<em>laughs<\/em>]  Isso \u00e9 incr\u00edvel. Eu n\u00e3o sabia disso. Por que Espanha?<\/strong><\/h4>\n<p>WZ: O maior lugar onde tocamos em Boston foi o Orpheum. Em Barcelona, \u200b\u200bpoder\u00edamos jogar em uma sala de tamanho semelhante. \u00c9 muito dif\u00edcil entender o porqu\u00ea &#8211; <em>por que<\/em> Espanha em particular. <\/p>\n<h4 class=\"wp-block-heading\" id=\"h-exactly-wow-dan-you-re-in-baltimore-now-warren-you-re-based-in-new-jersey-but-you-just-left-the-set-that-s-unbelievable-authors-don-t-usually-hang-out-that-much-on-set\"><strong>Exatamente. Uau. Dan, voc\u00ea est\u00e1 em Baltimore agora. Warren, voc\u00ea mora em Nova Jersey, mas acabou de sair do set. Isso \u00e9 inacredit\u00e1vel \u2013 os autores geralmente n\u00e3o passam muito tempo no set.<\/strong><\/h4>\n<p>WZ: Ouvi isso de alguns outros autores [<em>and screenwriters.<\/em>] <\/p>\n<h4 class=\"wp-block-heading\" id=\"h-most-authors-i-ve-interviewed-say-once-they-sign-the-rights-they-ll-see-it-when-it-premieres\"><strong>A maioria dos autores que entrevistei dizem que assim que assinarem os direitos, ver\u00e3o o filme quando estrear.<\/strong><\/h4>\n<p>WZ: Bem, acho que quando eles perceberam que tudo que eu estava pensando era no que estava sendo servido nos servi\u00e7os artesanais, eles perceberam que eu n\u00e3o seria um problema. <\/p>\n<p>DZ: [<em>laughs<\/em>]<\/p>\n<h4 class=\"wp-block-heading\" id=\"h-laughs-you-said-springsteen-is-also-there-almost-every-day\"><strong>[<em>laughs<\/em>]  Voc\u00ea disse que Springsteen tamb\u00e9m est\u00e1 l\u00e1 quase todos os dias.<\/strong><\/h4>\n<p>WZ: \u00c9 uma aventura realmente inesperada. Isso me d\u00e1 uma maneira totalmente nova de ver Bruce Springsteen trabalhando. Como estamos preparando um show em Del Fuegos, volto \u00e0 ideia de que o treinamento mais importante para o que acabei fazendo foi estar em Del Fuegos. Estar na banda me permitiu estar <em>muito <\/em>melhor em conversar com os Tom Pettys e Bruce Springsteens do mundo. <\/p>\n<p>Quando volto a fazer parte de uma banda, \u00e9 com mais conhecimento sobre o qu\u00e3o delicados eles s\u00e3o, o qu\u00e3o \u00fanicos eles s\u00e3o como uma microcomunidade. Eles s\u00e3o muito dif\u00edceis.<\/p>\n<h4 class=\"wp-block-heading\" id=\"h-what-was-the-hardest-part-i-know-you-talked-about-the-drug-and-alcohol-aspect-before\"><strong>Qual foi a parte mais dif\u00edcil? Eu sei que voc\u00ea falou sobre o aspecto das drogas e do \u00e1lcool antes.<\/strong><\/h4>\n<p>WZ: As bandas s\u00e3o abrangentes. Se amigos falam sobre filmes da \u00e9poca em que eu estava na banda, eu n\u00e3o conhe\u00e7o esses filmes. Meus filhos moram em dormit\u00f3rios de faculdade agora \u2013 eu nunca morei em um dormit\u00f3rio. H\u00e1 coisas que s\u00e3o consideradas fundamentais para a vida entre os 17 e os 24 anos e das quais nada sei. Isso pode ser uma perda. Dito isto, eu n\u00e3o trocaria minha experi\u00eancia.<\/p>\n<h4 class=\"wp-block-heading\" id=\"h-dan-what-was-the-hardest-part-for-you\"><strong>Dan, qual foi a parte mais dif\u00edcil para voc\u00ea?<\/strong><\/h4>\n<p>DZ: Compreendo totalmente o que Warren acabou de dizer. De certa forma, a experi\u00eancia \u00e9 t\u00e3o dif\u00edcil quanto algu\u00e9m deseja. No meu caso, acho que dificultei bastante, s\u00f3 por causa de escolhas erradas de estilo de vida. <\/p>\n<p>O que adoro: fiz isso com Warren, Tom e Woody. Eu n\u00e3o conseguia pensar em tr\u00eas pessoas com quem preferiria fazer isso. Quando olhamos para o que todo mundo fez, isso mostra o qu\u00e3o incr\u00edveis essas pessoas s\u00e3o. Tivemos coisas que sa\u00edram dos trilhos, com certeza. Mas quando penso nas pessoas com quem tive aventuras &#8211; ganhei na loteria.<\/p>\n<h4 class=\"wp-block-heading\" id=\"h-i-love-that-so-what-can-we-expect-at-the-boston-shows\"><strong>Eu amo isso. Ent\u00e3o, o que podemos esperar dos shows de Boston?<\/strong><\/h4>\n<p>DZ: Acabamos de conversar sobre isso. Quando come\u00e7amos em lugares como<a href=\"https:\/\/en.wikipedia.org\/wiki\/The_Rathskeller\"> O Rato<\/a> e Cantone&#8217;s, n\u00e3o parecia um show se as pessoas n\u00e3o dan\u00e7assem. Eu disse a Warren: \u201cVamos fazer as pessoas dan\u00e7arem!\u201d Ele disse: \u201cAcho que s\u00e3o mesas e cadeiras\u201d. Ent\u00e3o veremos. Eles podem acenar com a cabe\u00e7a educadamente.<\/p>\n<h4 class=\"wp-block-heading\" id=\"h-laughs-right\"><strong>[<em>laughs<\/em>]  Certo.<\/strong><\/h4>\n<p>DZ: Mas seja como for que se manifeste, ter uma experi\u00eancia compartilhada \u00e9 uma coisa linda.<\/p>\n<p>WZ: Mas h\u00e1 mais a dizer sobre isso: a dan\u00e7a passa por mudan\u00e7as hist\u00f3ricas, mas quando eu ia ver o Del Fuegos antes de entrar, a forma como voc\u00ea demonstrava interesse era dan\u00e7ando. Agora, algumas pessoas dan\u00e7am nos shows. Aconteceu alguma coisa, n\u00e3o sei onde, mas para os meus filhos essa dan\u00e7a n\u00e3o \u00e9 o que eles vivenciam nos shows.<\/p>\n<p>Naquela \u00e9poca, eu precisava de algumas cervejas, mas sa\u00ed para a pista de dan\u00e7a sozinho e parecia que estava tendo algum tipo de convuls\u00e3o. <\/p>\n<h4 class=\"wp-block-heading\" id=\"h-laughs-that-s-an-interesting-sociological-point\"><strong>[<em>laughs<\/em>]  Esse \u00e9 um ponto sociol\u00f3gico interessante.<\/strong><\/h4>\n<p>DZ:<em> <\/em>Claudia e eu tocamos para p\u00fablicos de todas as idades, e s\u00e3o os mais jovens que iniciam a dan\u00e7a. Isso me faz respeitar aquele sentimento infantil de que Warren est\u00e1 falando &#8211; quase uma inoc\u00eancia, a capacidade de n\u00e3o ser constrangido, o que acho que \u00e9 o que acontece comigo: fico constrangido. \u00c9 por isso que o palco \u00e9 um bom lugar.<\/p>\n<p>WZ: [<em>laughs<\/em>] Mas a grande diferen\u00e7a entre agora e aquela \u00e9poca \u00e9 que \u00e9ramos pr\u00e9-internet. Os meios para construir uma carreira local eram muito claros. Meus alunos est\u00e3o tentando fazer algo semelhante e \u00e9 principalmente baseado na web \u2013 que \u00e9 o mesmo lugar onde Elton John est\u00e1 fazendo isso.<\/p>\n<h4 class=\"wp-block-heading\" id=\"h-good-point\"><strong>Bom ponto.<\/strong><\/h4>\n<p>DZ: Nosso objetivo era jogar o m\u00e1ximo poss\u00edvel. Sentimos: quanto mais tocarmos, mais alcan\u00e7aremos as pessoas. E havia tantos lugares \u2013 pod\u00edamos tocar em Boston e Cambridge cinco, seis noites por semana.<\/p>\n<h4 class=\"wp-block-heading\" id=\"h-you-haven-t-played-boston-in-years-does-it-feel-like-you-re-bringing-it-all-back-home\"><strong>Voc\u00ea n\u00e3o toca em Boston h\u00e1 anos. Parece que voc\u00ea est\u00e1 trazendo tudo de volta para casa?<\/strong><\/h4>\n<p>WZ: A reuni\u00e3o do ano passado foi uma experi\u00eancia suburbana. Foi legal, mas havia um pouco de melancolia por n\u00e3o ter sido onde come\u00e7amos. Come\u00e7amos em Boston, tocando por cerveja. Estava bagun\u00e7ado, barulhento, cheirava a cigarro e cerveja, e voc\u00ea n\u00e3o poderia ter pedido um come\u00e7o melhor. Ir \u00e0 City Winery nos aproxima do cerne da hist\u00f3ria. N\u00e3o \u00e9 colocar um show acima do outro, \u00e9 s\u00f3 que a City Winery est\u00e1 geograficamente mais pr\u00f3xima de onde a merda aconteceu. <\/p>\n<h4 class=\"wp-block-heading\" id=\"h-that-s-exactly-it-and-i-love-that-you-were-talking-to-springsteen-about-this-reunion\"><strong>\u00c9 exatamente isso. E adorei que voc\u00ea estivesse conversando com Springsteen sobre esse reencontro.<\/strong><\/h4>\n<p>Eu disse a ele que far\u00edamos um cover de [<em>1960s Boston-based band<\/em>]<a href=\"https:\/\/en.wikipedia.org\/wiki\/The_Remains_(band)\">  Os restos mortais<\/a> capa de<a href=\"https:\/\/www.youtube.com\/watch?v=-1YD_Ejb450\"> \u201cO fim de semana solit\u00e1rio.<\/a>\u201d Bruce sabia disso porque seu empres\u00e1rio, John Landau, cresceu em Boston e era um grande f\u00e3 de Remains. Ent\u00e3o a\u00ed est\u00e1 voc\u00ea, conversando com Bruce Springsteen, sobre uma banda de Boston que abriu para os Beatles, e voc\u00ea est\u00e1 t\u00e3o envolvido na bela e densa estrutura da m\u00fasica. Ent\u00e3o, quando pego minha guitarra e come\u00e7o a examinar o material da minha antiga banda\u2014 <em>e<\/em> Acontece que estou passando um tempo com aquele cara &#8211; sinto que tudo isso faz parte de um quadro cada vez maior.    <\/p>\n<div class=\"m-block m-generic-cta\t m-generic-cta--post-content\t m-generic-cta--dark\t m-generic-cta--homepage\t m-generic-cta--email-signup\t\t m-generic-cta-block-style--default \tt-amp__generic-cta\"><\/p>\n<div class=\"m-generic-cta__wrap\">\n<div class=\"m-generic-cta__content\">\n<h3 class=\"m-generic-cta__title\">Boston.com hoje<\/h3>\n<p class=\"m-generic-cta__subtitle\">Inscreva-se para receber as \u00faltimas manchetes em sua caixa de entrada todas as manh\u00e3s.<\/p>\n<\/p><\/div>\n<\/p><\/div>\n<\/div><\/div>\n<p><script>\n\t\tvar consent=\"grant\";\n\t\t\/* The above code is parsing the JSON data from the local storage and storing it in a variable. *\/\n\t\t\t\t\tconst onetrustStorageConsent = JSON.parse(localStorage.getItem( 'consent_one_trust_bdc' ) );\n\t\t\tif ( ( onetrustStorageConsent !== null ) ) {\n\t\t\t\t\/* Checking to see if the user has consented to the use of cookies.\n\t\t\t\t* If they have not, it is deleting the cookie.\n\t\t\t\t* This will comment for now, until further notice.\n\t\t\t\t*\/\n\t\t\t\t\/\/if ( onetrustStorageConsent.C0002 === false ) {\n\t\t\t\t\/\/\tdocument.cookie=\"_fbp=;expires=Thu, 01 Jan 2010 00:00:00 UTC; path=\/; domain=.boston.com\";\n\t\t\t\t\/\/}\n\t\t\t\t\/* Checking if the user has given consent for the cookie C0002.\n\t\t\t\t* If the user has given consent, the variable consent will be set to 'grant'.\n\t\t\t\t* If the user has not given consent,the variable consent will be set to 'revoke'.\n\t\t\t\t* Documentation https:\/\/developers.facebook.com\/docs\/meta-pixel\/implementation\/gdpr\n\t\t\t\t*\/\n\t\t\t\tif ( onetrustStorageConsent.C0002 !== true ) {\n\t\t\t\t\tconsent=\"revoke\";\n\t\t\t\t}\n\t\t\t}\n\t\t\t\t!function(f,b,e,v,n,t,s)\n\t\t{if(f.fbq)return;n=f.fbq=function(){n.callMethod?\n\t\tn.callMethod.apply(n,arguments):n.queue.push(arguments)};\n\t\tif(!f._fbq)f._fbq=n;n.push=n;n.loaded=!0;n.version='2.0';\n\t\tn.queue=[];t=b.createElement(e);t.async=!0;\n\t\tt.src=v;s=b.getElementsByTagName(e)[0];\n\t\ts.parentNode.insertBefore(t,s)}(window, document,'script',\n\t\t'https:\/\/connect.facebook.net\/en_US\/fbevents.js');\n\t\tfbq('consent', consent);\n\t\tfbq('init', '989222871864976');\n\t\tfbq('track', 'PageView');\n\t<\/script><script type=\"module\">\n\t\tvar consent=\"grant\";\n\t\t\/* The above code is parsing the JSON data from the local storage and storing it in a variable. *\/\n\t\t\tconst onetrustStorageConsent = JSON.parse(localStorage.getItem( 'consent_one_trust_bdc' ) );\n\t\t\t\/* Checking to see if the user has consented to the use of cookies.\n\t\t\t* If they have not, it is deleting the cookie.\n\t\t\t* This will comment for now, until further notice.\n\t\t\t*\/\n\t\t\t\/\/if ( onetrustStorageConsent.C0002 === false ) {\n\t\t\t\/\/\tdocument.cookie=\"_fbp=;expires=Thu, 01 Jan 2010 00:00:00 UTC; path=\/; domain=.boston.com\";\n\t\t\t\/\/}\n\t\t\t\/* Checking if the user has given consent for the cookie C0002.\n\t\t\t* If the user has given consent, the variable consent will be set to 'grant'.\n\t\t\t* If the user has not given consent,the variable consent will be set to 'revoke'.\n\t\t\t* Documentation https:\/\/developers.facebook.com\/docs\/meta-pixel\/implementation\/gdpr\n\t\t\t*\/\n\t\t\tif ( ( onetrustStorageConsent !== null ) && (onetrustStorageConsent.C0002 !== true ) ) {\n\t\t\t\tconsent=\"revoke\";\n\t\t\t}\n\t\t\t\t!function(f,b,e,v,n,t,s){if(f.fbq)return;n=f.fbq=function()\n\t\t{n.callMethod? n.callMethod.apply(n,arguments):n.queue.push(arguments)}\n\t\t;if(!f._fbq)f._fbq=n;\n\t\tn.push=n;n.loaded=!0;n.version='2.0';n.queue=[];t=b.createElement(e);t.async=!0;\n\t\tt.src=v;s=b.getElementsByTagName(e)[0];s.parentNode.insertBefore(t,s)}(window,\n\t\tdocument,'script','https:\/\/connect.facebook.net\/en_US\/fbevents.js');\n\t\tfbq('consent', consent);\n\t\tfbq('init', '813236348753005');\n\t\tfbq('track', \"PageView\");\n\t<\/script><br \/>\n<br \/><br \/>\n<br \/><a href=\"https:\/\/www.boston.com\/news\/concerts\/2024\/12\/20\/the-del-fuegos-are-bringing-it-all-back-home\/\">Source link <\/a><\/p>","protected":false},"excerpt":{"rendered":"<p>Concertos Entre trabalhar na cinebiografia de Bruce Springsteen e se apresentar no Kennedy Center, os Zanes Brothers fazem dois shows de reuni\u00e3o de Del Fuegos em Boston, \u201conde o s-&hellip;<\/p>","protected":false},"author":1,"featured_media":79894,"comment_status":"closed","ping_status":"open","sticky":false,"template":"","format":"standard","meta":{"content-type":"","footnotes":""},"categories":[1],"tags":[],"class_list":["post-79893","post","type-post","status-publish","format-standard","has-post-thumbnail","hentry","category-uncategorized"],"_links":{"self":[{"href":"https:\/\/tvbrazilusa.com\/pt\/wp-json\/wp\/v2\/posts\/79893","targetHints":{"allow":["GET"]}}],"collection":[{"href":"https:\/\/tvbrazilusa.com\/pt\/wp-json\/wp\/v2\/posts"}],"about":[{"href":"https:\/\/tvbrazilusa.com\/pt\/wp-json\/wp\/v2\/types\/post"}],"author":[{"embeddable":true,"href":"https:\/\/tvbrazilusa.com\/pt\/wp-json\/wp\/v2\/users\/1"}],"replies":[{"embeddable":true,"href":"https:\/\/tvbrazilusa.com\/pt\/wp-json\/wp\/v2\/comments?post=79893"}],"version-history":[{"count":1,"href":"https:\/\/tvbrazilusa.com\/pt\/wp-json\/wp\/v2\/posts\/79893\/revisions"}],"predecessor-version":[{"id":79895,"href":"https:\/\/tvbrazilusa.com\/pt\/wp-json\/wp\/v2\/posts\/79893\/revisions\/79895"}],"wp:featuredmedia":[{"embeddable":true,"href":"https:\/\/tvbrazilusa.com\/pt\/wp-json\/wp\/v2\/media\/79894"}],"wp:attachment":[{"href":"https:\/\/tvbrazilusa.com\/pt\/wp-json\/wp\/v2\/media?parent=79893"}],"wp:term":[{"taxonomy":"category","embeddable":true,"href":"https:\/\/tvbrazilusa.com\/pt\/wp-json\/wp\/v2\/categories?post=79893"},{"taxonomy":"post_tag","embeddable":true,"href":"https:\/\/tvbrazilusa.com\/pt\/wp-json\/wp\/v2\/tags?post=79893"}],"curies":[{"name":"wp","href":"https:\/\/api.w.org\/{rel}","templated":true}]}}