{"id":79908,"date":"2024-12-20T18:12:57","date_gmt":"2024-12-20T18:12:57","guid":{"rendered":"https:\/\/tvbrazilusa.com\/2024\/12\/20\/confira-os-horarios-que-silveira-vai-poder-sair-e-voltar-para-casa\/"},"modified":"2024-12-20T18:13:03","modified_gmt":"2024-12-20T18:13:03","slug":"confira-os-horarios-que-silveira-vai-poder-sair-e-voltar-para-casa","status":"publish","type":"post","link":"https:\/\/tvbrazilusa.com\/pt\/2024\/12\/20\/confira-os-horarios-que-silveira-vai-poder-sair-e-voltar-para-casa\/","title":{"rendered":"Confira os hor\u00e1rios que Silveira vai poder sair e voltar para casa"},"content":{"rendered":"<p> <script async src=\"https:\/\/pagead2.googlesyndication.com\/pagead\/js\/adsbygoogle.js?client=ca-pub-8864793242727901\"\r\n     crossorigin=\"anonymous\"><\/script><br \/>\n<\/p>\n<div>\n<figure class=\"post-image\">\n<\/figure>\n<p>            <span style=\"font-size: 12px\">Foto: Mateus Bonomi\/Agif\/Estad\u00e3o Conte\u00fado<\/span><\/p>\n<p>            <!-- end metas --><br \/>\n            <!-- ADS --><\/p>\n<div id=\"taboola-read-more\" style=\"display:block; width:100%\">\n<p>A partir desta sexta-feira, 20, o ex-deputado Daniel Silveira vai ter hor\u00e1rios de sa\u00edda e volta para casa.\n<\/p>\n<p>O ex-deputado obteve do ministro Alexandre de Moraes, do Supremo Tribunal Federal (STF), a liberdade condicional.<\/p>\n<p>No despacho assinado pelo juiz do STF, contudo, h\u00e1 uma s\u00e9rie de restri\u00e7\u00f5es, entre elas, uma tornozeleira eletr\u00f4nica que obriga Silveira a voltar \u00e0 sua resid\u00eancia at\u00e9 as 22 horas. Depois disso, ele s\u00f3 poder\u00e1 deixar o local \u00e0s 6 horas. A medida restritiva se aplica aos fins de semana e feriados.\n<\/p>\n<p>Al\u00e9m disso, conforme estabeleceu Moraes, Silveira ter\u00e1 de prestar esclarecimentos \u00e0s segundas-feiras na comarca indicada por Moraes.\n<\/p>\n<p><strong>Restri\u00e7\u00f5es a Daniel Silveira<\/strong>\n<\/p>\n<p>Al\u00e9m da tornozeleira, dos esclarecimentos e dos hor\u00e1rios, Silveira vai ter de seguir as seguintes ordens de Moraes:\n<\/p>\n<ul>\n<li>Comprova\u00e7\u00e3o da obten\u00e7\u00e3o de ocupa\u00e7\u00e3o l\u00edcita, no prazo de 15 dias a contar da concess\u00e3o do benef\u00edcio;<\/li>\n<li>Proibi\u00e7\u00e3o de mudan\u00e7a de resid\u00eancia sem pr\u00e9via autoriza\u00e7\u00e3o desta Corte;<\/li>\n<li>Proibi\u00e7\u00e3o de utiliza\u00e7\u00e3o de redes sociais ou grupos de aplicativos de mensagens, tais como Facebook, Youtube, Instagram, LinkedIn, X, TikTok, WhatsApp, Telegram, Discord, entre outras, inclusive por meio de c\u00f4njuge, parentes e de terceiros;<\/li>\n<li>Proibi\u00e7\u00e3o de concess\u00e3o de entrevista ou manifesta\u00e7\u00f5es a qualquer \u00f3rg\u00e3o de imprensa, blog, site ou rede social, sem pr\u00e9via autoriza\u00e7\u00e3o judicial, inclusive por meio de c\u00f4njuge, parentes e de terceiros;<\/li>\n<li>Proibi\u00e7\u00e3o de frequ\u00eancia a clubes de tiro, bares, boates e casas de jogos;<\/li>\n<li>Proibi\u00e7\u00e3o de frequ\u00eancia e participa\u00e7\u00e3o em cerim\u00f4nias, festas ou homenagens realizadas em unidades militares das For\u00e7as Armadas ou das Pol\u00edcias Federal, Rodovi\u00e1ria Federal, Militar, Civil, Penal, Legislativa e Judicial, ou ainda, de Guardas Civis;<\/li>\n<li>Veda\u00e7\u00e3o de posse ou porte de qualquer arma de fogo;<\/li>\n<li>Manuten\u00e7\u00e3o da suspens\u00e3o do passaporte, proibindo-se, ainda, a obten\u00e7\u00e3o de novo documento.<\/li>\n<\/ul>\n<p>Fonte: Revista Oeste              <\/p>\n<\/div>\n<p>                        <!-- Scripts para conteudo --><\/p>\n<p>            <!-- .\/Scripts para conteudo --><br \/>\n            <!-- .\/Mat\u00e9ria --><\/p>\n<div class=\"row mt-3\">\n<div class=\"col-sm-6\">\n                <!-- Whatsapp channel 3--><br \/>\n                <a href=\"https:\/\/chat.whatsapp.com\/J6hwSKYns5B0XFowx2wZ0P\" target=\"_blank\"><br \/>\n                  <img decoding=\"async\" src=\"https:\/\/diariodobrasilnoticias.com.br\/assets-site\/images\/bot_whatsapp.png\"\/><\/a>\n              <\/div>\n<div class=\"col-sm-6\">\n                <a href=\"https:\/\/t.me\/+_4gTmi5LKo03OTM5\" target=\"_blank\"><br \/>\n                  <img decoding=\"async\" src=\"https:\/\/diariodobrasilnoticias.com.br\/assets-site\/images\/bot_telegram.png\"\/><\/a>\n              <\/div>\n<\/p><\/div>\n<p>            <!-- end post-navigation --><\/p>\n<p>              <!-- end row --><\/p>\n<p>              <!-- end col-12-->\n                      <\/div>\n<p><br \/>\n<br \/><a href=\"https:\/\/diariodobrasilnoticias.com.br\/noticia\/confira-os-horarios-que-silveira-vai-poder-sair-e-voltar-para-casa-676586722fb1d\">Source link <\/a><\/p>","protected":false},"excerpt":{"rendered":"<p>Foto: Mateus Bonomi\/Agif\/Estad\u00e3o Conte\u00fado A partir desta sexta-feira, 20, o ex-deputado Daniel Silveira vai ter hor\u00e1rios de sa\u00edda e volta para casa. O ex-deputado obteve do ministro Alexandre de Moraes,&hellip;<\/p>","protected":false},"author":1,"featured_media":79909,"comment_status":"closed","ping_status":"open","sticky":false,"template":"","format":"standard","meta":{"content-type":"","footnotes":""},"categories":[16],"tags":[123,2448,5313,1267],"class_list":["post-79908","post","type-post","status-publish","format-standard","has-post-thumbnail","hentry","category-noticias","tag-brasil","tag-diario","tag-noticia","tag-noticias"],"_links":{"self":[{"href":"https:\/\/tvbrazilusa.com\/pt\/wp-json\/wp\/v2\/posts\/79908","targetHints":{"allow":["GET"]}}],"collection":[{"href":"https:\/\/tvbrazilusa.com\/pt\/wp-json\/wp\/v2\/posts"}],"about":[{"href":"https:\/\/tvbrazilusa.com\/pt\/wp-json\/wp\/v2\/types\/post"}],"author":[{"embeddable":true,"href":"https:\/\/tvbrazilusa.com\/pt\/wp-json\/wp\/v2\/users\/1"}],"replies":[{"embeddable":true,"href":"https:\/\/tvbrazilusa.com\/pt\/wp-json\/wp\/v2\/comments?post=79908"}],"version-history":[{"count":1,"href":"https:\/\/tvbrazilusa.com\/pt\/wp-json\/wp\/v2\/posts\/79908\/revisions"}],"predecessor-version":[{"id":79910,"href":"https:\/\/tvbrazilusa.com\/pt\/wp-json\/wp\/v2\/posts\/79908\/revisions\/79910"}],"wp:featuredmedia":[{"embeddable":true,"href":"https:\/\/tvbrazilusa.com\/pt\/wp-json\/wp\/v2\/media\/79909"}],"wp:attachment":[{"href":"https:\/\/tvbrazilusa.com\/pt\/wp-json\/wp\/v2\/media?parent=79908"}],"wp:term":[{"taxonomy":"category","embeddable":true,"href":"https:\/\/tvbrazilusa.com\/pt\/wp-json\/wp\/v2\/categories?post=79908"},{"taxonomy":"post_tag","embeddable":true,"href":"https:\/\/tvbrazilusa.com\/pt\/wp-json\/wp\/v2\/tags?post=79908"}],"curies":[{"name":"wp","href":"https:\/\/api.w.org\/{rel}","templated":true}]}}