{"id":79913,"date":"2024-12-20T18:10:41","date_gmt":"2024-12-20T18:10:41","guid":{"rendered":"https:\/\/tvbrazilusa.com\/2024\/12\/20\/taylor-hall-e-nick-foligno-refletem-sobre-a-temporada-recorde-dos-bruins-deviamos-ter-vencido-uma-copa\/"},"modified":"2024-12-20T18:18:12","modified_gmt":"2024-12-20T18:18:12","slug":"taylor-hall-e-nick-foligno-refletem-sobre-a-temporada-recorde-dos-bruins-deviamos-ter-vencido-uma-copa","status":"publish","type":"post","link":"https:\/\/tvbrazilusa.com\/pt\/2024\/12\/20\/taylor-hall-e-nick-foligno-refletem-sobre-a-temporada-recorde-dos-bruins-deviamos-ter-vencido-uma-copa\/","title":{"rendered":"Taylor Hall e Nick Foligno refletem sobre a temporada recorde dos Bruins: &#8216;Dev\u00edamos ter vencido uma Copa&#8217;"},"content":{"rendered":"<p> <script async src=\"https:\/\/pagead2.googlesyndication.com\/pagead\/js\/adsbygoogle.js?client=ca-pub-8864793242727901\"\r\n     crossorigin=\"anonymous\"><\/script><br \/>\n<\/p>\n<div id=\"\">\n<header class=\"m-article-header m-article-header--standard\">\n\t\t\t\t\t\t\t\t\t\t\t\t<span id=\"article-header-primary-term\"><br \/>\n\t\t\t\t\t\t\t\t<a class=\"a-term a-term--primary\" href=\"https:\/\/www.boston.com\/tag\/boston-bruins\/\"><\/p>\n<p>\t\t\t\t\t\t\t\tBruins\t\t\t\t\t\t\t\t<\/a><br \/>\n\t\t\t\t\t\t\t<\/span><\/p>\n<h2 class=\"m-article-header__sub-headline\">&#8220;&#8216;Deus, n\u00f3s tivemos algo [expletive] especial l\u00e1. \u00c9 simplesmente decepcionante que voc\u00ea n\u00e3o consiga fazer isso.\u201d<\/h2>\n<figure class=\"a-photo m-article-header__photo\"><figcaption class=\"a-photo__caption\">\n<p>\tTaylor Hall e Nick Foligno foram pe\u00e7as-chave no 2022-23 Bruins. <em> AP Foto\/Michael Dwyer<\/em>\t<\/figcaption><\/figure>\n<div class=\"m-article-header__meta\">\n<div class=\"m-article-header__byline\">\n<p class=\"m-article-header__author\">\n<p>\t\t\t\t\t\t\t\tPor <a class=\"a-link a-link--inline\" href=\"https:\/\/www.boston.com\/author\/conor-ryan\/\">Conor Ryan<\/a>\t\t\t\t\t\t\t<\/p>\n<p>\t\t\t\t\t\t\t\t\t\t\t\t\t\t\t<time class=\"m-article-header__date\"><\/p>\n<p>\t\t\t\t\t\t\t\t\t20 de dezembro de 2024 | 13h10\t\t\t\t\t\t\t\t<\/time><\/p>\n<p><span>3 minutos para ler<\/span><\/p>\n<\/p><\/div>\n<\/p><\/div>\n<\/header>\n<p>Tanto Taylor Hall quanto Nick Foligno agora vestem su\u00e9teres vermelhos e brancos como l\u00edderes veteranos em uma escala\u00e7\u00e3o em reconstru\u00e7\u00e3o dos Blackhawks.<\/p>\n<p>Mas os dois atacantes admitiram que ainda est\u00e3o assombrados pelo impressionante colapso dos Bruins no primeiro turno contra os Panteras durante a temporada recorde de 2022-23. <\/p>\n<p>\u201cSim, n\u00f3s [expletive] isso\u201d, disse Hall a DJ Bean e Pete Blackburn durante uma entrevista no <a href=\"https:\/\/www.youtube.com\/watch?v=_L7swXBbH-Q&#038;t=1053s\" target=\"_blank\" rel=\"noreferrer noopener\">\u201cQue caos!\u201d podcast. <\/a><\/p>\n<p>\u201cSim, estou t\u00e3o chateado\u201d, observou Foligno, acrescentando: \u201cConversamos sobre isso porque outra noite, quando tocamos [Boston on Dec. 4]todos n\u00f3s entramos no corredor depois, porque havia muitos caras do nosso time que jogaram em Boston. <\/p>\n<p>\u201cEnt\u00e3o foi como uma grande reuni\u00e3o e todos n\u00f3s sa\u00edmos tipo, &#8216;Deus, tivemos algo [expletive] especial l\u00e1. \u00c9 simplesmente decepcionante que voc\u00ea n\u00e3o consiga fazer isso.\u201d<\/p>\n<p>Junto com Hall e Foligno, Tyler Bertuzzi e Craig Smith tamb\u00e9m contribu\u00edram para o time de Boston de 2022-23, que agora joga pelo Chicago. <\/p>\n<p>Embora o elenco do Boston naquela temporada fosse ancorado por talentos da franquia como Patrice Bergeron, David Krejci, Brad Marchand, David Pastrnak e Charlie McAvoy, os Bruins reescreveram o livro dos recordes gra\u00e7as a uma escala\u00e7\u00e3o profunda e um perigoso soco 1-2 na rede entre o Trof\u00e9u Vezina o vencedor Linus Ullmark e Jeremy Swayman. <\/p>\n<p>\u201cAgora voc\u00ea est\u00e1 afastado disso e pensa: &#8216;Cara, dever\u00edamos ter ganhado uma Copa&#8217;\u201d, disse Hall. \u00c9 uma pena. <\/p>\n<p>Os Bruins de 2022-23 foram uma for\u00e7a durante toda a temporada, come\u00e7ando por 20-3-0 no in\u00edcio de dezembro. <\/p>\n<p>Boston terminou o ano com um recorde de 65-12-5 \u2013 estabelecendo um novo recorde da NHL para o maior n\u00famero de vit\u00f3rias (65) e pontos (135) garantidos em uma \u00fanica temporada. <\/p>\n<p>Os Bruins ficaram em primeiro lugar na liga naquela temporada em gols permitidos por jogo (2,12) e em segundo em gols marcados por jogo (3,67), ao mesmo tempo em que apresentavam o p\u00eanalti mais bem classificado (87,3 por cento) e o 12\u00ba power play. <\/p>\n<p>Pastrnak liderou com 61 gols e 113 pontos, mas Boston ostentava 14 patinadores diferentes que registraram pelo menos 20 pontos \u2013 enquanto Ullmark (0,938 porcentagem de defesas) e Swayman (0,920) se uniram para seis derrotas. <\/p>\n<p>Adicione atacantes de impacto como Hall colocado em uma fun\u00e7\u00e3o de terceira linha e Boston refor\u00e7ando ainda mais seu elenco ao adquirir Bertuzzi, Dmitry Orlov e Garnett Hathaway antes do prazo final de negocia\u00e7\u00e3o da NHL \u2013 e os Bruins se sentiram como um time do destino indo para a p\u00f3s-temporada.<\/p>\n<p>Mas o suposto caminho de Boston em dire\u00e7\u00e3o a outra Copa Stanley foi destru\u00eddo em pouco tempo contra os Panteras, oitavo colocado. <\/p>\n<p>Apesar de ter uma vantagem de 3-1 na s\u00e9rie contra a Fl\u00f3rida, os Bruins perderam para os Panthers na prorroga\u00e7\u00e3o no jogo 5, implodiram defensivamente na derrota por 7-5 no jogo 6 e depois n\u00e3o conseguiram proteger a vantagem no \u00faltimo minuto a caminho de um jogo esmagador. Perda de 7 horas extras na Causeway Street. <\/p>\n<p>Embora Hall tenha sido r\u00e1pido em creditar os Panteras por serem um time subestimado com o oitavo colocado, tanto ele quanto Foligno lamentaram os saltos que n\u00e3o aconteceram em tempos dif\u00edceis. <\/p>\n<p>\u201cJogo 5, n\u00f3s os superamos [47 to 25]\u201d, disse Hall. \u201cEles venceram na prorroga\u00e7\u00e3o com um salto ruim. Como se Linus jogasse mal um disco. Ele \u00e9 um \u00f3timo manipulador de discos. Eu n\u00e3o sei, cara.<\/p>\n<figure class=\"wp-block-embed is-type-video is-provider-youtube wp-block-embed-youtube wp-embed-aspect-16-9 wp-has-aspect-ratio\">\n<p>\n<iframe title=\"Matthew Tkachuk Scores OT-Winner To Keep Panthers Season Alive After BRUTAL Linus Ullmark Giveaway\" width=\"1170\" height=\"658\" src=\"https:\/\/www.youtube.com\/embed\/noWhoIlklSQ?feature=oembed\" frameborder=\"0\" allow=\"accelerometer; autoplay; clipboard-write; encrypted-media; gyroscope; picture-in-picture; web-share\" referrerpolicy=\"strict-origin-when-cross-origin\" allowfullscreen><\/iframe>\n<\/p>\n<\/figure>\n<p>\u201c[Bergeron] bloqueia uma caneleira, direto na fita\u201d, disse Foligno sobre o empate de Brandon Montour no jogo 7. \u201cTipo\u2026 Esses s\u00e3o os saltos no h\u00f3quei. Mas \u00e9 como, [expletive]. Isso \u00e9 uma loucura. Acho que nenhum de n\u00f3s alguma vez pensou &#8211; talvez a culpa seja essa. Como se pens\u00e1ssemos que conseguir\u00edamos fazer isso. <\/p>\n<p>Embora Boston tenha conseguido outra temporada impressionante em 2023-24 (47-20-15), a elimina\u00e7\u00e3o no primeiro turno contra a Fl\u00f3rida teve ramifica\u00e7\u00f5es importantes. <\/p>\n<p>Al\u00e9m da dor de deixar escapar a melhor chance de uma Copa da franquia, os Bruins tamb\u00e9m viram Bergeron e Krejci se aposentarem no final da campanha de 2022-23.<\/p>\n<p>Uma esperada crise de limite tamb\u00e9m fez com que Boston trocasse ou deixasse Hall, Foligno, Bertuzzi, Orlov, Hathaway e v\u00e1rios outros jogadores naquela entressafra. <\/p>\n<p>\u201cA primeira rodada \u00e9 a mais dif\u00edcil\u201d, disse Foligno. \u201c\u00c9 s\u00f3 porque qualquer time sente que pode vencer, como se voc\u00ea pudesse vencer. Voc\u00ea se prepara psicologicamente. Eu estive do outro lado onde venci Tampa [in 2019] e voc\u00ea [have] n\u00e3o adianta venc\u00ea-los tamb\u00e9m, certo? <\/p>\n<p>Mas nossa equipe era muito boa e voc\u00ea pensava, &#8216;Tudo bem, vamos fazer isso.&#8217; E ent\u00e3o, sim, acho que essa \u00e9 a parte mais dif\u00edcil, e simplesmente n\u00e3o conseguimos.\u201d<\/p>\n<div class=\"o-author-single has-avatar\">\n<header class=\"m-author-card\">\n<div class=\"a-image a-image--square m-author-card__image\">\n\t\t<img decoding=\"async\" class=\"\" src=\"https:\/\/www.boston.com\/wp-content\/uploads\/2023\/05\/Headshot_Conor-645c0406ed6cb-scaled.jpg\" alt=\"Imagem do perfil de Conor Ryan\"\/>\t<\/div>\n<\/header>\n<section class=\"author-info\">\n<div class=\"m-author__section\">\n<p>Conor Ryan \u00e9 redator da equipe que cobre Bruins, Celtics, Patriots e Red Sox para Boston.com, fun\u00e7\u00e3o que ocupa desde 2023.<\/p>\n<\/div>\n<\/section>\n<\/div>\n<div class=\"m-block m-generic-cta\t m-generic-cta--post-content\t m-generic-cta--dark\t m-generic-cta--homepage\t m-generic-cta--email-signup\t\t m-generic-cta-block-style--default \tt-amp__generic-cta\"><\/p>\n<div class=\"m-generic-cta__wrap\">\n<div class=\"m-generic-cta__content\">\n<h3 class=\"m-generic-cta__title\">Inscreva-se para receber atualiza\u00e7\u00f5es do Bruins\ud83c\udfd2 <\/h3>\n<p class=\"m-generic-cta__subtitle\">Receba as \u00faltimas not\u00edcias e an\u00e1lises em sua caixa de entrada durante a temporada de h\u00f3quei.<\/p>\n<\/p><\/div>\n<\/p><\/div>\n<\/div><\/div>\n<p><script>\n\t\tvar consent=\"grant\";\n\t\t\/* The above code is parsing the JSON data from the local storage and storing it in a variable. *\/\n\t\t\t\t\tconst onetrustStorageConsent = JSON.parse(localStorage.getItem( 'consent_one_trust_bdc' ) );\n\t\t\tif ( ( onetrustStorageConsent !== null ) ) {\n\t\t\t\t\/* Checking to see if the user has consented to the use of cookies.\n\t\t\t\t* If they have not, it is deleting the cookie.\n\t\t\t\t* This will comment for now, until further notice.\n\t\t\t\t*\/\n\t\t\t\t\/\/if ( onetrustStorageConsent.C0002 === false ) {\n\t\t\t\t\/\/\tdocument.cookie=\"_fbp=;expires=Thu, 01 Jan 2010 00:00:00 UTC; path=\/; domain=.boston.com\";\n\t\t\t\t\/\/}\n\t\t\t\t\/* Checking if the user has given consent for the cookie C0002.\n\t\t\t\t* If the user has given consent, the variable consent will be set to 'grant'.\n\t\t\t\t* If the user has not given consent,the variable consent will be set to 'revoke'.\n\t\t\t\t* Documentation https:\/\/developers.facebook.com\/docs\/meta-pixel\/implementation\/gdpr\n\t\t\t\t*\/\n\t\t\t\tif ( onetrustStorageConsent.C0002 !== true ) {\n\t\t\t\t\tconsent=\"revoke\";\n\t\t\t\t}\n\t\t\t}\n\t\t\t\t!function(f,b,e,v,n,t,s)\n\t\t{if(f.fbq)return;n=f.fbq=function(){n.callMethod?\n\t\tn.callMethod.apply(n,arguments):n.queue.push(arguments)};\n\t\tif(!f._fbq)f._fbq=n;n.push=n;n.loaded=!0;n.version='2.0';\n\t\tn.queue=[];t=b.createElement(e);t.async=!0;\n\t\tt.src=v;s=b.getElementsByTagName(e)[0];\n\t\ts.parentNode.insertBefore(t,s)}(window, document,'script',\n\t\t'https:\/\/connect.facebook.net\/en_US\/fbevents.js');\n\t\tfbq('consent', consent);\n\t\tfbq('init', '989222871864976');\n\t\tfbq('track', 'PageView');\n\t<\/script><script type=\"module\">\n\t\tvar consent=\"grant\";\n\t\t\/* The above code is parsing the JSON data from the local storage and storing it in a variable. *\/\n\t\t\tconst onetrustStorageConsent = JSON.parse(localStorage.getItem( 'consent_one_trust_bdc' ) );\n\t\t\t\/* Checking to see if the user has consented to the use of cookies.\n\t\t\t* If they have not, it is deleting the cookie.\n\t\t\t* This will comment for now, until further notice.\n\t\t\t*\/\n\t\t\t\/\/if ( onetrustStorageConsent.C0002 === false ) {\n\t\t\t\/\/\tdocument.cookie=\"_fbp=;expires=Thu, 01 Jan 2010 00:00:00 UTC; path=\/; domain=.boston.com\";\n\t\t\t\/\/}\n\t\t\t\/* Checking if the user has given consent for the cookie C0002.\n\t\t\t* If the user has given consent, the variable consent will be set to 'grant'.\n\t\t\t* If the user has not given consent,the variable consent will be set to 'revoke'.\n\t\t\t* Documentation https:\/\/developers.facebook.com\/docs\/meta-pixel\/implementation\/gdpr\n\t\t\t*\/\n\t\t\tif ( ( onetrustStorageConsent !== null ) && (onetrustStorageConsent.C0002 !== true ) ) {\n\t\t\t\tconsent=\"revoke\";\n\t\t\t}\n\t\t\t\t!function(f,b,e,v,n,t,s){if(f.fbq)return;n=f.fbq=function()\n\t\t{n.callMethod? n.callMethod.apply(n,arguments):n.queue.push(arguments)}\n\t\t;if(!f._fbq)f._fbq=n;\n\t\tn.push=n;n.loaded=!0;n.version='2.0';n.queue=[];t=b.createElement(e);t.async=!0;\n\t\tt.src=v;s=b.getElementsByTagName(e)[0];s.parentNode.insertBefore(t,s)}(window,\n\t\tdocument,'script','https:\/\/connect.facebook.net\/en_US\/fbevents.js');\n\t\tfbq('consent', consent);\n\t\tfbq('init', '813236348753005');\n\t\tfbq('track', \"PageView\");\n\t<\/script><br \/>\n<br \/><br \/>\n<br \/><a href=\"https:\/\/www.boston.com\/sports\/boston-bruins\/2024\/12\/20\/bruins-taylor-hall-nick-foligno-blackhawks\/\">Source link <\/a><\/p>","protected":false},"excerpt":{"rendered":"<p>Bruins &#8220;&#8216;Deus, n\u00f3s tivemos algo [expletive] especial l\u00e1. \u00c9 simplesmente decepcionante que voc\u00ea n\u00e3o consiga fazer isso.\u201d Taylor Hall e Nick Foligno foram pe\u00e7as-chave no 2022-23 Bruins. AP Foto\/Michael Dwyer&hellip;<\/p>","protected":false},"author":1,"featured_media":79914,"comment_status":"closed","ping_status":"open","sticky":false,"template":"","format":"standard","meta":{"content-type":"","footnotes":""},"categories":[1],"tags":[],"class_list":["post-79913","post","type-post","status-publish","format-standard","has-post-thumbnail","hentry","category-uncategorized"],"_links":{"self":[{"href":"https:\/\/tvbrazilusa.com\/pt\/wp-json\/wp\/v2\/posts\/79913","targetHints":{"allow":["GET"]}}],"collection":[{"href":"https:\/\/tvbrazilusa.com\/pt\/wp-json\/wp\/v2\/posts"}],"about":[{"href":"https:\/\/tvbrazilusa.com\/pt\/wp-json\/wp\/v2\/types\/post"}],"author":[{"embeddable":true,"href":"https:\/\/tvbrazilusa.com\/pt\/wp-json\/wp\/v2\/users\/1"}],"replies":[{"embeddable":true,"href":"https:\/\/tvbrazilusa.com\/pt\/wp-json\/wp\/v2\/comments?post=79913"}],"version-history":[{"count":1,"href":"https:\/\/tvbrazilusa.com\/pt\/wp-json\/wp\/v2\/posts\/79913\/revisions"}],"predecessor-version":[{"id":79915,"href":"https:\/\/tvbrazilusa.com\/pt\/wp-json\/wp\/v2\/posts\/79913\/revisions\/79915"}],"wp:featuredmedia":[{"embeddable":true,"href":"https:\/\/tvbrazilusa.com\/pt\/wp-json\/wp\/v2\/media\/79914"}],"wp:attachment":[{"href":"https:\/\/tvbrazilusa.com\/pt\/wp-json\/wp\/v2\/media?parent=79913"}],"wp:term":[{"taxonomy":"category","embeddable":true,"href":"https:\/\/tvbrazilusa.com\/pt\/wp-json\/wp\/v2\/categories?post=79913"},{"taxonomy":"post_tag","embeddable":true,"href":"https:\/\/tvbrazilusa.com\/pt\/wp-json\/wp\/v2\/tags?post=79913"}],"curies":[{"name":"wp","href":"https:\/\/api.w.org\/{rel}","templated":true}]}}