{"id":80013,"date":"2024-12-20T20:56:47","date_gmt":"2024-12-20T20:56:47","guid":{"rendered":"https:\/\/tvbrazilusa.com\/2024\/12\/20\/menino-15-anos-culpado-de-assassinato-em-tiroteio-fatal-na-feira-do-condado-brodsky\/"},"modified":"2024-12-20T21:01:47","modified_gmt":"2024-12-20T21:01:47","slug":"menino-15-anos-culpado-de-assassinato-em-tiroteio-fatal-na-feira-do-condado-brodsky","status":"publish","type":"post","link":"https:\/\/tvbrazilusa.com\/pt\/2024\/12\/20\/menino-15-anos-culpado-de-assassinato-em-tiroteio-fatal-na-feira-do-condado-brodsky\/","title":{"rendered":"Menino, 15 anos, culpado de assassinato em tiroteio fatal na feira do condado: Brodsky"},"content":{"rendered":"<p> <script async src=\"https:\/\/pagead2.googlesyndication.com\/pagead\/js\/adsbygoogle.js?client=ca-pub-8864793242727901\"\r\n     crossorigin=\"anonymous\"><\/script><br \/>\n<\/p>\n<div>\n<p>DESOTO COUNTY, FL \u2013 Um jovem de 15 anos foi considerado culpado de acusa\u00e7\u00f5es relacionadas \u00e0 morte a tiros de outro adolescente na Feira do Condado de DeSoto no ano passado.<\/p>\n<\/div>\n<div>\n<p>Ryan Artese Watson Jr. foi condenado na quinta-feira por assassinato em segundo grau com arma de fogo e porte de arma escondida ap\u00f3s um julgamento de quatro dias com j\u00fari no Tribunal do Condado de DeSoto, de acordo com um comunicado \u00e0 imprensa do gabinete do procurador estadual Ed Brodsky. <\/p>\n<p>Os crimes acarretam pena m\u00e1xima poss\u00edvel de 25 anos a pris\u00e3o perp\u00e9tua, com pena m\u00ednima obrigat\u00f3ria de 25 anos. <\/p>\n<\/div>\n<div>\n<hr\/>\n<p><strong>Hist\u00f3rias relacionadas:<\/strong><strong\/><\/p>\n<hr\/>\n<p>Watson, que foi julgado como adulto, ser\u00e1 sentenciado em 10 de fevereiro.<\/p>\n<\/div>\n<div>\n<p>A v\u00edtima, Danny Rodriguez Lopez, foi morto a tiros ap\u00f3s o in\u00edcio de uma briga em 4 de fevereiro de 2023, na feira do condado. <\/p>\n<p>\u201cEsta foi uma situa\u00e7\u00e3o infeliz envolvendo dois jovens na Feira do Condado de DeSoto. A vida de ambas as fam\u00edlias mudou para sempre\u201d, disse Cliff Ramey, procurador-assistente do estado. \u201cEstamos satisfeitos com o veredicto e a justi\u00e7a foi feita para a fam\u00edlia da v\u00edtima.\u201d<\/p>\n<\/div>\n<p><br \/>\n<br \/><a href=\"http:\/\/patch.com\/florida\/newportrichey\/boy-15-guilty-murder-fatal-county-fair-shooting-brodsky?utm_source=article-mostrecent&#038;utm_medium=rss&#038;utm_term=crime%20%26%20safety&#038;utm_campaign=recirc&#038;utm_content=aol\">Source link <\/a><\/p>","protected":false},"excerpt":{"rendered":"<p>DESOTO COUNTY, FL \u2013 Um jovem de 15 anos foi considerado culpado de acusa\u00e7\u00f5es relacionadas \u00e0 morte a tiros de outro adolescente na Feira do Condado de DeSoto no ano&hellip;<\/p>","protected":false},"author":1,"featured_media":80014,"comment_status":"closed","ping_status":"open","sticky":false,"template":"","format":"standard","meta":{"content-type":"","footnotes":""},"categories":[1],"tags":[],"class_list":["post-80013","post","type-post","status-publish","format-standard","has-post-thumbnail","hentry","category-uncategorized"],"_links":{"self":[{"href":"https:\/\/tvbrazilusa.com\/pt\/wp-json\/wp\/v2\/posts\/80013","targetHints":{"allow":["GET"]}}],"collection":[{"href":"https:\/\/tvbrazilusa.com\/pt\/wp-json\/wp\/v2\/posts"}],"about":[{"href":"https:\/\/tvbrazilusa.com\/pt\/wp-json\/wp\/v2\/types\/post"}],"author":[{"embeddable":true,"href":"https:\/\/tvbrazilusa.com\/pt\/wp-json\/wp\/v2\/users\/1"}],"replies":[{"embeddable":true,"href":"https:\/\/tvbrazilusa.com\/pt\/wp-json\/wp\/v2\/comments?post=80013"}],"version-history":[{"count":1,"href":"https:\/\/tvbrazilusa.com\/pt\/wp-json\/wp\/v2\/posts\/80013\/revisions"}],"predecessor-version":[{"id":80015,"href":"https:\/\/tvbrazilusa.com\/pt\/wp-json\/wp\/v2\/posts\/80013\/revisions\/80015"}],"wp:featuredmedia":[{"embeddable":true,"href":"https:\/\/tvbrazilusa.com\/pt\/wp-json\/wp\/v2\/media\/80014"}],"wp:attachment":[{"href":"https:\/\/tvbrazilusa.com\/pt\/wp-json\/wp\/v2\/media?parent=80013"}],"wp:term":[{"taxonomy":"category","embeddable":true,"href":"https:\/\/tvbrazilusa.com\/pt\/wp-json\/wp\/v2\/categories?post=80013"},{"taxonomy":"post_tag","embeddable":true,"href":"https:\/\/tvbrazilusa.com\/pt\/wp-json\/wp\/v2\/tags?post=80013"}],"curies":[{"name":"wp","href":"https:\/\/api.w.org\/{rel}","templated":true}]}}