{"id":80025,"date":"2024-12-20T21:22:34","date_gmt":"2024-12-20T21:22:34","guid":{"rendered":"https:\/\/tvbrazilusa.com\/2024\/12\/20\/lira-afirma-a-aliados-que-a-gestao-lula-precisa-de-uma-reforma-ministerial\/"},"modified":"2024-12-20T21:22:35","modified_gmt":"2024-12-20T21:22:35","slug":"lira-afirma-a-aliados-que-a-gestao-lula-precisa-de-uma-reforma-ministerial","status":"publish","type":"post","link":"https:\/\/tvbrazilusa.com\/pt\/2024\/12\/20\/lira-afirma-a-aliados-que-a-gestao-lula-precisa-de-uma-reforma-ministerial\/","title":{"rendered":"Lira afirma a aliados que a gest\u00e3o Lula precisa de uma reforma ministerial"},"content":{"rendered":"<p> <script async src=\"https:\/\/pagead2.googlesyndication.com\/pagead\/js\/adsbygoogle.js?client=ca-pub-8864793242727901\"\r\n     crossorigin=\"anonymous\"><\/script><br \/>\n<\/p>\n<div id=\"taboola-read-more\" style=\"display:block; width:100%\">\n<p>A poucas semanas de encerrar o mandato como presidente da C\u00e2mara dos Deputados, Arthur Lira (PP-AL) vem dizendo a aliados que o governo precisa fazer ajustes e encaminhar uma reforma ministerial no pr\u00f3ximo ano. A figuras pr\u00f3ximas, ele diz acreditar que h\u00e1 um desequil\u00edbrio na balan\u00e7a de representa\u00e7\u00e3o na Esplanada dos Minist\u00e9rios e que o governo precisa se entender melhor.\n<\/p>\n<p>Figuras do entorno de Lira at\u00e9 apresentam um argumento repetido por ele: o PT, que tem representa\u00e7\u00e3o de cerca de 16% na C\u00e2mara dos Deputados, controla 80% dos recursos sob tutela das pastas. Na leitura do presidente da C\u00e2mara, de acordo com esses interlocutores, at\u00e9 a propor\u00e7\u00e3o de cargos entre legendas do Centr\u00e3o est\u00e1 descompensada.<\/p>\n<p>Para Lira, segundo dizem esses aliados, algumas legendas do Centr\u00e3o estariam com ministros demais enquanto outras estariam sub-representadas. O presidente da C\u00e2mara, ainda segundo figuras pr\u00f3ximas, tamb\u00e9m cr\u00ea que a reforma serviria para acomodar o clima ruim que paira na Casa, manifesto por outros deputados nas \u00faltimas semanas.\n<\/p>\n<p>De acordo com esse entendimento, parte dessa insatisfa\u00e7\u00e3o entre os congressistas se d\u00e1 em raz\u00e3o da maior aus\u00eancia do presidente Luiz In\u00e1cio Lula da Silva (PT) no di\u00e1logo e no tratamento com l\u00edderes da C\u00e2mara e com demais parlamentares em compara\u00e7\u00e3o com gest\u00e3o anteriores do petista.\n<\/p>\n<p>A figuras do entorno, Lira diz que ap\u00f3s o fim de seu mandato como presidente da C\u00e2mara voltar\u00e1 ao seu gabinete de deputado e ter\u00e1 como foco destravar as burocracias para formar uma federa\u00e7\u00e3o entre Uni\u00e3o Brasil, PP e Republicanos. Se esse grupo se consolidar, a bancada seria composta por 153 deputados e 17 senadores, tendo maioria nas duas Casas do Congresso.\n<\/p>\n<p>Fonte: Pleno News              <\/p>\n<\/div>\n<p><br \/>\n<br \/><a href=\"https:\/\/diariodobrasilnoticias.com.br\/noticia\/lira-afirma-a-aliados-que-a-gestao-lula-precisa-de-uma-reforma-ministerial-6765b99ab8b42\">Source link <\/a><\/p>","protected":false},"excerpt":{"rendered":"<p>A poucas semanas de encerrar o mandato como presidente da C\u00e2mara dos Deputados, Arthur Lira (PP-AL) vem dizendo a aliados que o governo precisa fazer ajustes e encaminhar uma reforma&hellip;<\/p>","protected":false},"author":1,"featured_media":80026,"comment_status":"closed","ping_status":"open","sticky":false,"template":"","format":"standard","meta":{"content-type":"","footnotes":""},"categories":[16],"tags":[123,2448,5313,1267],"class_list":["post-80025","post","type-post","status-publish","format-standard","has-post-thumbnail","hentry","category-noticias","tag-brasil","tag-diario","tag-noticia","tag-noticias"],"_links":{"self":[{"href":"https:\/\/tvbrazilusa.com\/pt\/wp-json\/wp\/v2\/posts\/80025","targetHints":{"allow":["GET"]}}],"collection":[{"href":"https:\/\/tvbrazilusa.com\/pt\/wp-json\/wp\/v2\/posts"}],"about":[{"href":"https:\/\/tvbrazilusa.com\/pt\/wp-json\/wp\/v2\/types\/post"}],"author":[{"embeddable":true,"href":"https:\/\/tvbrazilusa.com\/pt\/wp-json\/wp\/v2\/users\/1"}],"replies":[{"embeddable":true,"href":"https:\/\/tvbrazilusa.com\/pt\/wp-json\/wp\/v2\/comments?post=80025"}],"version-history":[{"count":1,"href":"https:\/\/tvbrazilusa.com\/pt\/wp-json\/wp\/v2\/posts\/80025\/revisions"}],"predecessor-version":[{"id":80027,"href":"https:\/\/tvbrazilusa.com\/pt\/wp-json\/wp\/v2\/posts\/80025\/revisions\/80027"}],"wp:featuredmedia":[{"embeddable":true,"href":"https:\/\/tvbrazilusa.com\/pt\/wp-json\/wp\/v2\/media\/80026"}],"wp:attachment":[{"href":"https:\/\/tvbrazilusa.com\/pt\/wp-json\/wp\/v2\/media?parent=80025"}],"wp:term":[{"taxonomy":"category","embeddable":true,"href":"https:\/\/tvbrazilusa.com\/pt\/wp-json\/wp\/v2\/categories?post=80025"},{"taxonomy":"post_tag","embeddable":true,"href":"https:\/\/tvbrazilusa.com\/pt\/wp-json\/wp\/v2\/tags?post=80025"}],"curies":[{"name":"wp","href":"https:\/\/api.w.org\/{rel}","templated":true}]}}