{"id":80034,"date":"2024-12-20T21:35:10","date_gmt":"2024-12-20T21:35:10","guid":{"rendered":"https:\/\/tvbrazilusa.com\/2024\/12\/20\/bolsonaro-concede-a-medalha-de-imbrochavel-a-emerson-sheik\/"},"modified":"2024-12-20T21:35:11","modified_gmt":"2024-12-20T21:35:11","slug":"bolsonaro-concede-a-medalha-de-imbrochavel-a-emerson-sheik","status":"publish","type":"post","link":"https:\/\/tvbrazilusa.com\/pt\/2024\/12\/20\/bolsonaro-concede-a-medalha-de-imbrochavel-a-emerson-sheik\/","title":{"rendered":"Bolsonaro concede a medalha de imbroch\u00e1vel a Emerson Sheik"},"content":{"rendered":"<p> <script async src=\"https:\/\/pagead2.googlesyndication.com\/pagead\/js\/adsbygoogle.js?client=ca-pub-8864793242727901\"\r\n     crossorigin=\"anonymous\"><\/script><br \/>\n<\/p>\n<div id=\"taboola-read-more\" style=\"display:block; width:100%\">\n<p>O ex-presidente Jair Bolsonaro (PL) entregou a medalha \u201c3is: imorr\u00edvel, imbroch\u00e1vel e incom\u00edvel\u201d para Emerson Sheik. Os dois se encontraram em Angra dos Reis (RJ).\n<\/p>\n<p>Um v\u00eddeo foi gravado em um iate mostrando o momento.<\/p>\n<p>\u2013 \u00c9 s\u00f3 para quem pode \u2013 falou o l\u00edder da direita sobre a honraria.\n<\/p>\n<p>Fonte: Pleno News              <\/p>\n<\/div>\n<p><br \/>\n<br \/><a href=\"https:\/\/diariodobrasilnoticias.com.br\/noticia\/bolsonaro-concede-a-medalha-de-imbrochavel-a-emerson-sheik-6765bf2053fab\">Source link <\/a><\/p>","protected":false},"excerpt":{"rendered":"<p>O ex-presidente Jair Bolsonaro (PL) entregou a medalha \u201c3is: imorr\u00edvel, imbroch\u00e1vel e incom\u00edvel\u201d para Emerson Sheik. Os dois se encontraram em Angra dos Reis (RJ). Um v\u00eddeo foi gravado em&hellip;<\/p>","protected":false},"author":1,"featured_media":80035,"comment_status":"closed","ping_status":"open","sticky":false,"template":"","format":"standard","meta":{"content-type":"","footnotes":""},"categories":[16],"tags":[123,2448,5313,1267],"class_list":["post-80034","post","type-post","status-publish","format-standard","has-post-thumbnail","hentry","category-noticias","tag-brasil","tag-diario","tag-noticia","tag-noticias"],"_links":{"self":[{"href":"https:\/\/tvbrazilusa.com\/pt\/wp-json\/wp\/v2\/posts\/80034","targetHints":{"allow":["GET"]}}],"collection":[{"href":"https:\/\/tvbrazilusa.com\/pt\/wp-json\/wp\/v2\/posts"}],"about":[{"href":"https:\/\/tvbrazilusa.com\/pt\/wp-json\/wp\/v2\/types\/post"}],"author":[{"embeddable":true,"href":"https:\/\/tvbrazilusa.com\/pt\/wp-json\/wp\/v2\/users\/1"}],"replies":[{"embeddable":true,"href":"https:\/\/tvbrazilusa.com\/pt\/wp-json\/wp\/v2\/comments?post=80034"}],"version-history":[{"count":1,"href":"https:\/\/tvbrazilusa.com\/pt\/wp-json\/wp\/v2\/posts\/80034\/revisions"}],"predecessor-version":[{"id":80036,"href":"https:\/\/tvbrazilusa.com\/pt\/wp-json\/wp\/v2\/posts\/80034\/revisions\/80036"}],"wp:featuredmedia":[{"embeddable":true,"href":"https:\/\/tvbrazilusa.com\/pt\/wp-json\/wp\/v2\/media\/80035"}],"wp:attachment":[{"href":"https:\/\/tvbrazilusa.com\/pt\/wp-json\/wp\/v2\/media?parent=80034"}],"wp:term":[{"taxonomy":"category","embeddable":true,"href":"https:\/\/tvbrazilusa.com\/pt\/wp-json\/wp\/v2\/categories?post=80034"},{"taxonomy":"post_tag","embeddable":true,"href":"https:\/\/tvbrazilusa.com\/pt\/wp-json\/wp\/v2\/tags?post=80034"}],"curies":[{"name":"wp","href":"https:\/\/api.w.org\/{rel}","templated":true}]}}