{"id":80040,"date":"2024-12-20T20:57:41","date_gmt":"2024-12-20T20:57:41","guid":{"rendered":"https:\/\/tvbrazilusa.com\/2024\/12\/20\/um-carro-entra-em-um-mercado-de-natal-alemao-no-que-as-autoridades-suspeitam-ter-sido-um-ataque\/"},"modified":"2024-12-20T21:40:19","modified_gmt":"2024-12-20T21:40:19","slug":"um-carro-entra-em-um-mercado-de-natal-alemao-no-que-as-autoridades-suspeitam-ter-sido-um-ataque","status":"publish","type":"post","link":"https:\/\/tvbrazilusa.com\/pt\/2024\/12\/20\/um-carro-entra-em-um-mercado-de-natal-alemao-no-que-as-autoridades-suspeitam-ter-sido-um-ataque\/","title":{"rendered":"Um carro entra em um mercado de Natal alem\u00e3o no que as autoridades suspeitam ter sido um ataque"},"content":{"rendered":"<p> <script async src=\"https:\/\/pagead2.googlesyndication.com\/pagead\/js\/adsbygoogle.js?client=ca-pub-8864793242727901\"\r\n     crossorigin=\"anonymous\"><\/script><br \/>\n<\/p>\n<div id=\"\">\n<header class=\"m-article-header m-article-header--standard\">\n\t\t\t\t\t\t\t\t\t\t\t\t<span id=\"article-header-primary-term\"><br \/>\n\t\t\t\t\t\t\t\t<a class=\"a-term a-term--primary\" href=\"https:\/\/www.boston.com\/tag\/cars\/\"><\/p>\n<p>\t\t\t\t\t\t\t\tCarros\t\t\t\t\t\t\t\t<\/a><br \/>\n\t\t\t\t\t\t\t<\/span><\/p>\n<h2 class=\"m-article-header__sub-headline\">\u201cEste \u00e9 um acontecimento terr\u00edvel, especialmente agora, nos dias que antecedem o Natal\u201d, disse o governador da Sax\u00f3nia-Anhalt, Reiner Haseloff.<\/h2>\n<figure class=\"a-photo m-article-header__photo\"><figcaption class=\"a-photo__caption\">\n<p>\tUma vista do mercado de Natal isolado ap\u00f3s um incidente em Magdeburg, Alemanha, sexta-feira, 20 de dezembro de 2024. (Heiko Rebsch\/dpa via AP)<em> <\/em>\t<\/figcaption><\/figure>\n<div class=\"m-article-header__meta\">\n<div class=\"m-article-header__byline\">\n<p class=\"m-article-header__author\">\n<p>\t\t\t\t\t\t\t\tPor Associated Press\t\t\t\t\t\t\t<\/p>\n<p>\t\t\t\t\t\t\t\t\t\t\t\t\t\t\t<time class=\"m-article-header__date\"><\/p>\n<p>\t\t\t\t\t\t\t\t\t20 de dezembro de 2024 | 15h57\t\t\t\t\t\t\t\t<\/time><\/p>\n<p><span>2 minutos para ler<\/span><\/p>\n<\/p><\/div>\n<\/p><\/div>\n<\/header>\n<p>BERLIM (AP) \u2013 Um carro atingiu um movimentado mercado de Natal ao ar livre na cidade de Magdeburg, no leste da Alemanha, na sexta-feira, ferindo um n\u00famero desconhecido de pessoas no que as autoridades dizem ter sido um suposto ataque.<\/p>\n<p>O motorista do carro foi preso, informou a ag\u00eancia de not\u00edcias alem\u00e3 DPA, citando funcion\u00e1rios do governo n\u00e3o identificados do estado da Sax\u00f4nia-Anhalt. O porta-voz do governo regional, Matthias Schuppe, e o porta-voz da cidade, Michael Reif, disseram suspeitar que tenha sido um ato deliberado.<\/p>\n<p>Reif disse que houve \u201cnumerosos feridos\u201d, mas n\u00e3o deu um n\u00famero preciso.<\/p>\n<p>\u201cAs fotos s\u00e3o terr\u00edveis\u201d, disse ele. \u201cMinha informa\u00e7\u00e3o \u00e9 que um carro entrou no mercado de Natal com visitantes, mas ainda n\u00e3o posso dizer de que dire\u00e7\u00e3o e a que dist\u00e2ncia.\u201d<\/p>\n<p>O Hospital Universit\u00e1rio de Magdeburg disse que estava cuidando de 10 a 20 pacientes, mas que estava se preparando para mais, informou a DPA.<\/p>\n<p>Os sons das sirenes dos socorristas colidiram com as decora\u00e7\u00f5es festivas do mercado, incluindo enfeites, estrelas e guirlandas de folhas enfeitando os estandes dos vendedores.<\/p>\n<p>Detritos podiam ser vistos no ch\u00e3o em imagens de uma parte isolada do mercado.<\/p>\n<p>\u201cEste \u00e9 um acontecimento terr\u00edvel, especialmente agora, nos dias que antecedem o Natal\u201d, disse o governador da Sax\u00f3nia-Anhalt, Reiner Haseloff. Haseloff disse ao dpa que estava a caminho de Magdeburg, mas n\u00e3o p\u00f4de fornecer imediatamente qualquer informa\u00e7\u00e3o sobre as v\u00edtimas ou o que estava por tr\u00e1s do incidente.<\/p>\n<p>O chanceler OIaf Scholz postou no X: \u201cMeus pensamentos est\u00e3o com as v\u00edtimas e seus familiares. Estamos ao lado deles e ao lado do povo de Magdeburgo.\u201d<\/p>\n<p>Magdeburg, que fica a oeste de Berlim, \u00e9 a capital do estado da Sax\u00f4nia-Anhalt e tem cerca de 240 mil habitantes.<\/p>\n<p>O suposto ataque ocorreu oito anos depois de um ataque a um mercado de Natal em Berlim. Em 19 de dezembro de 2016, um extremista isl\u00e2mico atravessou um Natal lotado com um caminh\u00e3o, matando 13 pessoas e ferindo dezenas de outras. O agressor foi morto dias depois em um tiroteio na It\u00e1lia.<\/p>\n<p>Os mercados de Natal s\u00e3o uma grande parte da cultura alem\u00e3 como uma tradi\u00e7\u00e3o anual de f\u00e9rias, apreciada desde a Idade M\u00e9dia e exportada com sucesso para grande parte do mundo ocidental. S\u00f3 em Berlim, mais de 100 mercados abriram no final do m\u00eas passado e trouxeram os cheiros de vinho quente, am\u00eandoas torradas e salsichas para a capital. Outros mercados s\u00e3o abundantes em todo o pa\u00eds.<\/p>\n<p>A ministra do Interior alem\u00e3, Nancy Faeser, disse no final do m\u00eas passado que n\u00e3o havia indica\u00e7\u00f5es concretas de perigo para os mercados de Natal este ano, mas que era sensato estar vigilante.<\/p>\n<\/p><\/div>\n<p><script>\n\t\tvar consent=\"grant\";\n\t\t\/* The above code is parsing the JSON data from the local storage and storing it in a variable. *\/\n\t\t\t\t\tconst onetrustStorageConsent = JSON.parse(localStorage.getItem( 'consent_one_trust_bdc' ) );\n\t\t\tif ( ( onetrustStorageConsent !== null ) ) {\n\t\t\t\t\/* Checking to see if the user has consented to the use of cookies.\n\t\t\t\t* If they have not, it is deleting the cookie.\n\t\t\t\t* This will comment for now, until further notice.\n\t\t\t\t*\/\n\t\t\t\t\/\/if ( onetrustStorageConsent.C0002 === false ) {\n\t\t\t\t\/\/\tdocument.cookie=\"_fbp=;expires=Thu, 01 Jan 2010 00:00:00 UTC; path=\/; domain=.boston.com\";\n\t\t\t\t\/\/}\n\t\t\t\t\/* Checking if the user has given consent for the cookie C0002.\n\t\t\t\t* If the user has given consent, the variable consent will be set to 'grant'.\n\t\t\t\t* If the user has not given consent,the variable consent will be set to 'revoke'.\n\t\t\t\t* Documentation https:\/\/developers.facebook.com\/docs\/meta-pixel\/implementation\/gdpr\n\t\t\t\t*\/\n\t\t\t\tif ( onetrustStorageConsent.C0002 !== true ) {\n\t\t\t\t\tconsent=\"revoke\";\n\t\t\t\t}\n\t\t\t}\n\t\t\t\t!function(f,b,e,v,n,t,s)\n\t\t{if(f.fbq)return;n=f.fbq=function(){n.callMethod?\n\t\tn.callMethod.apply(n,arguments):n.queue.push(arguments)};\n\t\tif(!f._fbq)f._fbq=n;n.push=n;n.loaded=!0;n.version='2.0';\n\t\tn.queue=[];t=b.createElement(e);t.async=!0;\n\t\tt.src=v;s=b.getElementsByTagName(e)[0];\n\t\ts.parentNode.insertBefore(t,s)}(window, document,'script',\n\t\t'https:\/\/connect.facebook.net\/en_US\/fbevents.js');\n\t\tfbq('consent', consent);\n\t\tfbq('init', '989222871864976');\n\t\tfbq('track', 'PageView');\n\t<\/script><script type=\"module\">\n\t\tvar consent=\"grant\";\n\t\t\/* The above code is parsing the JSON data from the local storage and storing it in a variable. *\/\n\t\t\tconst onetrustStorageConsent = JSON.parse(localStorage.getItem( 'consent_one_trust_bdc' ) );\n\t\t\t\/* Checking to see if the user has consented to the use of cookies.\n\t\t\t* If they have not, it is deleting the cookie.\n\t\t\t* This will comment for now, until further notice.\n\t\t\t*\/\n\t\t\t\/\/if ( onetrustStorageConsent.C0002 === false ) {\n\t\t\t\/\/\tdocument.cookie=\"_fbp=;expires=Thu, 01 Jan 2010 00:00:00 UTC; path=\/; domain=.boston.com\";\n\t\t\t\/\/}\n\t\t\t\/* Checking if the user has given consent for the cookie C0002.\n\t\t\t* If the user has given consent, the variable consent will be set to 'grant'.\n\t\t\t* If the user has not given consent,the variable consent will be set to 'revoke'.\n\t\t\t* Documentation https:\/\/developers.facebook.com\/docs\/meta-pixel\/implementation\/gdpr\n\t\t\t*\/\n\t\t\tif ( ( onetrustStorageConsent !== null ) && (onetrustStorageConsent.C0002 !== true ) ) {\n\t\t\t\tconsent=\"revoke\";\n\t\t\t}\n\t\t\t\t!function(f,b,e,v,n,t,s){if(f.fbq)return;n=f.fbq=function()\n\t\t{n.callMethod? n.callMethod.apply(n,arguments):n.queue.push(arguments)}\n\t\t;if(!f._fbq)f._fbq=n;\n\t\tn.push=n;n.loaded=!0;n.version='2.0';n.queue=[];t=b.createElement(e);t.async=!0;\n\t\tt.src=v;s=b.getElementsByTagName(e)[0];s.parentNode.insertBefore(t,s)}(window,\n\t\tdocument,'script','https:\/\/connect.facebook.net\/en_US\/fbevents.js');\n\t\tfbq('consent', consent);\n\t\tfbq('init', '813236348753005');\n\t\tfbq('track', \"PageView\");\n\t<\/script><br \/>\n<br \/><br \/>\n<br \/><a href=\"https:\/\/www.boston.com\/news\/cars\/2024\/12\/20\/at-least-one-dead-and-50-injured-after-a-car-drove-into-a-german-christmas-market-official-says\/\">Source link <\/a><\/p>","protected":false},"excerpt":{"rendered":"<p>Carros \u201cEste \u00e9 um acontecimento terr\u00edvel, especialmente agora, nos dias que antecedem o Natal\u201d, disse o governador da Sax\u00f3nia-Anhalt, Reiner Haseloff. Uma vista do mercado de Natal isolado ap\u00f3s um&hellip;<\/p>","protected":false},"author":1,"featured_media":80032,"comment_status":"closed","ping_status":"open","sticky":false,"template":"","format":"standard","meta":{"content-type":"","footnotes":""},"categories":[1],"tags":[],"class_list":["post-80040","post","type-post","status-publish","format-standard","has-post-thumbnail","hentry","category-uncategorized"],"_links":{"self":[{"href":"https:\/\/tvbrazilusa.com\/pt\/wp-json\/wp\/v2\/posts\/80040","targetHints":{"allow":["GET"]}}],"collection":[{"href":"https:\/\/tvbrazilusa.com\/pt\/wp-json\/wp\/v2\/posts"}],"about":[{"href":"https:\/\/tvbrazilusa.com\/pt\/wp-json\/wp\/v2\/types\/post"}],"author":[{"embeddable":true,"href":"https:\/\/tvbrazilusa.com\/pt\/wp-json\/wp\/v2\/users\/1"}],"replies":[{"embeddable":true,"href":"https:\/\/tvbrazilusa.com\/pt\/wp-json\/wp\/v2\/comments?post=80040"}],"version-history":[{"count":1,"href":"https:\/\/tvbrazilusa.com\/pt\/wp-json\/wp\/v2\/posts\/80040\/revisions"}],"predecessor-version":[{"id":80041,"href":"https:\/\/tvbrazilusa.com\/pt\/wp-json\/wp\/v2\/posts\/80040\/revisions\/80041"}],"wp:featuredmedia":[{"embeddable":true,"href":"https:\/\/tvbrazilusa.com\/pt\/wp-json\/wp\/v2\/media\/80032"}],"wp:attachment":[{"href":"https:\/\/tvbrazilusa.com\/pt\/wp-json\/wp\/v2\/media?parent=80040"}],"wp:term":[{"taxonomy":"category","embeddable":true,"href":"https:\/\/tvbrazilusa.com\/pt\/wp-json\/wp\/v2\/categories?post=80040"},{"taxonomy":"post_tag","embeddable":true,"href":"https:\/\/tvbrazilusa.com\/pt\/wp-json\/wp\/v2\/tags?post=80040"}],"curies":[{"name":"wp","href":"https:\/\/api.w.org\/{rel}","templated":true}]}}