{"id":80285,"date":"2024-12-21T05:00:00","date_gmt":"2024-12-21T05:00:00","guid":{"rendered":"https:\/\/tvbrazilusa.com\/2024\/12\/21\/rex-native-homenageado-a-bordo-do-uss-john-c-stennis\/"},"modified":"2024-12-21T05:13:53","modified_gmt":"2024-12-21T05:13:53","slug":"rex-native-homenageado-a-bordo-do-uss-john-c-stennis","status":"publish","type":"post","link":"https:\/\/tvbrazilusa.com\/pt\/2024\/12\/21\/rex-native-homenageado-a-bordo-do-uss-john-c-stennis\/","title":{"rendered":"Rex Native homenageado a bordo do USS John C. Stennis"},"content":{"rendered":"<script async src=\"https:\/\/pagead2.googlesyndication.com\/pagead\/js\/adsbygoogle.js?client=ca-pub-8864793242727901\"\r\n     crossorigin=\"anonymous\"><\/script>\n<p>Yeoman Seaman da Marinha dos EUA Makayla Johnson, \u00e0 direita, um nativo de Rex, designado para o porta-avi\u00f5es da classe Nimitz USS John C. Stennis (CVN 74), foi recentemente premiado com o Combatente da Semana pelo Capit\u00e3o J. Patrick Thompson, o comandante do CVN 74.\u2026<br \/>\n<br \/><br \/>\n<br \/><a href=\"https:\/\/www.henryherald.com\/news\/rex-native-honored-aboard-uss-john-c-stennis\/article_19f18c32-bbde-11ef-b8b0-3bee4c4764a8.html\">Source link <\/a><\/p>","protected":false},"excerpt":{"rendered":"<p>Yeoman Seaman da Marinha dos EUA Makayla Johnson, \u00e0 direita, um nativo de Rex, designado para o porta-avi\u00f5es da classe Nimitz USS John C. Stennis (CVN 74), foi recentemente premiado&hellip;<\/p>","protected":false},"author":1,"featured_media":80286,"comment_status":"closed","ping_status":"open","sticky":false,"template":"","format":"standard","meta":{"content-type":"","footnotes":""},"categories":[1],"tags":[],"class_list":["post-80285","post","type-post","status-publish","format-standard","has-post-thumbnail","hentry","category-uncategorized"],"_links":{"self":[{"href":"https:\/\/tvbrazilusa.com\/pt\/wp-json\/wp\/v2\/posts\/80285","targetHints":{"allow":["GET"]}}],"collection":[{"href":"https:\/\/tvbrazilusa.com\/pt\/wp-json\/wp\/v2\/posts"}],"about":[{"href":"https:\/\/tvbrazilusa.com\/pt\/wp-json\/wp\/v2\/types\/post"}],"author":[{"embeddable":true,"href":"https:\/\/tvbrazilusa.com\/pt\/wp-json\/wp\/v2\/users\/1"}],"replies":[{"embeddable":true,"href":"https:\/\/tvbrazilusa.com\/pt\/wp-json\/wp\/v2\/comments?post=80285"}],"version-history":[{"count":1,"href":"https:\/\/tvbrazilusa.com\/pt\/wp-json\/wp\/v2\/posts\/80285\/revisions"}],"predecessor-version":[{"id":80287,"href":"https:\/\/tvbrazilusa.com\/pt\/wp-json\/wp\/v2\/posts\/80285\/revisions\/80287"}],"wp:featuredmedia":[{"embeddable":true,"href":"https:\/\/tvbrazilusa.com\/pt\/wp-json\/wp\/v2\/media\/80286"}],"wp:attachment":[{"href":"https:\/\/tvbrazilusa.com\/pt\/wp-json\/wp\/v2\/media?parent=80285"}],"wp:term":[{"taxonomy":"category","embeddable":true,"href":"https:\/\/tvbrazilusa.com\/pt\/wp-json\/wp\/v2\/categories?post=80285"},{"taxonomy":"post_tag","embeddable":true,"href":"https:\/\/tvbrazilusa.com\/pt\/wp-json\/wp\/v2\/tags?post=80285"}],"curies":[{"name":"wp","href":"https:\/\/api.w.org\/{rel}","templated":true}]}}