{"id":80322,"date":"2024-12-21T10:04:44","date_gmt":"2024-12-21T10:04:44","guid":{"rendered":"https:\/\/tvbrazilusa.com\/2024\/12\/21\/apos-pedido-da-defesa-pela-liberdade-de-braga-netto-pgr-se-manifesta-e-defende-manutencao-da-prisao\/"},"modified":"2024-12-21T10:04:45","modified_gmt":"2024-12-21T10:04:45","slug":"apos-pedido-da-defesa-pela-liberdade-de-braga-netto-pgr-se-manifesta-e-defende-manutencao-da-prisao","status":"publish","type":"post","link":"https:\/\/tvbrazilusa.com\/pt\/2024\/12\/21\/apos-pedido-da-defesa-pela-liberdade-de-braga-netto-pgr-se-manifesta-e-defende-manutencao-da-prisao\/","title":{"rendered":"Ap\u00f3s pedido da defesa pela liberdade de Braga Netto, PGR se manifesta e defende manuten\u00e7\u00e3o da pris\u00e3o"},"content":{"rendered":"<p> <script async src=\"https:\/\/pagead2.googlesyndication.com\/pagead\/js\/adsbygoogle.js?client=ca-pub-8864793242727901\"\r\n     crossorigin=\"anonymous\"><\/script><br \/>\n<\/p>\n<div id=\"taboola-read-more\" style=\"display:block; width:100%\">\n<p>A Procuradoria-Geral da Rep\u00fablica (PGR) opinou nesta sexta-feira (20) contra o pedido da defesa do general Braga Netto pela liberdade do militar. A manifesta\u00e7\u00e3o da PGR foi entregue ao Supremo Tribunal Federal (STF), a quem cabe a decis\u00e3o final.\n<\/p>\n<p>Braga Netto est\u00e1 preso desde o fim da semana passada, ap\u00f3s a Pol\u00edcia Federal ter apontado participa\u00e7\u00e3o dele na trama golpista para, no fim de 2022, impedir a posse do presidente Luiz In\u00e1cio Lula da Silva.<\/p>\n<p>Para a PGR, tentativas de Braga Netto de atrapalhar investiga\u00e7\u00e3o &#8220;denotam a imprescindibilidade da medida extrema, dado que somente a segrega\u00e7\u00e3o do agravante poder\u00e1 garantir a cessa\u00e7\u00e3o da pr\u00e1tica de obstru\u00e7\u00e3o&#8221;.\n<\/p>\n<p>&#8220;Desse modo, dada a perman\u00eancia dos motivos que fundamentaram a decreta\u00e7\u00e3o da pris\u00e3o preventiva e a inexist\u00eancia de fatos novos que alterem o quadro f\u00e1tico-probat\u00f3rio que embasou a medida, n\u00e3o h\u00e1 que se cogitar de sua revoga\u00e7\u00e3o&#8221;, continuou a procuradoria.\n<\/p>\n<p><strong>As investiga\u00e7\u00f5es<\/strong>\n<\/p>\n<p>Ao pedir a pris\u00e3o preventiva, a PF argumentou, entre outras coisas, que o ex-ministro de Bolsonaro atuou para atrapalhar as investiga\u00e7\u00f5es.\n<\/p>\n<p>E que a sua liberdade representaria um risco \u00e0 ordem p\u00fablica devido \u00e0 possibilidade de voltar a cometer a\u00e7\u00f5es il\u00edcitas.\n<\/p>\n<p>Os investigadores apontaram &#8220;fortes e robustos elementos de prova&#8221; de tentativas de Braga Netto em pressionar membros das For\u00e7as Armadas a aderir na trama golpista.\n<\/p>\n<p>Tamb\u00e9m afirmaram que houve a\u00e7\u00f5es do general da reserva para obter informa\u00e7\u00f5es sobre a colabora\u00e7\u00e3o premiada do tenente-coronel Mauro Cid, ex-ajudante de ordens de Bolsonaro.\n<\/p>\n<p>A Pol\u00edcia Federal tamb\u00e9m destacou que o candidato a vice de Bolsonaro:\n<\/p>\n<p>&#8211; teve participa\u00e7\u00e3o relevante nos atos criminosos. Nas palavras de um investigador, era &#8220;a cabe\u00e7a, o mentor do golpe, mas sob comando de Bolsonaro&#8221;;\n<\/p>\n<p>&#8211; coordenou a\u00e7\u00f5es il\u00edcitas executadas por militares com forma\u00e7\u00e3o em For\u00e7as Especiais (os chamados &#8220;kids pretos&#8221;);\n<\/p>\n<p>&#8211; entregou dinheiro em uma sacola de vinho para financiar as opera\u00e7\u00f5es;\n<\/p>\n<p>&#8211; tentou obter dados sigilosos do acordo de colabora\u00e7\u00e3o de Mauro Cid, ex-ajudante de ordens de Bolsonaro;\n<\/p>\n<p>&#8211; tentou controlar as informa\u00e7\u00f5es fornecidas e alinhar vers\u00f5es entre os investigados; e\n<\/p>\n<p>&#8211; teve a\u00e7\u00e3o efetiva na coordena\u00e7\u00e3o das a\u00e7\u00f5es clandestinas para tentar prender e executar o ministro Alexandre de Moraes.\n<\/p>\n<p>Fonte: g1              <\/p>\n<\/div>\n<p><br \/>\n<br \/><a href=\"https:\/\/diariodobrasilnoticias.com.br\/noticia\/apos-pedido-da-defesa-pela-liberdade-de-braga-netto-pgr-se-manifesta-e-defende-manutencao-da-prisao-6766902fd941b\">Source link <\/a><\/p>","protected":false},"excerpt":{"rendered":"<p>A Procuradoria-Geral da Rep\u00fablica (PGR) opinou nesta sexta-feira (20) contra o pedido da defesa do general Braga Netto pela liberdade do militar. A manifesta\u00e7\u00e3o da PGR foi entregue ao Supremo&hellip;<\/p>","protected":false},"author":1,"featured_media":80323,"comment_status":"closed","ping_status":"open","sticky":false,"template":"","format":"standard","meta":{"content-type":"","footnotes":""},"categories":[16],"tags":[123,2448,5313,1267],"class_list":["post-80322","post","type-post","status-publish","format-standard","has-post-thumbnail","hentry","category-noticias","tag-brasil","tag-diario","tag-noticia","tag-noticias"],"_links":{"self":[{"href":"https:\/\/tvbrazilusa.com\/pt\/wp-json\/wp\/v2\/posts\/80322","targetHints":{"allow":["GET"]}}],"collection":[{"href":"https:\/\/tvbrazilusa.com\/pt\/wp-json\/wp\/v2\/posts"}],"about":[{"href":"https:\/\/tvbrazilusa.com\/pt\/wp-json\/wp\/v2\/types\/post"}],"author":[{"embeddable":true,"href":"https:\/\/tvbrazilusa.com\/pt\/wp-json\/wp\/v2\/users\/1"}],"replies":[{"embeddable":true,"href":"https:\/\/tvbrazilusa.com\/pt\/wp-json\/wp\/v2\/comments?post=80322"}],"version-history":[{"count":1,"href":"https:\/\/tvbrazilusa.com\/pt\/wp-json\/wp\/v2\/posts\/80322\/revisions"}],"predecessor-version":[{"id":80324,"href":"https:\/\/tvbrazilusa.com\/pt\/wp-json\/wp\/v2\/posts\/80322\/revisions\/80324"}],"wp:featuredmedia":[{"embeddable":true,"href":"https:\/\/tvbrazilusa.com\/pt\/wp-json\/wp\/v2\/media\/80323"}],"wp:attachment":[{"href":"https:\/\/tvbrazilusa.com\/pt\/wp-json\/wp\/v2\/media?parent=80322"}],"wp:term":[{"taxonomy":"category","embeddable":true,"href":"https:\/\/tvbrazilusa.com\/pt\/wp-json\/wp\/v2\/categories?post=80322"},{"taxonomy":"post_tag","embeddable":true,"href":"https:\/\/tvbrazilusa.com\/pt\/wp-json\/wp\/v2\/tags?post=80322"}],"curies":[{"name":"wp","href":"https:\/\/api.w.org\/{rel}","templated":true}]}}