{"id":80331,"date":"2024-12-21T10:38:04","date_gmt":"2024-12-21T10:38:04","guid":{"rendered":"https:\/\/tvbrazilusa.com\/2024\/12\/21\/datena-anuncia-afastamento-do-sbt-saiba-o-motivo\/"},"modified":"2024-12-21T10:38:05","modified_gmt":"2024-12-21T10:38:05","slug":"datena-anuncia-afastamento-do-sbt-saiba-o-motivo","status":"publish","type":"post","link":"https:\/\/tvbrazilusa.com\/pt\/2024\/12\/21\/datena-anuncia-afastamento-do-sbt-saiba-o-motivo\/","title":{"rendered":"Datena anuncia afastamento do SBT; saiba o motivo"},"content":{"rendered":"<p> <script async src=\"https:\/\/pagead2.googlesyndication.com\/pagead\/js\/adsbygoogle.js?client=ca-pub-8864793242727901\"\r\n     crossorigin=\"anonymous\"><\/script><br \/>\n<\/p>\n<div id=\"taboola-read-more\" style=\"display:block; width:100%\">\n<p>O renomado jornalista e apresentador Jos\u00e9 Luiz Datena surpreendeu sua audi\u00eancia ao anunciar uma pausa tempor\u00e1ria no programa \u201cT\u00e1 na Hora\u201d, do SBT, apenas 11 dias ap\u00f3s sua estreia. Segundo Datena, a decis\u00e3o de se afastar temporariamente est\u00e1 relacionada \u00e0s festas de fim de ano, per\u00edodo em que ele planeja descansar e retornar no in\u00edcio do pr\u00f3ximo ano.\n<\/p>\n<p>Esse an\u00fancio alimentou especula\u00e7\u00f5es sobre uma poss\u00edvel sa\u00edda definitiva do programa. Entretanto, Datena, com seu t\u00edpico bom humor, garantiu que pretende continuar na atra\u00e7\u00e3o por bastante tempo, se assim for poss\u00edvel. Com isso, ele deixou claro que sua pausa \u00e9 planejada e apenas tempor\u00e1ria.<\/p>\n<p><strong>Motivos para a Pausa de Datena no Programa<\/strong>\n<\/p>\n<p>O afastamento tempor\u00e1rio de Datena est\u00e1 influenciado pelo desejo de aproveitar as festas de fim de ano para descansar e renovar suas energias. Esta decis\u00e3o \u00e9 compreens\u00edvel, dado o ritmo intenso de compromissos que um apresentador de prest\u00edgio como ele enfrenta ao longo do ano.\n<\/p>\n<p>Durante este recesso, o \u201cT\u00e1 na Hora\u201d contar\u00e1 com diferentes apresentadores. Darlisson Dutra, do SBT News, comandar\u00e1 a atra\u00e7\u00e3o durante a semana do Natal, e Bruno Peruka, da Rede Massa, afiliada do SBT, assumir\u00e1 o programa no Ano Novo. Essa abordagem garante a continuidade da programa\u00e7\u00e3o enquanto Datena aproveita suas merecidas f\u00e9rias.\n<\/p>\n<p><strong>Rea\u00e7\u00f5es ao Afastamento de Datena<\/strong>\n<\/p>\n<p>Apesar de tempor\u00e1rio, o afastamento de Datena gerou discuss\u00f5es nas redes sociais e na m\u00eddia. Conhecido por seu estilo marcante e opini\u00f5es fortes, seu afastamento provocou d\u00favidas sobre se seria uma pausa definitiva ou j\u00e1 planejada.\n<\/p>\n<p>Em resposta, Datena reafirmou seu compromisso com o \u201cT\u00e1 na Hora\u201d e usou a oportunidade para refutar os rumores de uma poss\u00edvel sa\u00edda definitiva. Ele tranquilizou os telespectadores, garantindo que a pausa simplesmente serve para f\u00e9rias e que n\u00e3o teve qualquer dispensa do Grupo Silvio Santos.\n<\/p>\n<p><strong>O que Esperar do Programa sem Datena?<\/strong>\n<\/p>\n<p>Na aus\u00eancia de Datena, a programa\u00e7\u00e3o do \u201cT\u00e1 na Hora\u201d ser\u00e1 mantida por Darlisson Dutra e Bruno Peruka, ambos jornalistas com experi\u00eancia e familiaridade com o estilo do SBT. Eles t\u00eam a tarefa de preservar a qualidade do programa e manter a audi\u00eancia engajada.\n<\/p>\n<p>Este per\u00edodo de substitui\u00e7\u00e3o tempor\u00e1ria oferece aos espectadores a oportunidade de descobrir estilos de apresenta\u00e7\u00e3o variados, mantendo a ess\u00eancia do programa \u201cT\u00e1 na Hora\u201d, enquanto Datena desfruta de seu per\u00edodo de descanso.\n<\/p>\n<p>Fonte: O Antagonista              <\/p>\n<\/div>\n<p><br \/>\n<br \/><a href=\"https:\/\/diariodobrasilnoticias.com.br\/noticia\/datena-anuncia-afastamento-do-sbt-saiba-o-motivo-67669831a445d\">Source link <\/a><\/p>","protected":false},"excerpt":{"rendered":"<p>O renomado jornalista e apresentador Jos\u00e9 Luiz Datena surpreendeu sua audi\u00eancia ao anunciar uma pausa tempor\u00e1ria no programa \u201cT\u00e1 na Hora\u201d, do SBT, apenas 11 dias ap\u00f3s sua estreia. Segundo&hellip;<\/p>","protected":false},"author":1,"featured_media":80332,"comment_status":"closed","ping_status":"open","sticky":false,"template":"","format":"standard","meta":{"content-type":"","footnotes":""},"categories":[16],"tags":[123,2448,5313,1267],"class_list":["post-80331","post","type-post","status-publish","format-standard","has-post-thumbnail","hentry","category-noticias","tag-brasil","tag-diario","tag-noticia","tag-noticias"],"_links":{"self":[{"href":"https:\/\/tvbrazilusa.com\/pt\/wp-json\/wp\/v2\/posts\/80331","targetHints":{"allow":["GET"]}}],"collection":[{"href":"https:\/\/tvbrazilusa.com\/pt\/wp-json\/wp\/v2\/posts"}],"about":[{"href":"https:\/\/tvbrazilusa.com\/pt\/wp-json\/wp\/v2\/types\/post"}],"author":[{"embeddable":true,"href":"https:\/\/tvbrazilusa.com\/pt\/wp-json\/wp\/v2\/users\/1"}],"replies":[{"embeddable":true,"href":"https:\/\/tvbrazilusa.com\/pt\/wp-json\/wp\/v2\/comments?post=80331"}],"version-history":[{"count":1,"href":"https:\/\/tvbrazilusa.com\/pt\/wp-json\/wp\/v2\/posts\/80331\/revisions"}],"predecessor-version":[{"id":80333,"href":"https:\/\/tvbrazilusa.com\/pt\/wp-json\/wp\/v2\/posts\/80331\/revisions\/80333"}],"wp:featuredmedia":[{"embeddable":true,"href":"https:\/\/tvbrazilusa.com\/pt\/wp-json\/wp\/v2\/media\/80332"}],"wp:attachment":[{"href":"https:\/\/tvbrazilusa.com\/pt\/wp-json\/wp\/v2\/media?parent=80331"}],"wp:term":[{"taxonomy":"category","embeddable":true,"href":"https:\/\/tvbrazilusa.com\/pt\/wp-json\/wp\/v2\/categories?post=80331"},{"taxonomy":"post_tag","embeddable":true,"href":"https:\/\/tvbrazilusa.com\/pt\/wp-json\/wp\/v2\/tags?post=80331"}],"curies":[{"name":"wp","href":"https:\/\/api.w.org\/{rel}","templated":true}]}}