{"id":80513,"date":"2024-12-21T17:33:55","date_gmt":"2024-12-21T17:33:55","guid":{"rendered":"https:\/\/tvbrazilusa.com\/2024\/12\/21\/a-reconstituicao-da-batalha-de-bunker-hill-sera-transferida-para-gloucester-em-parte-devido-a-falta-de-estacionamento\/"},"modified":"2024-12-21T18:11:17","modified_gmt":"2024-12-21T18:11:17","slug":"a-reconstituicao-da-batalha-de-bunker-hill-sera-transferida-para-gloucester-em-parte-devido-a-falta-de-estacionamento","status":"publish","type":"post","link":"https:\/\/tvbrazilusa.com\/pt\/2024\/12\/21\/a-reconstituicao-da-batalha-de-bunker-hill-sera-transferida-para-gloucester-em-parte-devido-a-falta-de-estacionamento\/","title":{"rendered":"A reconstitui\u00e7\u00e3o da Batalha de Bunker Hill ser\u00e1 transferida para Gloucester, em parte devido \u00e0 falta de estacionamento"},"content":{"rendered":"<p> <script async src=\"https:\/\/pagead2.googlesyndication.com\/pagead\/js\/adsbygoogle.js?client=ca-pub-8864793242727901\"\r\n     crossorigin=\"anonymous\"><\/script><br \/>\n<\/p>\n<div id=\"\">\n<header class=\"m-article-header m-article-header--standard\">\n\t\t\t\t\t\t\t\t\t\t\t\t<span id=\"article-header-primary-term\"><br \/>\n\t\t\t\t\t\t\t\t<a class=\"a-term a-term--primary\" href=\"https:\/\/www.boston.com\/tag\/local-news\/\"><\/p>\n<p>\t\t\t\t\t\t\t\tNot\u00edcias locais\t\t\t\t\t\t\t\t<\/a><br \/>\n\t\t\t\t\t\t\t<\/span><\/p>\n<h2 class=\"m-article-header__sub-headline\">Devido ao espa\u00e7o apertado em Charlestown, o 250\u00ba anivers\u00e1rio da batalha revolucion\u00e1ria ser\u00e1 comemorado na orla mar\u00edtima de Gloucester.<\/h2>\n<figure class=\"a-photo m-article-header__photo\"><figcaption class=\"a-photo__caption\">\n<p>\tFilhos da Guarda Colorida da Revolu\u00e7\u00e3o Americana no Bunker Hill Day durante a batalha oficial de exerc\u00edcios comemorativos de Bunker Hill, servi\u00e7o no monumento em 2014.<em> David L. Ryan<\/em>\t<\/figcaption><\/figure>\n<\/header>\n<p>Quando o 250\u00ba anivers\u00e1rio da Revolu\u00e7\u00e3o Americana come\u00e7ar no pr\u00f3ximo ano, centenas de f\u00e3s de hist\u00f3ria ir\u00e3o reencenar a Batalha de Bunker Hill em Gloucester, em vez do campo de batalha de Charlestown, onde o confronto ocorreu originalmente.<\/p>\n<p>Espera-se que mais de 700 pessoas participem da reconstitui\u00e7\u00e3o da batalha, que acontecer\u00e1 no Stage Fort Park nos dias 21 e 22 de junho. A comemora\u00e7\u00e3o acontecer\u00e1 no parque \u00e0 beira-mar de Gloucester devido ao congestionamento urbano e \u00e0s restri\u00e7\u00f5es do Servi\u00e7o Nacional de Parques, de acordo com um<a href=\"https:\/\/www.bostonglobe.com\/2024\/12\/18\/metro\/bunker-hill-gloucester-reenactment\/\" target=\"_blank\" rel=\"noreferrer noopener\"><em> Globo de Boston<\/em><\/a> relat\u00f3rio.<\/p>\n<p>Os organizadores disseram que decidiram procurar um local maior \u00e0 beira-mar em uma colina devido a restri\u00e7\u00f5es de espa\u00e7o e falta de estacionamento em Charlestown.<\/p>\n<p>\u201cEmbora adorar\u00edamos que o Bunker Hill 250 acontecesse em Charlestown, simplesmente n\u00e3o h\u00e1 um local na cidade onde seria geograficamente poss\u00edvel realizar tal programa. Encorajamos todos os participantes a visitar o monumento e museu Bunker Hill\u201d, disseram os organizadores no <a href=\"https:\/\/urldefense.com\/v3\/__https:\/\/www.battleofbunkerhill250.com\/__;!!BspMT6SJLSDJ!M7GRI88Cb19AgLYFovKrNM5TaPGjTuPU6OaumL0Z5cGzk8TxPrGxijL3fv15mS0VkZojLVmcrsTAh9tfDQg6BGRwx8Q1%24\" target=\"_blank\" rel=\"noreferrer noopener\">site do evento<\/a>.<\/p>\n<p>Amanda Zettel, cofundadora do Bunker Hill 250 e presidente da Charlestown Preservation Society, disse que uma reconstitui\u00e7\u00e3o menor da batalha pode acontecer no in\u00edcio de junho, perto do Bunker Hill Community College.<\/p>\n<p>\u201cSomos agora um local urbano, por isso \u00e9 dif\u00edcil fazer qualquer coisa em toda a sua gl\u00f3ria\u201d, disse Zettel ao <em>Globo<\/em>. \u201cDirei que a comunidade est\u00e1 muito ansiosa e esperan\u00e7osa que tamb\u00e9m haja uma reconstitui\u00e7\u00e3o em Charlestown.\u201d<\/p>\n<p>No seu site, os organizadores do Bunker Hill 250 descrevem a batalha revolucion\u00e1ria como \u201cum dos eventos mais significativos da na\u00e7\u00e3o no caminho para a independ\u00eancia americana\u201d.<\/p>\n<p>A Batalha de Bunker Hill ocorreu em 17 de junho de 1775 e \u00e9 considerada uma das batalhas mais sangrentas da Guerra Revolucion\u00e1ria. Ocorreram mais de 1.000 v\u00edtimas brit\u00e2nicas e 450 v\u00edtimas coloniais.<\/p>\n<p>Embora os brit\u00e2nicos tenham vencido a batalha, os historiadores dizem que o encontro provou que os coloniais poderiam resistir ao ex\u00e9rcito brit\u00e2nico. <\/p>\n<p>\u201cA teimosa defesa das fortifica\u00e7\u00f5es no topo de Breed&#8217;s Hill desmoralizou os brit\u00e2nicos e acelerou o movimento em dire\u00e7\u00e3o \u00e0 independ\u00eancia americana\u201d, disseram os organizadores do Bunker Hill 250 no site do evento. \u201cA destrui\u00e7\u00e3o de Charlestown, um dos assentamentos mais antigos de Massachusetts, provou \u00e0s outras col\u00f4nias que a luta em Massachusetts foi a luta pela &#8216;Vida, Liberdade e pela Busca da Felicidade&#8217; em toda a Am\u00e9rica.\u201d<\/p>\n<p>A reconstitui\u00e7\u00e3o da Batalha de Bunker Hill ser\u00e1 gratuita e aberta ao p\u00fablico. No entanto, os participantes devem ser afiliados \u00e0 Brigada da Revolu\u00e7\u00e3o Americana, \u00e0 Guarni\u00e7\u00e3o de Boston, \u00e0 Linha Continental ou \u00e0 Brigada Brit\u00e2nica. Reencenadores walk-on n\u00e3o poder\u00e3o participar.<\/p>\n<div class=\"m-block m-generic-cta\t m-generic-cta--post-content\t m-generic-cta--dark\t m-generic-cta--homepage\t m-generic-cta--email-signup\t\t m-generic-cta-block-style--default \tt-amp__generic-cta\"><\/p>\n<div class=\"m-generic-cta__wrap\">\n<div class=\"m-generic-cta__content\">\n<h3 class=\"m-generic-cta__title\">Boston.com hoje<\/h3>\n<p class=\"m-generic-cta__subtitle\">Inscreva-se para receber as \u00faltimas manchetes em sua caixa de entrada todas as manh\u00e3s.<\/p>\n<\/p><\/div>\n<\/p><\/div>\n<\/div><\/div>\n<p><script>\n\t\tvar consent=\"grant\";\n\t\t\/* The above code is parsing the JSON data from the local storage and storing it in a variable. *\/\n\t\t\t\t\tconst onetrustStorageConsent = JSON.parse(localStorage.getItem( 'consent_one_trust_bdc' ) );\n\t\t\tif ( ( onetrustStorageConsent !== null ) ) {\n\t\t\t\t\/* Checking to see if the user has consented to the use of cookies.\n\t\t\t\t* If they have not, it is deleting the cookie.\n\t\t\t\t* This will comment for now, until further notice.\n\t\t\t\t*\/\n\t\t\t\t\/\/if ( onetrustStorageConsent.C0002 === false ) {\n\t\t\t\t\/\/\tdocument.cookie=\"_fbp=;expires=Thu, 01 Jan 2010 00:00:00 UTC; path=\/; domain=.boston.com\";\n\t\t\t\t\/\/}\n\t\t\t\t\/* Checking if the user has given consent for the cookie C0002.\n\t\t\t\t* If the user has given consent, the variable consent will be set to 'grant'.\n\t\t\t\t* If the user has not given consent,the variable consent will be set to 'revoke'.\n\t\t\t\t* Documentation https:\/\/developers.facebook.com\/docs\/meta-pixel\/implementation\/gdpr\n\t\t\t\t*\/\n\t\t\t\tif ( onetrustStorageConsent.C0002 !== true ) {\n\t\t\t\t\tconsent=\"revoke\";\n\t\t\t\t}\n\t\t\t}\n\t\t\t\t!function(f,b,e,v,n,t,s)\n\t\t{if(f.fbq)return;n=f.fbq=function(){n.callMethod?\n\t\tn.callMethod.apply(n,arguments):n.queue.push(arguments)};\n\t\tif(!f._fbq)f._fbq=n;n.push=n;n.loaded=!0;n.version='2.0';\n\t\tn.queue=[];t=b.createElement(e);t.async=!0;\n\t\tt.src=v;s=b.getElementsByTagName(e)[0];\n\t\ts.parentNode.insertBefore(t,s)}(window, document,'script',\n\t\t'https:\/\/connect.facebook.net\/en_US\/fbevents.js');\n\t\tfbq('consent', consent);\n\t\tfbq('init', '989222871864976');\n\t\tfbq('track', 'PageView');\n\t<\/script><script type=\"module\">\n\t\tvar consent=\"grant\";\n\t\t\/* The above code is parsing the JSON data from the local storage and storing it in a variable. *\/\n\t\t\tconst onetrustStorageConsent = JSON.parse(localStorage.getItem( 'consent_one_trust_bdc' ) );\n\t\t\t\/* Checking to see if the user has consented to the use of cookies.\n\t\t\t* If they have not, it is deleting the cookie.\n\t\t\t* This will comment for now, until further notice.\n\t\t\t*\/\n\t\t\t\/\/if ( onetrustStorageConsent.C0002 === false ) {\n\t\t\t\/\/\tdocument.cookie=\"_fbp=;expires=Thu, 01 Jan 2010 00:00:00 UTC; path=\/; domain=.boston.com\";\n\t\t\t\/\/}\n\t\t\t\/* Checking if the user has given consent for the cookie C0002.\n\t\t\t* If the user has given consent, the variable consent will be set to 'grant'.\n\t\t\t* If the user has not given consent,the variable consent will be set to 'revoke'.\n\t\t\t* Documentation https:\/\/developers.facebook.com\/docs\/meta-pixel\/implementation\/gdpr\n\t\t\t*\/\n\t\t\tif ( ( onetrustStorageConsent !== null ) && (onetrustStorageConsent.C0002 !== true ) ) {\n\t\t\t\tconsent=\"revoke\";\n\t\t\t}\n\t\t\t\t!function(f,b,e,v,n,t,s){if(f.fbq)return;n=f.fbq=function()\n\t\t{n.callMethod? n.callMethod.apply(n,arguments):n.queue.push(arguments)}\n\t\t;if(!f._fbq)f._fbq=n;\n\t\tn.push=n;n.loaded=!0;n.version='2.0';n.queue=[];t=b.createElement(e);t.async=!0;\n\t\tt.src=v;s=b.getElementsByTagName(e)[0];s.parentNode.insertBefore(t,s)}(window,\n\t\tdocument,'script','https:\/\/connect.facebook.net\/en_US\/fbevents.js');\n\t\tfbq('consent', consent);\n\t\tfbq('init', '813236348753005');\n\t\tfbq('track', \"PageView\");\n\t<\/script><br \/>\n<br \/><br \/>\n<br \/><a href=\"https:\/\/www.boston.com\/news\/local-news\/2024\/12\/21\/battle-of-bunker-hill-reenactment-will-move-to-gloucester-partly-because-of-lack-of-parking\/\">Source link <\/a><\/p>","protected":false},"excerpt":{"rendered":"<p>Not\u00edcias locais Devido ao espa\u00e7o apertado em Charlestown, o 250\u00ba anivers\u00e1rio da batalha revolucion\u00e1ria ser\u00e1 comemorado na orla mar\u00edtima de Gloucester. Filhos da Guarda Colorida da Revolu\u00e7\u00e3o Americana no Bunker&hellip;<\/p>","protected":false},"author":1,"featured_media":80514,"comment_status":"closed","ping_status":"open","sticky":false,"template":"","format":"standard","meta":{"content-type":"","footnotes":""},"categories":[1],"tags":[],"class_list":["post-80513","post","type-post","status-publish","format-standard","has-post-thumbnail","hentry","category-uncategorized"],"_links":{"self":[{"href":"https:\/\/tvbrazilusa.com\/pt\/wp-json\/wp\/v2\/posts\/80513","targetHints":{"allow":["GET"]}}],"collection":[{"href":"https:\/\/tvbrazilusa.com\/pt\/wp-json\/wp\/v2\/posts"}],"about":[{"href":"https:\/\/tvbrazilusa.com\/pt\/wp-json\/wp\/v2\/types\/post"}],"author":[{"embeddable":true,"href":"https:\/\/tvbrazilusa.com\/pt\/wp-json\/wp\/v2\/users\/1"}],"replies":[{"embeddable":true,"href":"https:\/\/tvbrazilusa.com\/pt\/wp-json\/wp\/v2\/comments?post=80513"}],"version-history":[{"count":1,"href":"https:\/\/tvbrazilusa.com\/pt\/wp-json\/wp\/v2\/posts\/80513\/revisions"}],"predecessor-version":[{"id":80515,"href":"https:\/\/tvbrazilusa.com\/pt\/wp-json\/wp\/v2\/posts\/80513\/revisions\/80515"}],"wp:featuredmedia":[{"embeddable":true,"href":"https:\/\/tvbrazilusa.com\/pt\/wp-json\/wp\/v2\/media\/80514"}],"wp:attachment":[{"href":"https:\/\/tvbrazilusa.com\/pt\/wp-json\/wp\/v2\/media?parent=80513"}],"wp:term":[{"taxonomy":"category","embeddable":true,"href":"https:\/\/tvbrazilusa.com\/pt\/wp-json\/wp\/v2\/categories?post=80513"},{"taxonomy":"post_tag","embeddable":true,"href":"https:\/\/tvbrazilusa.com\/pt\/wp-json\/wp\/v2\/tags?post=80513"}],"curies":[{"name":"wp","href":"https:\/\/api.w.org\/{rel}","templated":true}]}}