{"id":80516,"date":"2024-12-21T18:18:32","date_gmt":"2024-12-21T18:18:32","guid":{"rendered":"https:\/\/tvbrazilusa.com\/2024\/12\/21\/flavio-dino-arquiva-investigacao-contra-renan-calheiros-por-desvios-em-fundo-de-pensao-dos-correios\/"},"modified":"2024-12-21T18:18:33","modified_gmt":"2024-12-21T18:18:33","slug":"flavio-dino-arquiva-investigacao-contra-renan-calheiros-por-desvios-em-fundo-de-pensao-dos-correios","status":"publish","type":"post","link":"https:\/\/tvbrazilusa.com\/pt\/2024\/12\/21\/flavio-dino-arquiva-investigacao-contra-renan-calheiros-por-desvios-em-fundo-de-pensao-dos-correios\/","title":{"rendered":"Fl\u00e1vio Dino arquiva investiga\u00e7\u00e3o contra Renan Calheiros por desvios em fundo de pens\u00e3o dos Correios"},"content":{"rendered":"<p> <script async src=\"https:\/\/pagead2.googlesyndication.com\/pagead\/js\/adsbygoogle.js?client=ca-pub-8864793242727901\"\r\n     crossorigin=\"anonymous\"><\/script><br \/>\n<\/p>\n<div id=\"taboola-read-more\" style=\"display:block; width:100%\">\n<p>De acordo com o relat\u00f3rio da PF, apesar dos \u201cconsistentes trabalhos investigativos desenvolvidos\u201d, n\u00e3o foi poss\u00edvel alcan\u00e7ar \u201co standard probat\u00f3rio suficiente para emiss\u00e3o de indiciamento com autoria e materialidade delitiva\u201d. O \u00f3rg\u00e3o tamb\u00e9m destacou que, considerando o longo tempo decorrido desde a abertura do inqu\u00e9rito, n\u00e3o havia dilig\u00eancias adicionais que pudessem alterar o cen\u00e1rio.\n<\/p>\n<p>A PGR, em parecer favor\u00e1vel ao arquivamento, ressaltou que as investiga\u00e7\u00f5es n\u00e3o demonstraram que o senador tenha recebido vantagens il\u00edcitas. \u201cInexistem elementos indici\u00e1rios s\u00f3lidos que evidenciem sua participa\u00e7\u00e3o, seja de forma direta ou indireta, no contexto delitivo sob apura\u00e7\u00e3o\u201d, destacou o texto. A an\u00e1lise limitou-se a indicar uma \u201cinflu\u00eancia pol\u00edtica\u201d de Renan Calheiros sobre o Postalis, instituto de seguridade dos Correios, sem provas de instrumentaliza\u00e7\u00e3o para o recebimento de benef\u00edcios ilegais.<\/p>\n<p>O inqu\u00e9rito, instaurado em agosto de 2017, investigava poss\u00edveis irregularidades em gest\u00f5es ligadas ao Postalis. No entanto, conforme o ministro relator Fl\u00e1vio Dino, a aus\u00eancia de evid\u00eancias suficientes inviabilizou o prosseguimento do processo. \u201cN\u00e3o se vislumbra dilig\u00eancias outras que tenham aptid\u00e3o para alterar o cen\u00e1rio de insufici\u00eancia f\u00e1tico-probat\u00f3ria\u201d, afirmou a decis\u00e3o.\n<\/p>\n<p>Em cumprimento \u00e0 regra do artigo 18 do C\u00f3digo de Processo Penal, o arquivamento n\u00e3o impede que novas apura\u00e7\u00f5es sejam feitas caso surjam novos ind\u00edcios relevantes. A decis\u00e3o determina a remessa dos autos \u00e0 Se\u00e7\u00e3o Judici\u00e1ria do Distrito Federal para eventuais desdobramentos em inst\u00e2ncias inferiores.\n<\/p>\n<p>O senador Renan Calheiros n\u00e3o se manifestou oficialmente sobre o arquivamento. Contudo, a decis\u00e3o refor\u00e7a a dificuldade de vincular agentes p\u00fablicos a supostos esquemas sem provas robustas, destacaram analistas jur\u00eddicos.\n<\/p>\n<p>Com informa\u00e7oes HoraBrasilia              <\/p>\n<\/div>\n<p><br \/>\n<br \/><a href=\"https:\/\/diariodobrasilnoticias.com.br\/noticia\/flavio-dino-arquiva-investigacao-contra-renan-calheiros-por-desvios-em-fundo-de-pensao-dos-correios-676703c5d70e9\">Source link <\/a><\/p>","protected":false},"excerpt":{"rendered":"<p>De acordo com o relat\u00f3rio da PF, apesar dos \u201cconsistentes trabalhos investigativos desenvolvidos\u201d, n\u00e3o foi poss\u00edvel alcan\u00e7ar \u201co standard probat\u00f3rio suficiente para emiss\u00e3o de indiciamento com autoria e materialidade delitiva\u201d.&hellip;<\/p>","protected":false},"author":1,"featured_media":80517,"comment_status":"closed","ping_status":"open","sticky":false,"template":"","format":"standard","meta":{"content-type":"","footnotes":""},"categories":[16],"tags":[123,2448,5313,1267],"class_list":["post-80516","post","type-post","status-publish","format-standard","has-post-thumbnail","hentry","category-noticias","tag-brasil","tag-diario","tag-noticia","tag-noticias"],"_links":{"self":[{"href":"https:\/\/tvbrazilusa.com\/pt\/wp-json\/wp\/v2\/posts\/80516","targetHints":{"allow":["GET"]}}],"collection":[{"href":"https:\/\/tvbrazilusa.com\/pt\/wp-json\/wp\/v2\/posts"}],"about":[{"href":"https:\/\/tvbrazilusa.com\/pt\/wp-json\/wp\/v2\/types\/post"}],"author":[{"embeddable":true,"href":"https:\/\/tvbrazilusa.com\/pt\/wp-json\/wp\/v2\/users\/1"}],"replies":[{"embeddable":true,"href":"https:\/\/tvbrazilusa.com\/pt\/wp-json\/wp\/v2\/comments?post=80516"}],"version-history":[{"count":1,"href":"https:\/\/tvbrazilusa.com\/pt\/wp-json\/wp\/v2\/posts\/80516\/revisions"}],"predecessor-version":[{"id":80518,"href":"https:\/\/tvbrazilusa.com\/pt\/wp-json\/wp\/v2\/posts\/80516\/revisions\/80518"}],"wp:featuredmedia":[{"embeddable":true,"href":"https:\/\/tvbrazilusa.com\/pt\/wp-json\/wp\/v2\/media\/80517"}],"wp:attachment":[{"href":"https:\/\/tvbrazilusa.com\/pt\/wp-json\/wp\/v2\/media?parent=80516"}],"wp:term":[{"taxonomy":"category","embeddable":true,"href":"https:\/\/tvbrazilusa.com\/pt\/wp-json\/wp\/v2\/categories?post=80516"},{"taxonomy":"post_tag","embeddable":true,"href":"https:\/\/tvbrazilusa.com\/pt\/wp-json\/wp\/v2\/tags?post=80516"}],"curies":[{"name":"wp","href":"https:\/\/api.w.org\/{rel}","templated":true}]}}