{"id":80544,"date":"2024-12-21T19:24:00","date_gmt":"2024-12-21T19:24:00","guid":{"rendered":"https:\/\/tvbrazilusa.com\/2024\/12\/21\/o-meio-campista-do-revolution-esmir-bajraktarevic-supostamente-ira-para-o-psv-eindhoven-em-uma-transferencia-de-us-6-milhoes\/"},"modified":"2024-12-21T19:34:28","modified_gmt":"2024-12-21T19:34:28","slug":"o-meio-campista-do-revolution-esmir-bajraktarevic-supostamente-ira-para-o-psv-eindhoven-em-uma-transferencia-de-us-6-milhoes","status":"publish","type":"post","link":"https:\/\/tvbrazilusa.com\/pt\/2024\/12\/21\/o-meio-campista-do-revolution-esmir-bajraktarevic-supostamente-ira-para-o-psv-eindhoven-em-uma-transferencia-de-us-6-milhoes\/","title":{"rendered":"O meio-campista do Revolution Esmir Bajraktarevic supostamente ir\u00e1 para o PSV Eindhoven em uma transfer\u00eancia de US$ 6 milh\u00f5es"},"content":{"rendered":"<p> <script async src=\"https:\/\/pagead2.googlesyndication.com\/pagead\/js\/adsbygoogle.js?client=ca-pub-8864793242727901\"\r\n     crossorigin=\"anonymous\"><\/script><br \/>\n<\/p>\n<div id=\"\">\n<header class=\"m-article-header m-article-header--standard\">\n\t\t\t\t\t\t\t\t\t\t\t\t<span id=\"article-header-primary-term\"><br \/>\n\t\t\t\t\t\t\t\t<a class=\"a-term a-term--primary\" href=\"https:\/\/www.boston.com\/tag\/sports-news\/\"><\/p>\n<p>\t\t\t\t\t\t\t\tNot\u00edcias esportivas\t\t\t\t\t\t\t\t<\/a><br \/>\n\t\t\t\t\t\t\t<\/span><\/p>\n<h2 class=\"m-article-header__sub-headline\"\/>\n<figure class=\"a-photo m-article-header__photo\"><figcaption class=\"a-photo__caption\">\n<p>\tO meio-campista do Revolution, Esmir Bajraktarevic (\u00e0 direita), deve se juntar ao clube holand\u00eas PSV Eindhoven por uma transfer\u00eancia de US$ 6 milh\u00f5es, segundo uma fonte.<em> Foto de Mark Stockwell\/AP<\/em>\t<\/figcaption><\/figure>\n<\/header>\n<p>A rotatividade do elenco do Revolution n\u00e3o inclui apenas tentativas de melhorar o time. Tamb\u00e9m vai custar-lhes um dos seus principais clientes potenciais.<\/p>\n<p>O meio-campista Esmir Bajraktarevic se juntar\u00e1 ao PSV Eindhoven, da Holanda, por uma taxa de transfer\u00eancia de US$ 6 milh\u00f5es, confirmou uma fonte na sexta-feira.<\/p>\n<p>Bajraktarevic, de 19 anos, registrou tr\u00eas gols e tr\u00eas assist\u00eancias em 45 jogos do campeonato ao longo de tr\u00eas temporadas no Revolution. Toda a sua produ\u00e7\u00e3o ofensiva ocorreu nesta temporada, quando fez 29 partidas, incluindo 22 como titular, e registrou 1.990 minutos. Ele conquistou uma vaga no <a href=\"https:\/\/www.mlssoccer.com\/news\/2024-22-under-22-presented-by-bodyarmor-rankings\" target=\"_blank\" rel=\"\" title=\"https:\/\/www.mlssoccer.com\/news\/2024-22-under-22-presented-by-bodyarmor-rankings\">22 Sele\u00e7\u00e3o sub-22<\/a> selecionado pela equipe da MLS, equipe t\u00e9cnica do clube e emissoras.<\/p>\n<p><em>Termine a hist\u00f3ria em <a href=\"https:\/\/www.bostonglobe.com\/2024\/12\/20\/sports\/esmir-bajraktarevic-revolution-eindhoven\/\" target=\"_blank\" rel=\"noreferrer noopener\">BostonGlobe. com<\/a>.<\/em><\/p>\n<div class=\"m-block m-generic-cta\t m-generic-cta--post-content\t m-generic-cta--dark\t m-generic-cta--homepage\t m-generic-cta--email-signup\t\t m-generic-cta-block-style--default \tt-amp__generic-cta\"><\/p>\n<div class=\"m-generic-cta__wrap\">\n<div class=\"m-generic-cta__content\">\n<h3 class=\"m-generic-cta__title\">Receba as \u00faltimas not\u00edcias esportivas de Boston<\/h3>\n<p class=\"m-generic-cta__subtitle\">Receba atualiza\u00e7\u00f5es sobre seus times favoritos de Boston, direto da nossa reda\u00e7\u00e3o para sua caixa de entrada.<\/p>\n<\/p><\/div>\n<\/p><\/div>\n<\/div><\/div>\n<p><script>\n\t\tvar consent=\"grant\";\n\t\t\/* The above code is parsing the JSON data from the local storage and storing it in a variable. *\/\n\t\t\t\t\tconst onetrustStorageConsent = JSON.parse(localStorage.getItem( 'consent_one_trust_bdc' ) );\n\t\t\tif ( ( onetrustStorageConsent !== null ) ) {\n\t\t\t\t\/* Checking to see if the user has consented to the use of cookies.\n\t\t\t\t* If they have not, it is deleting the cookie.\n\t\t\t\t* This will comment for now, until further notice.\n\t\t\t\t*\/\n\t\t\t\t\/\/if ( onetrustStorageConsent.C0002 === false ) {\n\t\t\t\t\/\/\tdocument.cookie=\"_fbp=;expires=Thu, 01 Jan 2010 00:00:00 UTC; path=\/; domain=.boston.com\";\n\t\t\t\t\/\/}\n\t\t\t\t\/* Checking if the user has given consent for the cookie C0002.\n\t\t\t\t* If the user has given consent, the variable consent will be set to 'grant'.\n\t\t\t\t* If the user has not given consent,the variable consent will be set to 'revoke'.\n\t\t\t\t* Documentation https:\/\/developers.facebook.com\/docs\/meta-pixel\/implementation\/gdpr\n\t\t\t\t*\/\n\t\t\t\tif ( onetrustStorageConsent.C0002 !== true ) {\n\t\t\t\t\tconsent=\"revoke\";\n\t\t\t\t}\n\t\t\t}\n\t\t\t\t!function(f,b,e,v,n,t,s)\n\t\t{if(f.fbq)return;n=f.fbq=function(){n.callMethod?\n\t\tn.callMethod.apply(n,arguments):n.queue.push(arguments)};\n\t\tif(!f._fbq)f._fbq=n;n.push=n;n.loaded=!0;n.version='2.0';\n\t\tn.queue=[];t=b.createElement(e);t.async=!0;\n\t\tt.src=v;s=b.getElementsByTagName(e)[0];\n\t\ts.parentNode.insertBefore(t,s)}(window, document,'script',\n\t\t'https:\/\/connect.facebook.net\/en_US\/fbevents.js');\n\t\tfbq('consent', consent);\n\t\tfbq('init', '989222871864976');\n\t\tfbq('track', 'PageView');\n\t<\/script><script type=\"module\">\n\t\tvar consent=\"grant\";\n\t\t\/* The above code is parsing the JSON data from the local storage and storing it in a variable. *\/\n\t\t\tconst onetrustStorageConsent = JSON.parse(localStorage.getItem( 'consent_one_trust_bdc' ) );\n\t\t\t\/* Checking to see if the user has consented to the use of cookies.\n\t\t\t* If they have not, it is deleting the cookie.\n\t\t\t* This will comment for now, until further notice.\n\t\t\t*\/\n\t\t\t\/\/if ( onetrustStorageConsent.C0002 === false ) {\n\t\t\t\/\/\tdocument.cookie=\"_fbp=;expires=Thu, 01 Jan 2010 00:00:00 UTC; path=\/; domain=.boston.com\";\n\t\t\t\/\/}\n\t\t\t\/* Checking if the user has given consent for the cookie C0002.\n\t\t\t* If the user has given consent, the variable consent will be set to 'grant'.\n\t\t\t* If the user has not given consent,the variable consent will be set to 'revoke'.\n\t\t\t* Documentation https:\/\/developers.facebook.com\/docs\/meta-pixel\/implementation\/gdpr\n\t\t\t*\/\n\t\t\tif ( ( onetrustStorageConsent !== null ) && (onetrustStorageConsent.C0002 !== true ) ) {\n\t\t\t\tconsent=\"revoke\";\n\t\t\t}\n\t\t\t\t!function(f,b,e,v,n,t,s){if(f.fbq)return;n=f.fbq=function()\n\t\t{n.callMethod? n.callMethod.apply(n,arguments):n.queue.push(arguments)}\n\t\t;if(!f._fbq)f._fbq=n;\n\t\tn.push=n;n.loaded=!0;n.version='2.0';n.queue=[];t=b.createElement(e);t.async=!0;\n\t\tt.src=v;s=b.getElementsByTagName(e)[0];s.parentNode.insertBefore(t,s)}(window,\n\t\tdocument,'script','https:\/\/connect.facebook.net\/en_US\/fbevents.js');\n\t\tfbq('consent', consent);\n\t\tfbq('init', '813236348753005');\n\t\tfbq('track', \"PageView\");\n\t<\/script><br \/>\n<br \/><br \/>\n<br \/><a href=\"https:\/\/www.boston.com\/sports\/sports-news\/2024\/12\/21\/revolution-midfielder-esmir-bajraktarevic-psv-eindhoven-transfer\/\">Source link <\/a><\/p>","protected":false},"excerpt":{"rendered":"<p>Not\u00edcias esportivas O meio-campista do Revolution, Esmir Bajraktarevic (\u00e0 direita), deve se juntar ao clube holand\u00eas PSV Eindhoven por uma transfer\u00eancia de US$ 6 milh\u00f5es, segundo uma fonte. Foto de&hellip;<\/p>","protected":false},"author":1,"featured_media":80545,"comment_status":"closed","ping_status":"open","sticky":false,"template":"","format":"standard","meta":{"content-type":"","footnotes":""},"categories":[1],"tags":[],"class_list":["post-80544","post","type-post","status-publish","format-standard","has-post-thumbnail","hentry","category-uncategorized"],"_links":{"self":[{"href":"https:\/\/tvbrazilusa.com\/pt\/wp-json\/wp\/v2\/posts\/80544","targetHints":{"allow":["GET"]}}],"collection":[{"href":"https:\/\/tvbrazilusa.com\/pt\/wp-json\/wp\/v2\/posts"}],"about":[{"href":"https:\/\/tvbrazilusa.com\/pt\/wp-json\/wp\/v2\/types\/post"}],"author":[{"embeddable":true,"href":"https:\/\/tvbrazilusa.com\/pt\/wp-json\/wp\/v2\/users\/1"}],"replies":[{"embeddable":true,"href":"https:\/\/tvbrazilusa.com\/pt\/wp-json\/wp\/v2\/comments?post=80544"}],"version-history":[{"count":1,"href":"https:\/\/tvbrazilusa.com\/pt\/wp-json\/wp\/v2\/posts\/80544\/revisions"}],"predecessor-version":[{"id":80546,"href":"https:\/\/tvbrazilusa.com\/pt\/wp-json\/wp\/v2\/posts\/80544\/revisions\/80546"}],"wp:featuredmedia":[{"embeddable":true,"href":"https:\/\/tvbrazilusa.com\/pt\/wp-json\/wp\/v2\/media\/80545"}],"wp:attachment":[{"href":"https:\/\/tvbrazilusa.com\/pt\/wp-json\/wp\/v2\/media?parent=80544"}],"wp:term":[{"taxonomy":"category","embeddable":true,"href":"https:\/\/tvbrazilusa.com\/pt\/wp-json\/wp\/v2\/categories?post=80544"},{"taxonomy":"post_tag","embeddable":true,"href":"https:\/\/tvbrazilusa.com\/pt\/wp-json\/wp\/v2\/tags?post=80544"}],"curies":[{"name":"wp","href":"https:\/\/api.w.org\/{rel}","templated":true}]}}