{"id":80558,"date":"2024-12-21T20:07:43","date_gmt":"2024-12-21T20:07:43","guid":{"rendered":"https:\/\/tvbrazilusa.com\/2024\/12\/21\/haddad-temos-de-corrigir-essa-escorregada-no-dolar\/"},"modified":"2024-12-21T20:07:44","modified_gmt":"2024-12-21T20:07:44","slug":"haddad-temos-de-corrigir-essa-escorregada-no-dolar","status":"publish","type":"post","link":"https:\/\/tvbrazilusa.com\/pt\/2024\/12\/21\/haddad-temos-de-corrigir-essa-escorregada-no-dolar\/","title":{"rendered":"Haddad: \u201cTemos de corrigir essa escorregada no d\u00f3lar\u201d"},"content":{"rendered":"<p> <script async src=\"https:\/\/pagead2.googlesyndication.com\/pagead\/js\/adsbygoogle.js?client=ca-pub-8864793242727901\"\r\n     crossorigin=\"anonymous\"><\/script><br \/>\n<\/p>\n<div id=\"taboola-read-more\" style=\"display:block; width:100%\">\n<p>O ministro da Fazenda, Fernando Haddad, chamou a crise em rela\u00e7\u00e3o \u00e0 cota\u00e7\u00e3o do d\u00f3lar de \u201cescorregada\u201d e disse que \u00e9 necess\u00e1rio \u201ccorrigi-la\u201d. Ele apontou que a moeda estadunidense se valorizou em todo o mundo, mas reconheceu que a disparada no Brasil foi ainda maior.\n<\/p>\n<p>\u2013 Temos de corrigir essa \u201cescorregada\u201d do d\u00f3lar aqui. N\u00e3o no sentido de buscar um n\u00edvel de d\u00f3lar, de mirar uma meta (\u2026) Sempre que houver disfuncionalidade por incerteza, inseguran\u00e7a, no mercado de c\u00e2mbio e juros, o Banco Central deve promover corre\u00e7\u00f5es nesse sentido \u2013 declarou ele em caf\u00e9 da manh\u00e3 com jornalistas, em Bras\u00edlia.<\/p>\n<p>Para especialistas, a alta do d\u00f3lar se deve a avalia\u00e7\u00e3o de que o pacote fiscal proposto pelo governo Lula (PT) n\u00e3o \u00e9 suficiente para equilibrar as contas p\u00fablicas, e ao an\u00fancio da amplia\u00e7\u00e3o da faixa de isen\u00e7\u00e3o do Imposto de Renda para pessoas que recebem at\u00e9 R$ 5 mil.\n<\/p>\n<p>A moeda norte-americana chegou a R$ 6,30 esta semana, mas recuou ap\u00f3s sucessivos leil\u00f5es por parte do Banco Central. Somente nesta quinta-feira (19), foram leiloados 8 bilh\u00f5es (R$ 49 bilh\u00f5es).\n<\/p>\n<p>Durante o caf\u00e9 da manh\u00e3 com jornalistas, Haddad abordou as medidas do BC. Ele tamb\u00e9m atribuiu a escalada da moeda estadunidense a problemas de comunica\u00e7\u00e3o.\n<\/p>\n<p>\u2013 [O BC deve atuar] n\u00e3o buscando uma meta para o valor do d\u00f3lar. Mas corrigir disfuncionalidades sim. E houve problema de comunica\u00e7\u00e3o no fim do ano que fez com que o d\u00f3lar no brasil tivesse valoriza\u00e7\u00e3o mais forte do que nos pares. \u00c9 preciso corrigir a comunica\u00e7\u00e3o, tomar medidas e fazer com que isso traga o c\u00e2mbio n\u00e3o para um patamar especifico, mas para uma situa\u00e7\u00e3o de funcionalidade \u2013 declarou.\n<\/p>\n<p>Com informa\u00e7\u00f5es Pleno News.              <\/p>\n<\/div>\n<p><br \/>\n<br \/><a href=\"https:\/\/diariodobrasilnoticias.com.br\/noticia\/haddad-temos-de-corrigir-essa-escorregada-no-dolar-676707ea876ad\">Source link <\/a><\/p>","protected":false},"excerpt":{"rendered":"<p>O ministro da Fazenda, Fernando Haddad, chamou a crise em rela\u00e7\u00e3o \u00e0 cota\u00e7\u00e3o do d\u00f3lar de \u201cescorregada\u201d e disse que \u00e9 necess\u00e1rio \u201ccorrigi-la\u201d. Ele apontou que a moeda estadunidense se&hellip;<\/p>","protected":false},"author":1,"featured_media":80559,"comment_status":"closed","ping_status":"open","sticky":false,"template":"","format":"standard","meta":{"content-type":"","footnotes":""},"categories":[16],"tags":[123,2448,5313,1267],"class_list":["post-80558","post","type-post","status-publish","format-standard","has-post-thumbnail","hentry","category-noticias","tag-brasil","tag-diario","tag-noticia","tag-noticias"],"_links":{"self":[{"href":"https:\/\/tvbrazilusa.com\/pt\/wp-json\/wp\/v2\/posts\/80558","targetHints":{"allow":["GET"]}}],"collection":[{"href":"https:\/\/tvbrazilusa.com\/pt\/wp-json\/wp\/v2\/posts"}],"about":[{"href":"https:\/\/tvbrazilusa.com\/pt\/wp-json\/wp\/v2\/types\/post"}],"author":[{"embeddable":true,"href":"https:\/\/tvbrazilusa.com\/pt\/wp-json\/wp\/v2\/users\/1"}],"replies":[{"embeddable":true,"href":"https:\/\/tvbrazilusa.com\/pt\/wp-json\/wp\/v2\/comments?post=80558"}],"version-history":[{"count":1,"href":"https:\/\/tvbrazilusa.com\/pt\/wp-json\/wp\/v2\/posts\/80558\/revisions"}],"predecessor-version":[{"id":80560,"href":"https:\/\/tvbrazilusa.com\/pt\/wp-json\/wp\/v2\/posts\/80558\/revisions\/80560"}],"wp:featuredmedia":[{"embeddable":true,"href":"https:\/\/tvbrazilusa.com\/pt\/wp-json\/wp\/v2\/media\/80559"}],"wp:attachment":[{"href":"https:\/\/tvbrazilusa.com\/pt\/wp-json\/wp\/v2\/media?parent=80558"}],"wp:term":[{"taxonomy":"category","embeddable":true,"href":"https:\/\/tvbrazilusa.com\/pt\/wp-json\/wp\/v2\/categories?post=80558"},{"taxonomy":"post_tag","embeddable":true,"href":"https:\/\/tvbrazilusa.com\/pt\/wp-json\/wp\/v2\/tags?post=80558"}],"curies":[{"name":"wp","href":"https:\/\/api.w.org\/{rel}","templated":true}]}}