{"id":80561,"date":"2024-12-21T20:02:44","date_gmt":"2024-12-21T20:02:44","guid":{"rendered":"https:\/\/tvbrazilusa.com\/2024\/12\/21\/predio-escolar-fechado-em-nj-desaba-parcialmente-apos-incendio-dizem-autoridades\/"},"modified":"2024-12-21T20:19:09","modified_gmt":"2024-12-21T20:19:09","slug":"predio-escolar-fechado-em-nj-desaba-parcialmente-apos-incendio-dizem-autoridades","status":"publish","type":"post","link":"https:\/\/tvbrazilusa.com\/pt\/2024\/12\/21\/predio-escolar-fechado-em-nj-desaba-parcialmente-apos-incendio-dizem-autoridades\/","title":{"rendered":"Pr\u00e9dio escolar fechado em NJ desaba parcialmente ap\u00f3s inc\u00eandio, dizem autoridades"},"content":{"rendered":"<p> <script async src=\"https:\/\/pagead2.googlesyndication.com\/pagead\/js\/adsbygoogle.js?client=ca-pub-8864793242727901\"\r\n     crossorigin=\"anonymous\"><\/script><br \/>\n<\/p>\n<div>\n<p class=\"article__paragraph article__paragraph--left\" id=\"TELHFJMI4VEJ7KGAH67IKBMZVI\">Um inc\u00eandio que eclodiu em um pr\u00e9dio do distrito escolar de Camden City, h\u00e1 muito fechado, na manh\u00e3 de s\u00e1bado, resultou em um colapso parcial, enquanto uma pessoa foi levada a um hospital local para tratamento, disse um porta-voz do Departamento de Pol\u00edcia do Condado de Camden.<\/p>\n<p class=\"article__paragraph article__paragraph--left\" id=\"3AJ7D4CQMVCNJHTNKIQY4PAXCQ\">Por volta das 9h15 de s\u00e1bado, o Corpo de Bombeiros de Camden e os policiais do condado responderam ao 558 Mt. Vernon Avenue, no bairro de Bergen Square, para relatos de um inc\u00eandio, disse o porta-voz do condado, Dan Keashan, na tarde de s\u00e1bado.<\/p>\n<p class=\"article__paragraph article__paragraph--left\" id=\"NWECRGTSMNANHCNWCXAPIWTVE4\">As equipes de emerg\u00eancia encontraram a antiga Escola Alternativa South Camden no local, disse Keashan.<\/p>\n<figure class=\"article__image\">\n<div class=\"article__image-wrapper\"><picture><source media=\"(max-width: 500px)\" srcset=\"https:\/\/www.nj.com\/resizer\/v2\/5OPJYFOA7BEQPM3Z7B6XPUXO5Y.JPG?auth=c059c0d8dbebe117b4c0df4ba39a95d63d58a91bc4beb7e7f9f4a96781891193&#038;width=500&#038;quality=90 500w\"\/><source media=\"(max-width: 800px)\" srcset=\"https:\/\/www.nj.com\/resizer\/v2\/5OPJYFOA7BEQPM3Z7B6XPUXO5Y.JPG?auth=c059c0d8dbebe117b4c0df4ba39a95d63d58a91bc4beb7e7f9f4a96781891193&#038;width=800&#038;quality=90 800w\"\/><source srcset=\"https:\/\/www.nj.com\/resizer\/v2\/5OPJYFOA7BEQPM3Z7B6XPUXO5Y.JPG?auth=c059c0d8dbebe117b4c0df4ba39a95d63d58a91bc4beb7e7f9f4a96781891193&#038;width=1280&#038;quality=90 1280w\"\/><\/picture><figcaption class=\"article__image-caption\">\n<p class=\"article__mm-image-caption-text\">Um inc\u00eandio eclodiu, ferindo uma pessoa, em um antigo pr\u00e9dio escolar de Camden City, levando ao colapso parcial do pr\u00e9dio.<span class=\"article__mm-image-credit\">Matheus Enuco<\/span><\/p>\n<\/figcaption><\/div>\n<\/figure>\n<p class=\"article__paragraph article__paragraph--left\" id=\"GG6FSGAA75D3RAKGKJR7QMHF5I\">O inc\u00eandio est\u00e1 atualmente sob controle, mas n\u00e3o foi extinto at\u00e9 a tarde de s\u00e1bado, disse Keashan.<\/p>\n<p class=\"article__paragraph article__paragraph--left\" id=\"MRR6NH672RERRJZY7IQG6JRO64\">Uma pessoa encontrada dentro do pr\u00e9dio foi levada ao Centro M\u00e9dico da Universidade Cooper, em Camden, para tratamento de queimaduras de segundo grau e inala\u00e7\u00e3o de fuma\u00e7a, disseram autoridades.<\/p>\n<p class=\"article__paragraph article__paragraph--left\" id=\"DAHI56GOU5BEDE46E33IUT2UFI\">Nenhum outro ferimento foi relatado pelas autoridades e os edif\u00edcios adjacentes n\u00e3o precisaram ser evacuados, segundo as autoridades.<\/p>\n<p class=\"article__paragraph article__paragraph--left\" id=\"V3XYVU7TFNGITH7WDTPWKFRDCU\">No local, partes do pr\u00e9dio desabaram enquanto os bombeiros continuavam jogando \u00e1gua na estrutura.<\/p>\n<p class=\"article__paragraph article__paragraph--left\" id=\"BDO2QERDTBBS3NGTIYFTJV25KY\">Um porta-voz do distrito escolar confirmou na manh\u00e3 de s\u00e1bado que o pr\u00e9dio ainda pertencia ao distrito, mas n\u00e3o estava em uso h\u00e1 pelo menos 15 anos.<\/p>\n<p class=\"article__paragraph article__paragraph--left\" id=\"BKQ3N3PL6RCGJODDA7253SV3FM\">A causa do inc\u00eandio ainda est\u00e1 sob investiga\u00e7\u00e3o, disse o porta-voz.<\/p>\n<figure class=\"article__image\">\n<div class=\"article__image-wrapper\"><picture><source media=\"(max-width: 500px)\" srcset=\"https:\/\/www.nj.com\/resizer\/v2\/PECST6PVJ5HU7GXL45T46XUXEE.png?auth=c2049ac4e63a47165c363df4ab4719578d1578c98c5f39637d56d07ffc81e1b4&#038;width=500&#038;quality=90 500w\"\/><source media=\"(max-width: 800px)\" srcset=\"https:\/\/www.nj.com\/resizer\/v2\/PECST6PVJ5HU7GXL45T46XUXEE.png?auth=c2049ac4e63a47165c363df4ab4719578d1578c98c5f39637d56d07ffc81e1b4&#038;width=800&#038;quality=90 800w\"\/><source srcset=\"https:\/\/www.nj.com\/resizer\/v2\/PECST6PVJ5HU7GXL45T46XUXEE.png?auth=c2049ac4e63a47165c363df4ab4719578d1578c98c5f39637d56d07ffc81e1b4&#038;width=1280&#038;quality=90 1280w\"\/><img loading=\"lazy\" src=\"https:\/\/www.nj.com\/resizer\/v2\/PECST6PVJ5HU7GXL45T46XUXEE.png?auth=c2049ac4e63a47165c363df4ab4719578d1578c98c5f39637d56d07ffc81e1b4&#038;width=500&#038;quality=90\" sizes=\"auto, 50vw\" fetchpriority=\"low\" alt=\"Escola Alternativa de South Camden\" decoding=\"async\" class=\"article__image-content\" height=\"600\" width=\"300\"\/><\/picture><figcaption class=\"article__image-caption\">\n<p class=\"article__mm-image-caption-text\">O pr\u00e9dio escolar fechado de Camden n\u00e3o \u00e9 usado h\u00e1 cerca de 15 anos.<span class=\"article__mm-image-credit\">Google Mapas<\/span><\/p>\n<\/figcaption><\/div>\n<\/figure>\n<section class=\"Stories-By-Author-module_wrapper__ezbcK Stories-By-Author-module_nj__Ap1-Y\"\/>\n<p class=\"article__paragraph article__paragraph--left\" id=\"UWONZS5TPRFX7MOVZFXE5O2ZSQ\"><i>Nosso jornalismo precisa do seu apoio. Por favor, inscreva-se hoje para <\/i><a href=\"https:\/\/www.nj.com\/\"><i>NJ.com<\/i><\/a><i>.<\/i><\/p>\n<p class=\"article__paragraph article__paragraph--left\" id=\"36WRVNEKEJCANIOUB2IDOISOHA\"><i>Matthew Enuco pode ser contatado em <\/i><a href=\"https:\/\/www.nj.com\/camden\/2024\/12\/mailto:Menuco@njadvancemedia.com\"><i>Menuco@njadvancemedia.com<\/i><\/a>. <i>Seguir <\/i><a href=\"https:\/\/twitter.com\/MediaManMatt\"><i>Matt no X<\/i><\/a><\/p>\n<\/div>\n<p><script async src=\"\/\/platform.twitter.com\/widgets.js\" charset=\"utf-8\"><\/script><br \/>\n<br \/><br \/>\n<br \/><a href=\"https:\/\/www.nj.com\/camden\/2024\/12\/shuttered-nj-school-building-partially-collapses-after-fire-officials-say.html\">Source link <\/a><\/p>","protected":false},"excerpt":{"rendered":"<p>Um inc\u00eandio que eclodiu em um pr\u00e9dio do distrito escolar de Camden City, h\u00e1 muito fechado, na manh\u00e3 de s\u00e1bado, resultou em um colapso parcial, enquanto uma pessoa foi levada&hellip;<\/p>","protected":false},"author":1,"featured_media":80562,"comment_status":"closed","ping_status":"open","sticky":false,"template":"","format":"standard","meta":{"content-type":"","footnotes":""},"categories":[1],"tags":[],"class_list":["post-80561","post","type-post","status-publish","format-standard","has-post-thumbnail","hentry","category-uncategorized"],"_links":{"self":[{"href":"https:\/\/tvbrazilusa.com\/pt\/wp-json\/wp\/v2\/posts\/80561","targetHints":{"allow":["GET"]}}],"collection":[{"href":"https:\/\/tvbrazilusa.com\/pt\/wp-json\/wp\/v2\/posts"}],"about":[{"href":"https:\/\/tvbrazilusa.com\/pt\/wp-json\/wp\/v2\/types\/post"}],"author":[{"embeddable":true,"href":"https:\/\/tvbrazilusa.com\/pt\/wp-json\/wp\/v2\/users\/1"}],"replies":[{"embeddable":true,"href":"https:\/\/tvbrazilusa.com\/pt\/wp-json\/wp\/v2\/comments?post=80561"}],"version-history":[{"count":1,"href":"https:\/\/tvbrazilusa.com\/pt\/wp-json\/wp\/v2\/posts\/80561\/revisions"}],"predecessor-version":[{"id":80563,"href":"https:\/\/tvbrazilusa.com\/pt\/wp-json\/wp\/v2\/posts\/80561\/revisions\/80563"}],"wp:featuredmedia":[{"embeddable":true,"href":"https:\/\/tvbrazilusa.com\/pt\/wp-json\/wp\/v2\/media\/80562"}],"wp:attachment":[{"href":"https:\/\/tvbrazilusa.com\/pt\/wp-json\/wp\/v2\/media?parent=80561"}],"wp:term":[{"taxonomy":"category","embeddable":true,"href":"https:\/\/tvbrazilusa.com\/pt\/wp-json\/wp\/v2\/categories?post=80561"},{"taxonomy":"post_tag","embeddable":true,"href":"https:\/\/tvbrazilusa.com\/pt\/wp-json\/wp\/v2\/tags?post=80561"}],"curies":[{"name":"wp","href":"https:\/\/api.w.org\/{rel}","templated":true}]}}