{"id":80564,"date":"2024-12-21T18:23:23","date_gmt":"2024-12-21T18:23:23","guid":{"rendered":"https:\/\/tvbrazilusa.com\/2024\/12\/21\/quadrilha-aluga-apartamento-em-copacabana-para-roubar-moradores-faz-refens-porem-sao-presos-saiba-mais-detalhes-deste-caso-2\/"},"modified":"2024-12-21T20:21:05","modified_gmt":"2024-12-21T20:21:05","slug":"quadrilha-aluga-apartamento-em-copacabana-para-roubar-moradores-faz-refens-porem-sao-presos-saiba-mais-detalhes-deste-caso-2","status":"publish","type":"post","link":"https:\/\/tvbrazilusa.com\/pt\/2024\/12\/21\/quadrilha-aluga-apartamento-em-copacabana-para-roubar-moradores-faz-refens-porem-sao-presos-saiba-mais-detalhes-deste-caso-2\/","title":{"rendered":"Quadrilha aluga apartamento em Copacabana para roubar moradores, faz ref\u00e9ns, por\u00e9m, s\u00e3o presos; saiba mais detalhes deste caso"},"content":{"rendered":"<p> <script async src=\"https:\/\/pagead2.googlesyndication.com\/pagead\/js\/adsbygoogle.js?client=ca-pub-8864793242727901\"\r\n     crossorigin=\"anonymous\"><\/script><br \/>\n<\/p>\n<div id=\"taboola-read-more\" style=\"display:block; width:100%\">\n<p>Tr\u00eas bandidos foram presos uma tentativa de assalto com ref\u00e9ns em um pr\u00e9dio em Copacabana, na Zona Sul do Rio, na madrugada deste s\u00e1bado (21).\n<\/p>\n<p>A quadrilha alugou um apartamento por temporada em um edif\u00edcio na rua Rainha Elizabeth para roubar moradores.<\/p>\n<p>Agentes do 19\u00b0BPM (Copacabana) foram acionados para verificar uma ocorr\u00eancia de roubo e, quando chegaram ao local, um dos integrantes do grupo tentou fugir em um carro, mas acabou sendo preso pelos policiais.\n<\/p>\n<p>Os criminosos chegaram a fazer moradores ref\u00e9ns e a PM acionou o Batalh\u00e3o de Opera\u00e7\u00f5es Especiais (Bope) para negociar a liberta\u00e7\u00e3o das v\u00edtimas com os bandidos.\n<\/p>\n<p>Durante buscas na parte interna do pr\u00e9dio, os agentes do Bope conseguiram localizar outros dois integrantes do grupo que se esconderam na sala de m\u00e1quinas do edif\u00edcio.\n<\/p>\n<p>Reprodu\u00e7\u00e3o\n<\/p>\n<p>Com eles, os agentes apreenderam duas r\u00e9plicas de arma de fogo, uma faca e diversos pertences dos moradores, entre eles, joias, rel\u00f3gios, cart\u00f5es de cr\u00e9dito e uma quantia em dinheiro.\n<\/p>\n<p>De acordo com a pol\u00edcia que participaram da a\u00e7\u00e3o, o grupo faz parte de uma quadrilha que invade resid\u00eancias com informa\u00e7\u00f5es detalhadas sobre a rotina dos moradores, incluindo endere\u00e7o de trabalho e valores em conta banc\u00e1ria.\n<\/p>\n<p>Os presos foram levados para a 12\u00aa DP (Copacabana), onde o caso foi registrado. Ningu\u00e9m ficou ferido na a\u00e7\u00e3o.\n<\/p>\n<\/p>\n<p>Divulga\u00e7\u00e3o\n<\/p>\n<p><img fetchpriority=\"high\" decoding=\"async\" src=\"https:\/\/s2-g1.glbimg.com\/MZNTyVXpXmC11S9-kHHJc697GWo=\/0x75:3000x3846\/984x0\/smart\/filters:strip_icc()\/i.s3.glbimg.com\/v1\/AUTH_59edd422c0c84a879bd37670ae4f538a\/internal_photos\/bs\/2024\/K\/V\/6vIx7fQaOA6gN0LSonIg\/apreensao4.jpeg\" alt=\"\" width=\"984\" height=\"1237\"\/>\n<\/p>\n<p>Fonte: g1              <\/p>\n<\/div>\n<p><br \/>\n<br \/><a href=\"https:\/\/tvfloridausa.com\/2024\/12\/21\/quadrilha-aluga-apartamento-em-copacabana-para-roubar-moradores-faz-refens-porem-sao-presos-saiba-mais-detalhes-deste-caso\/\">Source link <\/a><\/p>","protected":false},"excerpt":{"rendered":"<p>Tr\u00eas bandidos foram presos uma tentativa de assalto com ref\u00e9ns em um pr\u00e9dio em Copacabana, na Zona Sul do Rio, na madrugada deste s\u00e1bado (21). A quadrilha alugou um apartamento&hellip;<\/p>","protected":false},"author":1,"featured_media":80565,"comment_status":"closed","ping_status":"open","sticky":false,"template":"","format":"standard","meta":{"content-type":"","footnotes":""},"categories":[22],"tags":[],"class_list":["post-80564","post","type-post","status-publish","format-standard","has-post-thumbnail","hentry","category-tv-florida-usa"],"_links":{"self":[{"href":"https:\/\/tvbrazilusa.com\/pt\/wp-json\/wp\/v2\/posts\/80564","targetHints":{"allow":["GET"]}}],"collection":[{"href":"https:\/\/tvbrazilusa.com\/pt\/wp-json\/wp\/v2\/posts"}],"about":[{"href":"https:\/\/tvbrazilusa.com\/pt\/wp-json\/wp\/v2\/types\/post"}],"author":[{"embeddable":true,"href":"https:\/\/tvbrazilusa.com\/pt\/wp-json\/wp\/v2\/users\/1"}],"replies":[{"embeddable":true,"href":"https:\/\/tvbrazilusa.com\/pt\/wp-json\/wp\/v2\/comments?post=80564"}],"version-history":[{"count":1,"href":"https:\/\/tvbrazilusa.com\/pt\/wp-json\/wp\/v2\/posts\/80564\/revisions"}],"predecessor-version":[{"id":80566,"href":"https:\/\/tvbrazilusa.com\/pt\/wp-json\/wp\/v2\/posts\/80564\/revisions\/80566"}],"wp:featuredmedia":[{"embeddable":true,"href":"https:\/\/tvbrazilusa.com\/pt\/wp-json\/wp\/v2\/media\/80565"}],"wp:attachment":[{"href":"https:\/\/tvbrazilusa.com\/pt\/wp-json\/wp\/v2\/media?parent=80564"}],"wp:term":[{"taxonomy":"category","embeddable":true,"href":"https:\/\/tvbrazilusa.com\/pt\/wp-json\/wp\/v2\/categories?post=80564"},{"taxonomy":"post_tag","embeddable":true,"href":"https:\/\/tvbrazilusa.com\/pt\/wp-json\/wp\/v2\/tags?post=80564"}],"curies":[{"name":"wp","href":"https:\/\/api.w.org\/{rel}","templated":true}]}}