{"id":80567,"date":"2024-12-21T20:25:25","date_gmt":"2024-12-21T20:25:25","guid":{"rendered":"https:\/\/tvbrazilusa.com\/2024\/12\/21\/video-despedida-de-menina-autista-do-pai-com-cancer-viraliza\/"},"modified":"2024-12-21T20:25:27","modified_gmt":"2024-12-21T20:25:27","slug":"video-despedida-de-menina-autista-do-pai-com-cancer-viraliza","status":"publish","type":"post","link":"https:\/\/tvbrazilusa.com\/pt\/2024\/12\/21\/video-despedida-de-menina-autista-do-pai-com-cancer-viraliza\/","title":{"rendered":"V\u00eddeo: despedida de menina autista do pai com c\u00e2ncer viraliza"},"content":{"rendered":"<p> <script async src=\"https:\/\/pagead2.googlesyndication.com\/pagead\/js\/adsbygoogle.js?client=ca-pub-8864793242727901\"\r\n     crossorigin=\"anonymous\"><\/script><br \/>\n<\/p>\n<div>\n<figure class=\"post-image\">\n<\/figure>\n<p>            <span style=\"font-size: 12px\">Foto: REPRODU\u00c7\u00c3O &#8220;Metr\u00f3poles&#8221;<\/span><\/p>\n<p>            <!-- end metas --><br \/>\n            <!-- ADS --><\/p>\n<div id=\"taboola-read-more\" style=\"display:block; width:100%\">\n<p>A menina Duda tinha apenas 7 anos quando o seu pai Wesley Waila foi diagnosticado com um c\u00e2ncer na ves\u00edcula biliar. Ap\u00f3s dois anos de tratamento intensivo com cirurgias, radioterapia e quimioterapia, ele foi transferido para o tratamento de\u00a0<a href=\"https:\/\/www.metropoles.com\/conteudo-especial\/ana-claudia-quintana-metropoles-talks\">cuidados paliativos.<\/a>\n<\/p>\n<p>\u00a0<\/p>\n<p data-gtm-vis-recent-on-screen104869357_94=\"34346\" data-gtm-vis-first-on-screen104869357_94=\"34346\" data-gtm-vis-total-visible-time104869357_94=\"100\" data-gtm-vis-has-fired104869357_94=\"1\">Duda, que \u00e9 diagnosticada com autismo, acompanhava o pai \u00e0 dist\u00e2ncia. Ela e a m\u00e3e Alice Deleon moram na cidade de Rio Grande, no Rio Grande do Sul, enquanto Weslley se tratava em\u00a0<a href=\"https:\/\/www.metropoles.com\/tag\/porto-alegre\">Porto Alegre<\/a>. A crian\u00e7a n\u00e3o tinha permiss\u00e3o para entrar na ala de interna\u00e7\u00e3o e s\u00f3 conseguia conversar com o pai por videochamada. At\u00e9 que chegou o dia de eles se despedirem.<\/p>\n<p data-gtm-vis-recent-on-screen104869357_94=\"34346\" data-gtm-vis-first-on-screen104869357_94=\"34346\" data-gtm-vis-total-visible-time104869357_94=\"100\" data-gtm-vis-has-fired104869357_94=\"1\">Weslley j\u00e1 estava havia dois meses internado quando o hospital abriu uma exce\u00e7\u00e3o para a menina entrar na \u00e1rea de interna\u00e7\u00e3o e eles passarem um domingo juntos. \u201cNesse dia, a gente conseguiu conversar com ela, compramos um presente, o Weslley cortou a unha dela, colocou ela na cama, e ela teve um bom entendimento do que estava acontecendo. A gente viu que o amor deles transcende tudo isso\u201d, contou Alice, ao\u00a0<strong>Metr\u00f3poles<\/strong>.\n<\/p>\n<p>O dia da despedida, que aconteceu em 3 de setembro de 2023, foi gravado pela m\u00e3e de Duda e viralizou na internet (<em>veja abaixo<\/em>). Weslley faleceria uma semana depois, no dia 10 setembro, a cinco dias do seu anivers\u00e1rio de 34 anos.\n<\/p>\n<p><iframe title=\"\u00daltimo dia de Duda com o pai foi registrado pela m\u00e3e da menina.mp4\" src=\"https:\/\/cdn.jwplayer.com\/players\/Ly9VmKHO-65fVsHCx.html\" width=\"100%\" height=\"100%\" frameborder=\"0\" scrolling=\"auto\" allowfullscreen=\"allowfullscreen\" data-mce-fragment=\"1\"><\/iframe><\/p>\n<p>\u00a0<\/p>\n<p>Ele e Alice, hoje com 29 anos, foram casados por 10 anos e enfrentaram juntos o per\u00edodo de tratamento. Para a vi\u00fava, o<a href=\"https:\/\/www.metropoles.com\/saude\/saiba-importancia-dos-cuidados-paliativos\">\u00a0cuidado paliativo<\/a>\u00a0foi o momento em que eles decidiram parar de olhar para o corpo de seu marido e passaram a entend\u00ea-lo como um ser humano. O que permitiu que ele se despedisse da filha.\n<\/p>\n<p>Como Duda \u00e9 autista, Alice conta que havia uma demanda de explicar a doen\u00e7a para a filha de uma forma que a menina compreendesse o que estava acontecendo e pudesse aproveitar os \u00faltimos momentos dos pais e, por isso, o dia da despedida foi fundamental.\n<\/p>\n<div class=\"m-banner-wrap m-banner-rectangle m-publicity-content-middle\">\n<div id=\"div-gpt-ads-1\" class=\"ad-displayed\">\n<div id=\"r89-desktop-incontent-3-0-wrapper\">\n<div id=\"r89-desktop-incontent-3-0\" data-google-query-id=\"CLrr8JC7uYoDFeZdHQkd1Jsw_Q\">\n<blockquote>\n<p>\u201cEla sabia que o pai n\u00e3o estava bem. A gente sabia que ele teria pouco tempo, que estava chegando o fim pr\u00f3ximo. Ent\u00e3o a gente conseguiu fazer um especial com ela, para mostrar para ela que o pai n\u00e3o estaria mais l\u00e1 e at\u00e9 hoje ela fala muito do pai\u201d.\n<\/p>\n<\/blockquote>\n<\/div>\n<p>O falecimento de Weslley ainda \u00e9 muito sentido pelas duas, principalmente com a chegada das festas de fim de ano. \u201c\u00c9 mais dif\u00edcil agora do que no in\u00edcio, porque o sofrimento dele estava n\u00edtido, e hoje em dia a saudade aumenta mais\u201d, lembra Alice.\n<\/p>\n<\/div>\n<\/div>\n<\/div>\n<\/div>\n<p data-gtm-vis-recent-on-screen104869357_94=\"34346\" data-gtm-vis-first-on-screen104869357_94=\"34346\" data-gtm-vis-total-visible-time104869357_94=\"100\" data-gtm-vis-has-fired104869357_94=\"1\">Com informa\u00e7\u00f5es Metr\u00f3poles              <\/p>\n<\/div>\n<p><br \/>\n<br \/><a href=\"https:\/\/diariodobrasilnoticias.com.br\/noticia\/video-despedida-de-menina-autista-do-pai-com-cancer-viraliza-6767060081fdc\">Source link <\/a><\/p>","protected":false},"excerpt":{"rendered":"<p>Foto: REPRODU\u00c7\u00c3O &#8220;Metr\u00f3poles&#8221; A menina Duda tinha apenas 7 anos quando o seu pai Wesley Waila foi diagnosticado com um c\u00e2ncer na ves\u00edcula biliar. Ap\u00f3s dois anos de tratamento intensivo&hellip;<\/p>","protected":false},"author":1,"featured_media":80568,"comment_status":"closed","ping_status":"open","sticky":false,"template":"","format":"standard","meta":{"content-type":"","footnotes":""},"categories":[16],"tags":[123,2448,5313,1267],"class_list":["post-80567","post","type-post","status-publish","format-standard","has-post-thumbnail","hentry","category-noticias","tag-brasil","tag-diario","tag-noticia","tag-noticias"],"_links":{"self":[{"href":"https:\/\/tvbrazilusa.com\/pt\/wp-json\/wp\/v2\/posts\/80567","targetHints":{"allow":["GET"]}}],"collection":[{"href":"https:\/\/tvbrazilusa.com\/pt\/wp-json\/wp\/v2\/posts"}],"about":[{"href":"https:\/\/tvbrazilusa.com\/pt\/wp-json\/wp\/v2\/types\/post"}],"author":[{"embeddable":true,"href":"https:\/\/tvbrazilusa.com\/pt\/wp-json\/wp\/v2\/users\/1"}],"replies":[{"embeddable":true,"href":"https:\/\/tvbrazilusa.com\/pt\/wp-json\/wp\/v2\/comments?post=80567"}],"version-history":[{"count":1,"href":"https:\/\/tvbrazilusa.com\/pt\/wp-json\/wp\/v2\/posts\/80567\/revisions"}],"predecessor-version":[{"id":80569,"href":"https:\/\/tvbrazilusa.com\/pt\/wp-json\/wp\/v2\/posts\/80567\/revisions\/80569"}],"wp:featuredmedia":[{"embeddable":true,"href":"https:\/\/tvbrazilusa.com\/pt\/wp-json\/wp\/v2\/media\/80568"}],"wp:attachment":[{"href":"https:\/\/tvbrazilusa.com\/pt\/wp-json\/wp\/v2\/media?parent=80567"}],"wp:term":[{"taxonomy":"category","embeddable":true,"href":"https:\/\/tvbrazilusa.com\/pt\/wp-json\/wp\/v2\/categories?post=80567"},{"taxonomy":"post_tag","embeddable":true,"href":"https:\/\/tvbrazilusa.com\/pt\/wp-json\/wp\/v2\/tags?post=80567"}],"curies":[{"name":"wp","href":"https:\/\/api.w.org\/{rel}","templated":true}]}}