{"id":80573,"date":"2024-12-21T20:51:13","date_gmt":"2024-12-21T20:51:13","guid":{"rendered":"https:\/\/tvbrazilusa.com\/2024\/12\/21\/grupo-de-peruanos-e-preso-por-furtar-r-618-mil-em-produtos-de-shopping-em-ribeirao-preto\/"},"modified":"2024-12-21T20:51:15","modified_gmt":"2024-12-21T20:51:15","slug":"grupo-de-peruanos-e-preso-por-furtar-r-618-mil-em-produtos-de-shopping-em-ribeirao-preto","status":"publish","type":"post","link":"https:\/\/tvbrazilusa.com\/pt\/2024\/12\/21\/grupo-de-peruanos-e-preso-por-furtar-r-618-mil-em-produtos-de-shopping-em-ribeirao-preto\/","title":{"rendered":"Grupo de peruanos \u00e9 preso por furtar R$ 61,8 mil em produtos de shopping em Ribeir\u00e3o Preto"},"content":{"rendered":"<p> <script async src=\"https:\/\/pagead2.googlesyndication.com\/pagead\/js\/adsbygoogle.js?client=ca-pub-8864793242727901\"\r\n     crossorigin=\"anonymous\"><\/script><br \/>\n<\/p>\n<div data-block-type=\"unstyled\" data-block-weight=\"32\">\n<p class=\"content-text__container\" data-track-category=\"Link no Texto\" data-track-links=\"data-track-links\">Segundo a Pol\u00edcia Militar, os suspeitos foram abordados quando sa\u00edam do shopping em dois carros, onde levavam diversas pe\u00e7as de roupas de diferentes lojas. O preju\u00edzo estimado \u00e9 de\u00a0<strong><span class=\"highlight\">R$ 61,8 mil<\/span><\/strong>.<\/p>\n<div id=\"chunk-19hnp\">\n<div class=\"mc-column content-text active-extra-styles\" data-block-type=\"unstyled\" data-block-weight=\"30\">\n<p class=\"content-text__container\" data-track-category=\"Link no Texto\" data-track-links=\"data-track-links\">Ainda de acordo com a PM, o grupo usava uma sacola especial que impede o acionamento do alarme dos estabelecimentos, colocavam os objetos nessa sacola e levavam at\u00e9 o ve\u00edculo.\n<\/p>\n<\/div>\n<\/div>\n<div id=\"chunk-4bujv\">\n<div class=\"mc-column content-text active-extra-styles\" data-block-type=\"unstyled\" data-block-weight=\"16\">\n<p class=\"content-text__container\" data-track-category=\"Link no Texto\" data-track-links=\"data-track-links\">Entre os suspeitos havia uma mulher que portava tornozeleira eletr\u00f4nica, devido a um outro furto cometido.\n<\/p>\n<p class=\"content-text__container\" data-track-category=\"Link no Texto\" data-track-links=\"data-track-links\">Com informa\u00e7\u00f5es G1.\n<\/p>\n<\/div>\n<\/div>\n<\/div>\n<p><br \/>\n<br \/><a href=\"https:\/\/diariodobrasilnoticias.com.br\/noticia\/grupo-de-peruanos-e-preso-por-furtar-r-61-8-mil-em-produtos-de-shopping-em-ribeirao-preto-67670a2f388d4\">Source link <\/a><\/p>","protected":false},"excerpt":{"rendered":"<p>Segundo a Pol\u00edcia Militar, os suspeitos foram abordados quando sa\u00edam do shopping em dois carros, onde levavam diversas pe\u00e7as de roupas de diferentes lojas. O preju\u00edzo estimado \u00e9 de\u00a0R$ 61,8&hellip;<\/p>","protected":false},"author":1,"featured_media":80574,"comment_status":"closed","ping_status":"open","sticky":false,"template":"","format":"standard","meta":{"content-type":"","footnotes":""},"categories":[16],"tags":[123,2448,5313,1267],"class_list":["post-80573","post","type-post","status-publish","format-standard","has-post-thumbnail","hentry","category-noticias","tag-brasil","tag-diario","tag-noticia","tag-noticias"],"_links":{"self":[{"href":"https:\/\/tvbrazilusa.com\/pt\/wp-json\/wp\/v2\/posts\/80573","targetHints":{"allow":["GET"]}}],"collection":[{"href":"https:\/\/tvbrazilusa.com\/pt\/wp-json\/wp\/v2\/posts"}],"about":[{"href":"https:\/\/tvbrazilusa.com\/pt\/wp-json\/wp\/v2\/types\/post"}],"author":[{"embeddable":true,"href":"https:\/\/tvbrazilusa.com\/pt\/wp-json\/wp\/v2\/users\/1"}],"replies":[{"embeddable":true,"href":"https:\/\/tvbrazilusa.com\/pt\/wp-json\/wp\/v2\/comments?post=80573"}],"version-history":[{"count":1,"href":"https:\/\/tvbrazilusa.com\/pt\/wp-json\/wp\/v2\/posts\/80573\/revisions"}],"predecessor-version":[{"id":80575,"href":"https:\/\/tvbrazilusa.com\/pt\/wp-json\/wp\/v2\/posts\/80573\/revisions\/80575"}],"wp:featuredmedia":[{"embeddable":true,"href":"https:\/\/tvbrazilusa.com\/pt\/wp-json\/wp\/v2\/media\/80574"}],"wp:attachment":[{"href":"https:\/\/tvbrazilusa.com\/pt\/wp-json\/wp\/v2\/media?parent=80573"}],"wp:term":[{"taxonomy":"category","embeddable":true,"href":"https:\/\/tvbrazilusa.com\/pt\/wp-json\/wp\/v2\/categories?post=80573"},{"taxonomy":"post_tag","embeddable":true,"href":"https:\/\/tvbrazilusa.com\/pt\/wp-json\/wp\/v2\/tags?post=80573"}],"curies":[{"name":"wp","href":"https:\/\/api.w.org\/{rel}","templated":true}]}}