{"id":80579,"date":"2024-12-21T21:03:21","date_gmt":"2024-12-21T21:03:21","guid":{"rendered":"https:\/\/tvbrazilusa.com\/2024\/12\/21\/okamotto-diz-que-projeto-de-lula-nao-conseguiu-encantar-a-maioria\/"},"modified":"2024-12-21T21:03:22","modified_gmt":"2024-12-21T21:03:22","slug":"okamotto-diz-que-projeto-de-lula-nao-conseguiu-encantar-a-maioria","status":"publish","type":"post","link":"https:\/\/tvbrazilusa.com\/pt\/2024\/12\/21\/okamotto-diz-que-projeto-de-lula-nao-conseguiu-encantar-a-maioria\/","title":{"rendered":"Okamotto diz que projeto de Lula n\u00e3o conseguiu \u2018encantar\u2019 a maioria"},"content":{"rendered":"<p> <script async src=\"https:\/\/pagead2.googlesyndication.com\/pagead\/js\/adsbygoogle.js?client=ca-pub-8864793242727901\"\r\n     crossorigin=\"anonymous\"><\/script><br \/>\n<\/p>\n<div id=\"taboola-read-more\" style=\"display:block; width:100%\">\n<p>O presidente da Funda\u00e7\u00e3o Perseu Abramo,\u00a0<strong>Paulo Okamotto<\/strong>, realizou um balan\u00e7o dos trabalhos da entidade mantida com recursos repassados pelo Partido dos Trabalhadores. Conhecido no passado como \u2018faz-tudo de Lula\u2019, ele fez uma avalia\u00e7\u00e3o de como a sociedade v\u00ea o governo \u2014 e n\u00e3o estaria vendo de maneira muito positiva, segundo ele.\n<\/p>\n<p>Okamotto acredita que\u00a0<strong><a href=\"https:\/\/12ft.io\/proxy?q=https%3A%2F%2Fveja.abril.com.br%2Fnoticias-sobre%2Fluiz-inacio-lula-da-silva%2F\" target=\"_parent\">Lula<\/a><\/strong>\u00a0e o\u00a0<strong>PT<\/strong>\u00a0n\u00e3o est\u00e3o conseguindo agradar a maioria. \u201cApesar de o presidente Lula resgatar todos os programas de governos anteriores \u2014 a valoriza\u00e7\u00e3o do sal\u00e1rio m\u00ednimo e fazer o Brasil voltar a crescer \u2013, isso n\u00e3o tem sido suficiente para encantar a maioria da sociedade brasileira\u201d, escreveu. \u201cEsta \u00e9 a nossa principal preocupa\u00e7\u00e3o para o projeto de 2026\u201d.<\/p>\n<p>O \u2018projeto 2026\u2019 \u00e9 a reelei\u00e7\u00e3o de Lula, que enfrenta problemas de sa\u00fade e estar\u00e1 com 81 anos de idade durante as pr\u00f3ximas elei\u00e7\u00f5es presidenciais. Para Okamotto, o\u00a0 PT precisa ter um projeto para o Brasil que seja claro e que dialogue com as expectativas e necessidades do povo brasileiro.\n<\/p>\n<p><strong>Motoristas e pequenos empres\u00e1rios como alvo<\/strong>\n<\/p>\n<p>Amigo \u00edntimo do presidente, ele sugere que dirigentes do PT e filiados do partido se concentrem em temas nos quais a legenda teria falhado com a sociedade. \u201cBuscamos chamar a aten\u00e7\u00e3o dos dirigentes, militantes e filiados para tr\u00eas temas que aprendemos do quadro composto pelas nossas pesquisas: religi\u00e3o, seguran\u00e7a-p\u00fablica e a economia do Governo Lula e sua rela\u00e7\u00e3o com os empres\u00e1rios de pequenos neg\u00f3cios\u201d, diz .\n<\/p>\n<p>Nas \u00faltimas elei\u00e7\u00f5es, a funda\u00e7\u00e3o Perseu Abramo produziu cartilhas para ensinar aos militantes a atrair o eleitorado evang\u00e9lico e para orientar futuros dirigentes na \u00e1rea de seguran\u00e7a p\u00fablica. Recentemente, a entidade recomendou ao PT que priorizasse os trabalhadores de aplicativos e pequenos empres\u00e1rios. \u201cVamos continuar ampliando a nossa compreens\u00e3o sobre os trabalhadores por conta pr\u00f3pria e os empres\u00e1rios de pequenos neg\u00f3cios; como entendem seu trabalho; como se v\u00eaem, como constituem os seus valores; como fazemos para dialogar com esse p\u00fablico e convid\u00e1-los para ingressar no PT\u201d, disse o presidente da entidade.\n<\/p>\n<p>Com informa\u00e7\u00f5es Veja              <\/p>\n<\/div>\n<p><br \/>\n<br \/><a href=\"https:\/\/diariodobrasilnoticias.com.br\/noticia\/okamotto-diz-que-projeto-de-lula-nao-conseguiu-encantar-a-maioria-6767125825265\">Source link <\/a><\/p>","protected":false},"excerpt":{"rendered":"<p>O presidente da Funda\u00e7\u00e3o Perseu Abramo,\u00a0Paulo Okamotto, realizou um balan\u00e7o dos trabalhos da entidade mantida com recursos repassados pelo Partido dos Trabalhadores. Conhecido no passado como \u2018faz-tudo de Lula\u2019, ele&hellip;<\/p>","protected":false},"author":1,"featured_media":80580,"comment_status":"closed","ping_status":"open","sticky":false,"template":"","format":"standard","meta":{"content-type":"","footnotes":""},"categories":[16],"tags":[123,2448,5313,1267],"class_list":["post-80579","post","type-post","status-publish","format-standard","has-post-thumbnail","hentry","category-noticias","tag-brasil","tag-diario","tag-noticia","tag-noticias"],"_links":{"self":[{"href":"https:\/\/tvbrazilusa.com\/pt\/wp-json\/wp\/v2\/posts\/80579","targetHints":{"allow":["GET"]}}],"collection":[{"href":"https:\/\/tvbrazilusa.com\/pt\/wp-json\/wp\/v2\/posts"}],"about":[{"href":"https:\/\/tvbrazilusa.com\/pt\/wp-json\/wp\/v2\/types\/post"}],"author":[{"embeddable":true,"href":"https:\/\/tvbrazilusa.com\/pt\/wp-json\/wp\/v2\/users\/1"}],"replies":[{"embeddable":true,"href":"https:\/\/tvbrazilusa.com\/pt\/wp-json\/wp\/v2\/comments?post=80579"}],"version-history":[{"count":1,"href":"https:\/\/tvbrazilusa.com\/pt\/wp-json\/wp\/v2\/posts\/80579\/revisions"}],"predecessor-version":[{"id":80581,"href":"https:\/\/tvbrazilusa.com\/pt\/wp-json\/wp\/v2\/posts\/80579\/revisions\/80581"}],"wp:featuredmedia":[{"embeddable":true,"href":"https:\/\/tvbrazilusa.com\/pt\/wp-json\/wp\/v2\/media\/80580"}],"wp:attachment":[{"href":"https:\/\/tvbrazilusa.com\/pt\/wp-json\/wp\/v2\/media?parent=80579"}],"wp:term":[{"taxonomy":"category","embeddable":true,"href":"https:\/\/tvbrazilusa.com\/pt\/wp-json\/wp\/v2\/categories?post=80579"},{"taxonomy":"post_tag","embeddable":true,"href":"https:\/\/tvbrazilusa.com\/pt\/wp-json\/wp\/v2\/tags?post=80579"}],"curies":[{"name":"wp","href":"https:\/\/api.w.org\/{rel}","templated":true}]}}