{"id":80591,"date":"2024-12-21T21:34:42","date_gmt":"2024-12-21T21:34:42","guid":{"rendered":"https:\/\/tvbrazilusa.com\/2024\/12\/21\/daniela-mercury-esta-revoltada-com-criticas-a-lula-por-causa-da-alta-do-dolar\/"},"modified":"2024-12-21T21:34:43","modified_gmt":"2024-12-21T21:34:43","slug":"daniela-mercury-esta-revoltada-com-criticas-a-lula-por-causa-da-alta-do-dolar","status":"publish","type":"post","link":"https:\/\/tvbrazilusa.com\/pt\/2024\/12\/21\/daniela-mercury-esta-revoltada-com-criticas-a-lula-por-causa-da-alta-do-dolar\/","title":{"rendered":"Daniela Mercury est\u00e1 revoltada com cr\u00edticas a Lula por causa da alta do d\u00f3lar"},"content":{"rendered":"<p> <script async src=\"https:\/\/pagead2.googlesyndication.com\/pagead\/js\/adsbygoogle.js?client=ca-pub-8864793242727901\"\r\n     crossorigin=\"anonymous\"><\/script><br \/>\n<\/p>\n<div id=\"taboola-read-more\" style=\"display:block; width:100%\">\n<p><strong><a href=\"https:\/\/12ft.io\/proxy?q=https%3A%2F%2Fveja.abril.com.br%2Fcoluna%2Fveja-gente%2Fdaniela-mercury-quer-show-politico-no-rock-in-rio-celebracao\" target=\"_parent\">Daniela Mercury<\/a>\u00a0<\/strong>criticou nesta quinta-feira, 19, os ataques ao governo\u00a0<a href=\"https:\/\/12ft.io\/proxy?q=https%3A%2F%2Fveja.abril.com.br%2Fcoluna%2Fveja-gente%2Fa-ilustre-visita-musical-que-lula-recebeu-em-casa\" target=\"_parent\"><strong>Lula<\/strong><\/a>\u00a0pelo valor recorde do d\u00f3lar. \u201cMe parece que quem n\u00e3o conseguiu dar o golpe de Estado est\u00e1 tentando destruir nossa democracia atacando nossa economia. Quem domina a comunica\u00e7\u00e3o domina o mundo. Quem ser\u00e1 que quer nos subordinar aos seus desejos autorit\u00e1rios? E o que podemos fazer para defender o Brasil?\u201d, escreveu a cantora em seu perfil no X. O d\u00f3lar disparou na quarta-feira, 18,\u00a0 com quase 3 por cento \u00e0 frente do real, a maior cota\u00e7\u00e3o j\u00e1 registrada. A alta \u00e9 oriunda da desconfian\u00e7a do mercado com o compromisso fiscal do governo, que ainda n\u00e3o aprovou o pacote de corte de gastos.\n<\/p>\n<p>Com informa\u00e7\u00f5es veja<\/p>\n<\/p><\/div>\n<p><br \/>\n<br \/><a href=\"https:\/\/diariodobrasilnoticias.com.br\/noticia\/daniela-mercury-esta-revoltada-com-criticas-a-lula-por-causa-da-alta-do-dolar-67671a1387d05\">Source link <\/a><\/p>","protected":false},"excerpt":{"rendered":"<p>Daniela Mercury\u00a0criticou nesta quinta-feira, 19, os ataques ao governo\u00a0Lula\u00a0pelo valor recorde do d\u00f3lar. \u201cMe parece que quem n\u00e3o conseguiu dar o golpe de Estado est\u00e1 tentando destruir nossa democracia atacando&hellip;<\/p>","protected":false},"author":1,"featured_media":80592,"comment_status":"closed","ping_status":"open","sticky":false,"template":"","format":"standard","meta":{"content-type":"","footnotes":""},"categories":[16],"tags":[123,2448,5313,1267],"class_list":["post-80591","post","type-post","status-publish","format-standard","has-post-thumbnail","hentry","category-noticias","tag-brasil","tag-diario","tag-noticia","tag-noticias"],"_links":{"self":[{"href":"https:\/\/tvbrazilusa.com\/pt\/wp-json\/wp\/v2\/posts\/80591","targetHints":{"allow":["GET"]}}],"collection":[{"href":"https:\/\/tvbrazilusa.com\/pt\/wp-json\/wp\/v2\/posts"}],"about":[{"href":"https:\/\/tvbrazilusa.com\/pt\/wp-json\/wp\/v2\/types\/post"}],"author":[{"embeddable":true,"href":"https:\/\/tvbrazilusa.com\/pt\/wp-json\/wp\/v2\/users\/1"}],"replies":[{"embeddable":true,"href":"https:\/\/tvbrazilusa.com\/pt\/wp-json\/wp\/v2\/comments?post=80591"}],"version-history":[{"count":1,"href":"https:\/\/tvbrazilusa.com\/pt\/wp-json\/wp\/v2\/posts\/80591\/revisions"}],"predecessor-version":[{"id":80593,"href":"https:\/\/tvbrazilusa.com\/pt\/wp-json\/wp\/v2\/posts\/80591\/revisions\/80593"}],"wp:featuredmedia":[{"embeddable":true,"href":"https:\/\/tvbrazilusa.com\/pt\/wp-json\/wp\/v2\/media\/80592"}],"wp:attachment":[{"href":"https:\/\/tvbrazilusa.com\/pt\/wp-json\/wp\/v2\/media?parent=80591"}],"wp:term":[{"taxonomy":"category","embeddable":true,"href":"https:\/\/tvbrazilusa.com\/pt\/wp-json\/wp\/v2\/categories?post=80591"},{"taxonomy":"post_tag","embeddable":true,"href":"https:\/\/tvbrazilusa.com\/pt\/wp-json\/wp\/v2\/tags?post=80591"}],"curies":[{"name":"wp","href":"https:\/\/api.w.org\/{rel}","templated":true}]}}