{"id":80601,"date":"2024-12-21T21:58:58","date_gmt":"2024-12-21T21:58:58","guid":{"rendered":"https:\/\/tvbrazilusa.com\/2024\/12\/21\/em-fala-de-despedida-pacheco-nega-plano-de-ser-ministro-de-lula\/"},"modified":"2024-12-21T21:58:59","modified_gmt":"2024-12-21T21:58:59","slug":"em-fala-de-despedida-pacheco-nega-plano-de-ser-ministro-de-lula","status":"publish","type":"post","link":"https:\/\/tvbrazilusa.com\/pt\/2024\/12\/21\/em-fala-de-despedida-pacheco-nega-plano-de-ser-ministro-de-lula\/","title":{"rendered":"Em fala de despedida, Pacheco nega plano de ser ministro de Lula"},"content":{"rendered":"<p> <script async src=\"https:\/\/pagead2.googlesyndication.com\/pagead\/js\/adsbygoogle.js?client=ca-pub-8864793242727901\"\r\n     crossorigin=\"anonymous\"><\/script><br \/>\n<\/p>\n<div id=\"taboola-read-more\" style=\"display:block; width:100%\">\n<p>O presidente do Senado Federal,\u00a0<a href=\"https:\/\/www.metropoles.com\/tag\/rodrigo-pacheco\">Rodrigo Pacheco (PSD-MG)<\/a>, negou planos de virar ministro do governo Lula ap\u00f3s deixar o comando do Congresso, em fevereiro. A declara\u00e7\u00e3o foi dada na sexta-feira (20\/12), durante seu \u00faltimo pronunciamento de 2024 no p\u00falpito do Sal\u00e3o Azul.\n<\/p>\n<p>\u00a0<\/p>\n<p data-gtm-vis-recent-on-screen104869357_94=\"76352\" data-gtm-vis-first-on-screen104869357_94=\"76352\" data-gtm-vis-total-visible-time104869357_94=\"100\" data-gtm-vis-has-fired104869357_94=\"1\">\u201cEssa defini\u00e7\u00e3o n\u00e3o existe. Eu tenho que concluir at\u00e9 dia primeiro de fevereiro no mandato como presidente do Senado, fazer a elei\u00e7\u00e3o da Mesa Diretora nos primeiros dias de fevereiro, a defini\u00e7\u00e3o das comiss\u00f5es. Por ora, a defini\u00e7\u00e3o \u00e9 a perman\u00eancia aqui no Senado, l\u00e1 no meu gabinete 24, para poder servir o meu estado de Minas Gerais e servir o povo brasileiro\u201d, declarou Pacheco.<\/p>\n<p data-gtm-vis-recent-on-screen104869357_94=\"76352\" data-gtm-vis-first-on-screen104869357_94=\"76352\" data-gtm-vis-total-visible-time104869357_94=\"100\" data-gtm-vis-has-fired104869357_94=\"1\">O senador de Minas Gerais \u00e9 citado como um dos potenciais nomes para assumir um minist\u00e9rio depois da elei\u00e7\u00e3o das novas Mesas Diretoras da C\u00e2mara e do Senado.\n<\/p>\n<p>O presidente\u00a0<a href=\"https:\/\/www.metropoles.com\/tag\/lula\">Luiz In\u00e1cio Lula da Silva (PT)<\/a>\u00a0deve formalizar uma reforma ministerial logo depois do pleito que vai definir o comando do Congresso pelos pr\u00f3ximos dois anos.\n<\/p>\n<p>O presidente do Senado termina seu mandato no in\u00edcio de fevereiro, depois de quatro anos \u00e0 frente do Poder Legislativo. A elei\u00e7\u00e3o est\u00e1 prevista para ser realizada em 3 de fevereiro, e o favorito na disputa \u00e9 o senador\u00a0<a href=\"https:\/\/www.metropoles.com\/tag\/davi-alcolumbre\">Davi Alcolumbre (Uni\u00e3o Brasil-AP)<\/a>. Alcolumbre j\u00e1 presidiu o Congresso de 2019 a 2021.\n<\/p>\n<p>Com informa\u00e7\u00f5es Metr\u00f3poles              <\/p>\n<\/div>\n<p><br \/>\n<br \/><a href=\"https:\/\/diariodobrasilnoticias.com.br\/noticia\/em-fala-de-despedida-pacheco-nega-plano-de-ser-ministro-de-lula-6767216a04d4a\">Source link <\/a><\/p>","protected":false},"excerpt":{"rendered":"<p>O presidente do Senado Federal,\u00a0Rodrigo Pacheco (PSD-MG), negou planos de virar ministro do governo Lula ap\u00f3s deixar o comando do Congresso, em fevereiro. A declara\u00e7\u00e3o foi dada na sexta-feira (20\/12),&hellip;<\/p>","protected":false},"author":1,"featured_media":80602,"comment_status":"closed","ping_status":"open","sticky":false,"template":"","format":"standard","meta":{"content-type":"","footnotes":""},"categories":[16],"tags":[123,2448,5313,1267],"class_list":["post-80601","post","type-post","status-publish","format-standard","has-post-thumbnail","hentry","category-noticias","tag-brasil","tag-diario","tag-noticia","tag-noticias"],"_links":{"self":[{"href":"https:\/\/tvbrazilusa.com\/pt\/wp-json\/wp\/v2\/posts\/80601","targetHints":{"allow":["GET"]}}],"collection":[{"href":"https:\/\/tvbrazilusa.com\/pt\/wp-json\/wp\/v2\/posts"}],"about":[{"href":"https:\/\/tvbrazilusa.com\/pt\/wp-json\/wp\/v2\/types\/post"}],"author":[{"embeddable":true,"href":"https:\/\/tvbrazilusa.com\/pt\/wp-json\/wp\/v2\/users\/1"}],"replies":[{"embeddable":true,"href":"https:\/\/tvbrazilusa.com\/pt\/wp-json\/wp\/v2\/comments?post=80601"}],"version-history":[{"count":1,"href":"https:\/\/tvbrazilusa.com\/pt\/wp-json\/wp\/v2\/posts\/80601\/revisions"}],"predecessor-version":[{"id":80603,"href":"https:\/\/tvbrazilusa.com\/pt\/wp-json\/wp\/v2\/posts\/80601\/revisions\/80603"}],"wp:featuredmedia":[{"embeddable":true,"href":"https:\/\/tvbrazilusa.com\/pt\/wp-json\/wp\/v2\/media\/80602"}],"wp:attachment":[{"href":"https:\/\/tvbrazilusa.com\/pt\/wp-json\/wp\/v2\/media?parent=80601"}],"wp:term":[{"taxonomy":"category","embeddable":true,"href":"https:\/\/tvbrazilusa.com\/pt\/wp-json\/wp\/v2\/categories?post=80601"},{"taxonomy":"post_tag","embeddable":true,"href":"https:\/\/tvbrazilusa.com\/pt\/wp-json\/wp\/v2\/tags?post=80601"}],"curies":[{"name":"wp","href":"https:\/\/api.w.org\/{rel}","templated":true}]}}