{"id":80604,"date":"2024-12-21T22:11:08","date_gmt":"2024-12-21T22:11:08","guid":{"rendered":"https:\/\/tvbrazilusa.com\/2024\/12\/21\/mercado-em-queda-desvalorizacao-na-bolsa-brasileira-soma-r-173-bilhoes-em-10-dias\/"},"modified":"2024-12-21T22:11:09","modified_gmt":"2024-12-21T22:11:09","slug":"mercado-em-queda-desvalorizacao-na-bolsa-brasileira-soma-r-173-bilhoes-em-10-dias","status":"publish","type":"post","link":"https:\/\/tvbrazilusa.com\/pt\/2024\/12\/21\/mercado-em-queda-desvalorizacao-na-bolsa-brasileira-soma-r-173-bilhoes-em-10-dias\/","title":{"rendered":"Mercado em queda: desvaloriza\u00e7\u00e3o na Bolsa brasileira soma R$ 173 bilh\u00f5es em 10 dias"},"content":{"rendered":"<p> <script async src=\"https:\/\/pagead2.googlesyndication.com\/pagead\/js\/adsbygoogle.js?client=ca-pub-8864793242727901\"\r\n     crossorigin=\"anonymous\"><\/script><br \/>\n<\/p>\n<div id=\"taboola-read-more\" style=\"display:block; width:100%\">\n<p>A disparada do d\u00f3lar e dos juros futuros provocou um baque significativo no mercado financeiro brasileiro. Nos \u00faltimos dez dias, o valor de mercado das 367 empresas listadas na B3, a Bolsa de Valores brasileira, sofreu uma queda de R$ 173 bilh\u00f5es. Esse montante equivale a toda a capitaliza\u00e7\u00e3o do Banco do Brasil, avaliada atualmente em R$ 136 bilh\u00f5es.\n<\/p>\n<p>No final de novembro, as empresas listadas na bolsa acumulavam um valor de mercado total de R$ 4,34 trilh\u00f5es. Nesta quinta-feira (19), o montante caiu para R$ 4,16 trilh\u00f5es, refletindo a forte liquida\u00e7\u00e3o de ativos e o aumento da avers\u00e3o ao risco por parte dos investidores.<\/p>\n<p>Entre os setores mais atingidos est\u00e3o as empresas a\u00e9reas, que possuem alta exposi\u00e7\u00e3o a d\u00edvidas em d\u00f3lar. Algumas companhias do setor enfrentam n\u00edveis de desvaloriza\u00e7\u00e3o ainda mais acentuados do que os registrados em mar\u00e7o de 2020, quando a pandemia de Covid-19 foi declarada.\n<\/p>\n<p>O economista Alexandre Chaia, professor do Insper, destaca que, para empresas com receitas em d\u00f3lar, como a Embraer, o impacto \u00e9 minimizado. No entanto, empresas que faturam em reais e t\u00eam custos atrelados \u00e0 moeda americana devem repassar os aumentos para os consumidores, caso o d\u00f3lar mantenha-se em alta.\n<\/p>\n<p>A alta do d\u00f3lar tem consequ\u00eancias diretas para a economia real, especialmente em setores dolarizados, como o agroneg\u00f3cio e a avia\u00e7\u00e3o. Custos crescentes de insumos e financiamentos podem refletir no pre\u00e7o final de produtos e servi\u00e7os, atingindo o consumidor.\n<\/p>\n<p>\u201cEmbora a volatilidade seja caracter\u00edstica da renda vari\u00e1vel, o cen\u00e1rio atual sugere um impacto mais profundo nas opera\u00e7\u00f5es empresariais, especialmente se o d\u00f3lar continuar em alta\u201d, alertou Chaia.\n<\/p>\n<p>Com informa\u00e7\u00f5es Hora Brasilia              <\/p>\n<\/div>\n<p><br \/>\n<br \/><a href=\"https:\/\/diariodobrasilnoticias.com.br\/noticia\/mercado-em-queda-desvalorizacao-na-bolsa-brasileira-soma-r-173-bilhoes-em-10-dias-67672472e04fa\">Source link <\/a><\/p>","protected":false},"excerpt":{"rendered":"<p>A disparada do d\u00f3lar e dos juros futuros provocou um baque significativo no mercado financeiro brasileiro. Nos \u00faltimos dez dias, o valor de mercado das 367 empresas listadas na B3,&hellip;<\/p>","protected":false},"author":1,"featured_media":80605,"comment_status":"closed","ping_status":"open","sticky":false,"template":"","format":"standard","meta":{"content-type":"","footnotes":""},"categories":[16],"tags":[123,2448,5313,1267],"class_list":["post-80604","post","type-post","status-publish","format-standard","has-post-thumbnail","hentry","category-noticias","tag-brasil","tag-diario","tag-noticia","tag-noticias"],"_links":{"self":[{"href":"https:\/\/tvbrazilusa.com\/pt\/wp-json\/wp\/v2\/posts\/80604","targetHints":{"allow":["GET"]}}],"collection":[{"href":"https:\/\/tvbrazilusa.com\/pt\/wp-json\/wp\/v2\/posts"}],"about":[{"href":"https:\/\/tvbrazilusa.com\/pt\/wp-json\/wp\/v2\/types\/post"}],"author":[{"embeddable":true,"href":"https:\/\/tvbrazilusa.com\/pt\/wp-json\/wp\/v2\/users\/1"}],"replies":[{"embeddable":true,"href":"https:\/\/tvbrazilusa.com\/pt\/wp-json\/wp\/v2\/comments?post=80604"}],"version-history":[{"count":1,"href":"https:\/\/tvbrazilusa.com\/pt\/wp-json\/wp\/v2\/posts\/80604\/revisions"}],"predecessor-version":[{"id":80606,"href":"https:\/\/tvbrazilusa.com\/pt\/wp-json\/wp\/v2\/posts\/80604\/revisions\/80606"}],"wp:featuredmedia":[{"embeddable":true,"href":"https:\/\/tvbrazilusa.com\/pt\/wp-json\/wp\/v2\/media\/80605"}],"wp:attachment":[{"href":"https:\/\/tvbrazilusa.com\/pt\/wp-json\/wp\/v2\/media?parent=80604"}],"wp:term":[{"taxonomy":"category","embeddable":true,"href":"https:\/\/tvbrazilusa.com\/pt\/wp-json\/wp\/v2\/categories?post=80604"},{"taxonomy":"post_tag","embeddable":true,"href":"https:\/\/tvbrazilusa.com\/pt\/wp-json\/wp\/v2\/tags?post=80604"}],"curies":[{"name":"wp","href":"https:\/\/api.w.org\/{rel}","templated":true}]}}