{"id":8066,"date":"2024-07-08T20:30:30","date_gmt":"2024-07-08T20:30:30","guid":{"rendered":"https:\/\/tvbrazilusa.com\/2024\/07\/08\/askjaxtdy-ainda-ha-fundos-reservados-para-a-remocao-de-monumentos-confederados-jacksonville-today\/"},"modified":"2024-07-24T23:35:10","modified_gmt":"2024-07-24T23:35:10","slug":"askjaxtdy-ainda-ha-fundos-reservados-para-a-remocao-de-monumentos-confederados-jacksonville-today","status":"publish","type":"post","link":"https:\/\/tvbrazilusa.com\/pt\/2024\/07\/08\/askjaxtdy-ainda-ha-fundos-reservados-para-a-remocao-de-monumentos-confederados-jacksonville-today\/","title":{"rendered":"#AskJAXTDY | Ainda h\u00e1 fundos reservados para a remo\u00e7\u00e3o de monumentos confederados? &#8211; Jacksonville Today"},"content":{"rendered":"<p> <script async src=\"https:\/\/pagead2.googlesyndication.com\/pagead\/js\/adsbygoogle.js?client=ca-pub-8864793242727901\"\r\n     crossorigin=\"anonymous\"><\/script><br \/>\n<\/p>\n<div>\n<p>P: <em>Jacksonville Hoje<\/em> O leitor Jonathon A. quer saber o que est\u00e1 acontecendo com o dinheiro reservado pelo Conselho Municipal para a remo\u00e7\u00e3o de monumentos confederados.<\/p>\n<figure class=\"wp-block-pullquote\">\n<blockquote>\n<p><strong><em>\u201cLembro-me de alguns anos atr\u00e1s, quando Lenny Curry alocou US$ 500.000 para a remo\u00e7\u00e3o de est\u00e1tuas e monumentos confederados no or\u00e7amento da cidade.<\/em><\/strong><br \/><strong><em>Ainda est\u00e1 previsto no or\u00e7amento e para onde vai, se n\u00e3o for utilizado?\u201d<\/em><\/strong><\/p>\n<p><cite>\u2014 Johnathon A.<\/cite><\/p><\/blockquote>\n<\/figure>\n<p>R: Na segunda-feira, a administra\u00e7\u00e3o da prefeita Donna Deegan disse que est\u00e1 removendo o financiamento do monumento do Plano de Melhorias de Capital da cidade.<\/p>\n<p>Durante v\u00e1rios anos, $500.000 foram alocados para a remo\u00e7\u00e3o de monumentos confederados. N\u00f3s<a href=\"https:\/\/jaxtoday.org\/2024\/01\/26\/askjaxtdy-l-what-happens-with-the-money-set-aside-to-remove-confederate-monuments\/\" target=\"_blank\" rel=\"noreferrer noopener\"> escreveu<\/a> sobre a falta de um plano para esse financiamento em janeiro.<\/p>\n<p>Mas agora estamos indo a todo vapor para a temporada de or\u00e7amento de ver\u00e3o da cidade e, na pr\u00f3xima segunda-feira, Deegan propor\u00e1 seu or\u00e7amento de segundo ano. Mais tarde, o Conselho Municipal dar\u00e1 o OK como est\u00e1 ou o ajustar\u00e1.<\/p>\n<p>Ao remover o item do or\u00e7amento, a cidade potencialmente libera $ 500.000 para outro prop\u00f3sito. N\u00e3o estava claro at\u00e9 segunda-feira onde esse financiamento poderia ir parar.<\/p>\n<p>Para contextualizar, em 27 de dezembro, Deegan, ap\u00f3s uma opini\u00e3o jur\u00eddica do Conselheiro Geral<a href=\"https:\/\/jaxtoday.org\/2024\/01\/16\/monument-removal-money-never-flowed-through-city-coffers-jax-top-lawyer-says\/\" target=\"_blank\" rel=\"noreferrer noopener\"> Michael Fackler<\/a>decidiu remover v\u00e1rias est\u00e1tuas e outros itens de exibi\u00e7\u00e3o do monumento confederado \u201cWomen of the Southland\u201d no Springfield Park. Este ato, uma surpresa para quase todos os outros na cidade, foi pago por meio de financiamento privado do Jessie Ball duPont Fund e doadores an\u00f4nimos para a 904WARD, uma organiza\u00e7\u00e3o que promove a equidade racial em Jacksonville. Isso significa que o dinheiro nunca fluiu pelos cofres da cidade. <\/p>\n<p>O porta-voz da prefeita Donna Deegan, Phil Perry, disse que, at\u00e9 segunda-feira, os US$ 500.000 permaneciam no Plano de Melhoria de Capital do atual ano fiscal.<\/p>\n<p>\u201cN\u00e3o houve nenhum trabalho conduzido at\u00e9 o momento sob o projeto CIP aprovado, o que exigiria a aprova\u00e7\u00e3o do Conselho Municipal para ser iniciado\u201d, escreveu Perry.<\/p>\n<p>No entanto, Perry disse na segunda-feira \u00e0 noite que a cidade tomou uma decis\u00e3o sobre os fundos.<\/p>\n<p>\u201cNa verdade, decidimos retir\u00e1-lo, j\u00e1 que n\u00e3o \u00e9 mais necess\u00e1rio\u201d, diz Perry. \u201cEle ser\u00e1 desapropriado do (Plano de Melhoria de Capital).\u201d<\/p>\n<p>Para ver o que potencialmente poderia ser feito com o financiamento agora e se isso poderia ser discutido durante as negocia\u00e7\u00f5es or\u00e7ament\u00e1rias deste ver\u00e3o, <em>Jacksonville Hoje<\/em> enviou perguntas tanto ao Presidente do Conselho de sa\u00edda, Ron Salem, quanto ao Presidente do Conselho de entrada, Randy White. As perguntas enviadas por e-mail n\u00e3o foram reconhecidas at\u00e9 o momento da publica\u00e7\u00e3o.<\/p>\n<p>O atual presidente do Conselho Municipal, Ron Salem, pareceu indicar recentemente que n\u00e3o havia \u00edmpeto pol\u00edtico na Prefeitura para novas a\u00e7\u00f5es em rela\u00e7\u00e3o aos monumentos.  <\/p>\n<p>Em uma entrevista em <em>Primeira Costa Conectada<\/em>a apresentadora Anne Schindler perguntou: \u201cVoc\u00ea acha que, agora que a est\u00e1tua em Springfield Park \u2013 as Mulheres de Southland \u2013 foi removida, voc\u00ea acha que essa quest\u00e3o foi um pouco esvaziada? Onde voc\u00ea v\u00ea isso no radar da cidade?<\/p>\n<p>Salem disse que a discuss\u00e3o, para ele, parece ter acabado.<\/p>\n<p>\u201cAcho que est\u00e1 desinflado\u201d, respondeu Salem. \u201cAcho que ficou para tr\u00e1s.\u201d<\/p>\n<p>No entanto, nem todo mundo sente o mesmo.<\/p>\n<p>\u201cIsso n\u00e3o ficou para tr\u00e1s\u201d, diz Wells Todd, membro fundador do Take &#39;Em Down Jax, um grupo de advocacia dedicado \u00e0 remo\u00e7\u00e3o de monumentos e objetos confederados de espa\u00e7os p\u00fablicos. \u201cA batalha para remover essas est\u00e1tuas continuar\u00e1.\u201d<\/p>\n<p>Todd diz que os fundos do Plano de Melhorias de Capital devem ser usados \u200b\u200bpara remover a base restante do monumento no Springfield Park, anteriormente conhecido como Confederate Park.<\/p>\n<p>\u201cEst\u00e1tuas e s\u00edmbolos representam sistemas\u201d, disse Todd. \u201cEles nunca tocaram naquele dinheiro. \u00c9 para isso que aquele dinheiro deveria ser usado.\u201d<\/p>\n<p>Em um esfor\u00e7o para manter o assunto na mente dos moradores, o Take &#39;Em Down Jax est\u00e1 organizando um evento comunit\u00e1rio gratuito.<a href=\"https:\/\/www.eventbrite.com\/e\/recasting-the-past-featuring-dr-andrea-douglas-tickets-922961541817?aff=oddtdtcreator\" target=\"_blank\" rel=\"noreferrer noopener\"> Reformulando o passado: dos monumentos confederados aos s\u00edmbolos da paz<\/a> ser\u00e1 realizado nesta sexta-feira, 12 de julho, das 18h \u00e0s 21h, no<a href=\"https:\/\/www.dupontcenter.org\/\"> A Jessie<\/a> na 40 E. Adams St. em Jacksonville. O evento \u00e9 gratuito e aberto ao p\u00fablico e<a href=\"https:\/\/www.eventbrite.com\/e\/recasting-the-past-featuring-dr-andrea-douglas-tickets-922961541817?aff=oddtdtcreator\"> inscri\u00e7\u00e3o antecipada<\/a> \u00e9 necess\u00e1rio. <\/p>\n<p>Take &#39;Em Down Jax e seus parceiros comunit\u00e1rios dizem que est\u00e3o trabalhando para promover a cura e a reconcilia\u00e7\u00e3o.<\/p>\n<p>\u201cN\u00e3o se trata de criar uma utopia; trata-se de continuar a desmantelar as representa\u00e7\u00f5es f\u00edsicas da opress\u00e3o\u201d, diz Todd <em>Jacksonville Hoje<\/em>. \u201cEssas est\u00e1tuas e monumentos celebram e honram a falsa ideologia da supremacia branca e devem ser removidos de todos os Estados Unidos.\u201d<\/p>\n<\/div>\n<p><br \/>\n<br \/><a href=\"https:\/\/jaxtoday.org\/2024\/07\/08\/askjaxtdy-are-funds-still-set-aside-for-confederate-monument-removal\/\">Source link <\/a><\/p>","protected":false},"excerpt":{"rendered":"<p>P: Jacksonville Hoje O leitor Jonathon A. quer saber o que est\u00e1 acontecendo com o dinheiro reservado pelo Conselho Municipal para a remo\u00e7\u00e3o de monumentos confederados. \u201cLembro-me de alguns anos&hellip;<\/p>","protected":false},"author":1,"featured_media":8067,"comment_status":"closed","ping_status":"open","sticky":false,"template":"","format":"standard","meta":{"content-type":"","footnotes":""},"categories":[1],"tags":[1258,1372,1708,411],"class_list":["post-8066","post","type-post","status-publish","format-standard","has-post-thumbnail","hentry","category-uncategorized","tag-camara-municipal","tag-jacksonville","tag-monumentos-confederados","tag-prefeito"],"_links":{"self":[{"href":"https:\/\/tvbrazilusa.com\/pt\/wp-json\/wp\/v2\/posts\/8066","targetHints":{"allow":["GET"]}}],"collection":[{"href":"https:\/\/tvbrazilusa.com\/pt\/wp-json\/wp\/v2\/posts"}],"about":[{"href":"https:\/\/tvbrazilusa.com\/pt\/wp-json\/wp\/v2\/types\/post"}],"author":[{"embeddable":true,"href":"https:\/\/tvbrazilusa.com\/pt\/wp-json\/wp\/v2\/users\/1"}],"replies":[{"embeddable":true,"href":"https:\/\/tvbrazilusa.com\/pt\/wp-json\/wp\/v2\/comments?post=8066"}],"version-history":[{"count":1,"href":"https:\/\/tvbrazilusa.com\/pt\/wp-json\/wp\/v2\/posts\/8066\/revisions"}],"predecessor-version":[{"id":8068,"href":"https:\/\/tvbrazilusa.com\/pt\/wp-json\/wp\/v2\/posts\/8066\/revisions\/8068"}],"wp:featuredmedia":[{"embeddable":true,"href":"https:\/\/tvbrazilusa.com\/pt\/wp-json\/wp\/v2\/media\/8067"}],"wp:attachment":[{"href":"https:\/\/tvbrazilusa.com\/pt\/wp-json\/wp\/v2\/media?parent=8066"}],"wp:term":[{"taxonomy":"category","embeddable":true,"href":"https:\/\/tvbrazilusa.com\/pt\/wp-json\/wp\/v2\/categories?post=8066"},{"taxonomy":"post_tag","embeddable":true,"href":"https:\/\/tvbrazilusa.com\/pt\/wp-json\/wp\/v2\/tags?post=8066"}],"curies":[{"name":"wp","href":"https:\/\/api.w.org\/{rel}","templated":true}]}}