{"id":80662,"date":"2024-12-22T00:25:25","date_gmt":"2024-12-22T00:25:25","guid":{"rendered":"https:\/\/tvbrazilusa.com\/2024\/12\/22\/carro-parte-no-meio-e-cinco-jovens-e-adolescentes-sao-ejetados-e-ficam-feridos\/"},"modified":"2024-12-22T00:25:27","modified_gmt":"2024-12-22T00:25:27","slug":"carro-parte-no-meio-e-cinco-jovens-e-adolescentes-sao-ejetados-e-ficam-feridos","status":"publish","type":"post","link":"https:\/\/tvbrazilusa.com\/pt\/2024\/12\/22\/carro-parte-no-meio-e-cinco-jovens-e-adolescentes-sao-ejetados-e-ficam-feridos\/","title":{"rendered":"Carro parte no meio e cinco jovens e adolescentes s\u00e3o ejetados e ficam feridos"},"content":{"rendered":"<p> <script async src=\"https:\/\/pagead2.googlesyndication.com\/pagead\/js\/adsbygoogle.js?client=ca-pub-8864793242727901\"\r\n     crossorigin=\"anonymous\"><\/script><br \/>\n<\/p>\n<div data-block-type=\"unstyled\" data-block-weight=\"25\" data-block-id=\"4\">\n<p class=\"content-text__container\" data-track-category=\"Link no Texto\" data-track-links=\"\" data-mrf-recirculation=\"Mat\u00e9ria - Links no Texto\">Segundo informa\u00e7\u00f5es apuradas pela\u00a0<strong>RPC,<\/strong>\u00a0cinco jovens e adolescentes estavam no ve\u00edculo. Todos foram ejetados, ficaram feridos e foram levados a hospitais.<\/p>\n<div id=\"chunk-1rs73\">\n<div class=\"row medium-uncollapsed content-media content-photo\" data-block-type=\"backstage-photo\" data-block-id=\"6\">\n<div class=\"mc-column  content-media__container\">\n<div class=\"content-media-container glb-skeleton-box\">\n<figure class=\"content-media-figure\"><\/figure>\n<\/div>\n<p class=\"content-media__description\">Carro partiu no meio ap\u00f3s bater em poste, em Curitiba \u2014 Foto: Corpo de Bombeiros\n<\/p>\n<\/div>\n<\/div>\n<\/div>\n<p>\u00a0<\/p>\n<div id=\"chunk-3j84h\">\n<div class=\"mc-column content-text active-extra-styles\" data-block-type=\"unstyled\" data-block-weight=\"12\" data-block-id=\"8\">\n<p class=\"content-text__container\" data-track-category=\"Link no Texto\" data-track-links=\"\" data-mrf-recirculation=\"Mat\u00e9ria - Links no Texto\">O acidente aconteceu por volta das 6h, na Rua Jo\u00e3o Gbur.\n<\/p>\n<\/div>\n<\/div>\n<div id=\"chunk-78pg\">\n<div class=\"mc-column content-text active-extra-styles\" data-block-type=\"unstyled\" data-block-weight=\"21\" data-block-id=\"9\">\n<p class=\"content-text__container\" data-track-category=\"Link no Texto\" data-track-links=\"\" data-mrf-recirculation=\"Mat\u00e9ria - Links no Texto\">Segundo o Corpo de Bombeiros, o carro capotou ap\u00f3s bater no poste e parte do bairro ficou sem energia el\u00e9trica.\n<\/p>\n<\/div>\n<\/div>\n<div id=\"chunk-9ub1\">\n<div class=\"mc-column content-text active-extra-styles\" data-block-type=\"unstyled\" data-block-weight=\"7\" data-block-id=\"10\">\n<p class=\"content-text__container\" data-track-category=\"Link no Texto\" data-track-links=\"\" data-mrf-recirculation=\"Mat\u00e9ria - Links no Texto\">As causas do acidente est\u00e3o sendo apuradas.\n<\/p>\n<\/div>\n<\/div>\n<div id=\"chunk-hc1t\">\n<div class=\"row medium-uncollapsed content-media content-photo\" data-block-type=\"backstage-photo\" data-block-id=\"11\">\n<div class=\"mc-column  content-media__container\">\n<div class=\"content-media-container glb-skeleton-box\">\n<figure class=\"content-media-figure\"><img decoding=\"async\" class=\"i-amphtml-fill-content i-amphtml-replaced-content\" src=\"https:\/\/s2-g1.glbimg.com\/TATLdL8eUz2b2epm5wWCyWfWawg=\/0x0:1600x900\/984x0\/smart\/filters:strip_icc()\/i.s3.glbimg.com\/v1\/AUTH_59edd422c0c84a879bd37670ae4f538a\/internal_photos\/bs\/2024\/c\/K\/pLuFHdR2afAM9MyqubDA\/whatsapp-image-2024-12-21-at-07.46.25.jpeg\" sizes=\"(max-width: 1318px) 648px, 100vw\" srcset=\"https:\/\/s2-g1.glbimg.com\/GZcoQn0v_ffwxfFEwuAx-nXok5o=\/0x0:1600x900\/1000x0\/smart\/filters:strip_icc()\/i.s3.glbimg.com\/v1\/AUTH_59edd422c0c84a879bd37670ae4f538a\/internal_photos\/bs\/2024\/c\/K\/pLuFHdR2afAM9MyqubDA\/whatsapp-image-2024-12-21-at-07.46.25.jpeg 1000w, https:\/\/s2-g1.glbimg.com\/TATLdL8eUz2b2epm5wWCyWfWawg=\/0x0:1600x900\/984x0\/smart\/filters:strip_icc()\/i.s3.glbimg.com\/v1\/AUTH_59edd422c0c84a879bd37670ae4f538a\/internal_photos\/bs\/2024\/c\/K\/pLuFHdR2afAM9MyqubDA\/whatsapp-image-2024-12-21-at-07.46.25.jpeg 984w, https:\/\/s2-g1.glbimg.com\/I5tlP-Kd_C-3h3aIWXYMWXQb_IU=\/0x0:1600x900\/640x0\/smart\/filters:strip_icc()\/i.s3.glbimg.com\/v1\/AUTH_59edd422c0c84a879bd37670ae4f538a\/internal_photos\/bs\/2024\/c\/K\/pLuFHdR2afAM9MyqubDA\/whatsapp-image-2024-12-21-at-07.46.25.jpeg 640w, https:\/\/s2-g1.glbimg.com\/nfEHujWNKPbPeHCo-SeebealxaQ=\/0x0:1600x900\/600x0\/smart\/filters:strip_icc()\/i.s3.glbimg.com\/v1\/AUTH_59edd422c0c84a879bd37670ae4f538a\/internal_photos\/bs\/2024\/c\/K\/pLuFHdR2afAM9MyqubDA\/whatsapp-image-2024-12-21-at-07.46.25.jpeg 600w\" alt=\"Carro partiu no meio ap\u00f3s bater em poste, em Curitiba \u2014 Foto: Corpo de bombeiros\"\/><\/figure>\n<\/div>\n<p class=\"content-media__description\">Carro partiu no meio ap\u00f3s bater em poste, em Curitiba \u2014 Foto: Corpo de bombeiros\n<\/p>\n<\/div>\n<\/div>\n<\/div>\n<p>\u00a0<\/p>\n<p>\u00a0<\/p>\n<div id=\"chunk-fr53r\">\n<div class=\"mc-column content-text active-extra-styles\" data-block-type=\"unstyled\" data-block-weight=\"28\" data-block-id=\"13\">\n<p class=\"content-text__container\" data-track-category=\"Link no Texto\" data-track-links=\"\" data-mrf-recirculation=\"Mat\u00e9ria - Links no Texto\">Tr\u00eas jovens ficaram em estado grav\u00edssimo e dois em estado grave. Um deles teve um bra\u00e7o amputado durante o acidente.\u00a0<strong>Veja os detalhes repassados pelo Corpo de Bombeiros:<\/strong>\n<\/p>\n<\/div>\n<\/div>\n<div id=\"chunk-b9i0g\">\n<div class=\"mc-column content-text active-extra-styles\" data-block-type=\"raw\" data-block-weight=\"119\" data-block-id=\"14\">\n<p class=\"content-text__container\" data-mrf-recirculation=\"Mat\u00e9ria - Links no Texto\">\u00a0\n<\/p>\n<ul class=\"content-unordered-list\">\n<li><strong>Jovem de 20 anos<\/strong>\u00a0sofreu amputa\u00e7\u00e3o de bra\u00e7o, contus\u00f5es e escoria\u00e7\u00f5es. Ele ficou em estado grav\u00edssimo e foi levado ao pronto socorro do Cajuru;<\/li>\n<li><strong>Adolescente de 17 anos<\/strong>\u00a0sofreu fratura no f\u00eamur. Ele ficou em estado grav\u00edssimo e foi levado ao pronto socorro do S\u00e3o Jos\u00e9;<\/li>\n<li><strong>Adolescente de 16 anos<\/strong>\u00a0sofreu fratura no f\u00eamur e escoria\u00e7\u00f5es. Ele ficou em estado grav\u00edssimo e foi levado ao pronto socorro do S\u00e3o Jos\u00e9;<\/li>\n<li><strong>Jovem de 20 anos<\/strong>\u00a0sofreu contus\u00e3o na face e ferimentos abrasivos no t\u00f3rax. Ele ficou em estado grave e foi levado ao Hospital Evang\u00e9lico;<\/li>\n<li><strong>Jovem de 20 anos<\/strong>\u00a0sofreu contus\u00f5es e escoria\u00e7\u00f5es no t\u00f3rax. Ele ficou em estado grave e foi levado ao pronto socorro do S\u00e3o Jos\u00e9.<\/li>\n<\/ul>\n<\/div>\n<\/div>\n<div id=\"chunk-94nin\">\n<div class=\"mc-column content-text active-extra-styles\" data-block-type=\"unstyled\" data-block-weight=\"11\" data-block-id=\"15\">\n<p class=\"content-text__container\" data-track-category=\"Link no Texto\" data-track-links=\"\" data-mrf-recirculation=\"Mat\u00e9ria - Links no Texto\">O\u00a0<strong>g1<\/strong>\u00a0tenta atualizar o estado de sa\u00fade das v\u00edtimas.\n<\/p>\n<p class=\"content-text__container\" data-track-category=\"Link no Texto\" data-track-links=\"\" data-mrf-recirculation=\"Mat\u00e9ria - Links no Texto\">Com informa\u00e7\u00f5es g1\n<\/p>\n<\/div>\n<\/div>\n<\/div>\n<p><br \/>\n<br \/><a href=\"https:\/\/diariodobrasilnoticias.com.br\/noticia\/carro-parte-no-meio-e-cinco-jovens-e-adolescentes-sao-ejetados-e-ficam-feridos-67673e0721a10\">Source link <\/a><\/p>","protected":false},"excerpt":{"rendered":"<p>Segundo informa\u00e7\u00f5es apuradas pela\u00a0RPC,\u00a0cinco jovens e adolescentes estavam no ve\u00edculo. Todos foram ejetados, ficaram feridos e foram levados a hospitais. Carro partiu no meio ap\u00f3s bater em poste, em Curitiba&hellip;<\/p>","protected":false},"author":1,"featured_media":80663,"comment_status":"closed","ping_status":"open","sticky":false,"template":"","format":"standard","meta":{"content-type":"","footnotes":""},"categories":[16],"tags":[123,2448,5313,1267],"class_list":["post-80662","post","type-post","status-publish","format-standard","has-post-thumbnail","hentry","category-noticias","tag-brasil","tag-diario","tag-noticia","tag-noticias"],"_links":{"self":[{"href":"https:\/\/tvbrazilusa.com\/pt\/wp-json\/wp\/v2\/posts\/80662","targetHints":{"allow":["GET"]}}],"collection":[{"href":"https:\/\/tvbrazilusa.com\/pt\/wp-json\/wp\/v2\/posts"}],"about":[{"href":"https:\/\/tvbrazilusa.com\/pt\/wp-json\/wp\/v2\/types\/post"}],"author":[{"embeddable":true,"href":"https:\/\/tvbrazilusa.com\/pt\/wp-json\/wp\/v2\/users\/1"}],"replies":[{"embeddable":true,"href":"https:\/\/tvbrazilusa.com\/pt\/wp-json\/wp\/v2\/comments?post=80662"}],"version-history":[{"count":1,"href":"https:\/\/tvbrazilusa.com\/pt\/wp-json\/wp\/v2\/posts\/80662\/revisions"}],"predecessor-version":[{"id":80664,"href":"https:\/\/tvbrazilusa.com\/pt\/wp-json\/wp\/v2\/posts\/80662\/revisions\/80664"}],"wp:featuredmedia":[{"embeddable":true,"href":"https:\/\/tvbrazilusa.com\/pt\/wp-json\/wp\/v2\/media\/80663"}],"wp:attachment":[{"href":"https:\/\/tvbrazilusa.com\/pt\/wp-json\/wp\/v2\/media?parent=80662"}],"wp:term":[{"taxonomy":"category","embeddable":true,"href":"https:\/\/tvbrazilusa.com\/pt\/wp-json\/wp\/v2\/categories?post=80662"},{"taxonomy":"post_tag","embeddable":true,"href":"https:\/\/tvbrazilusa.com\/pt\/wp-json\/wp\/v2\/tags?post=80662"}],"curies":[{"name":"wp","href":"https:\/\/api.w.org\/{rel}","templated":true}]}}