{"id":80671,"date":"2024-12-22T00:37:28","date_gmt":"2024-12-22T00:37:28","guid":{"rendered":"https:\/\/tvbrazilusa.com\/2024\/12\/22\/eliana-quebra-silencio-e-da-opiniao-sincera-sobre-ida-de-patricia-abravanel-a-globo-eu-achei\/"},"modified":"2024-12-22T00:37:29","modified_gmt":"2024-12-22T00:37:29","slug":"eliana-quebra-silencio-e-da-opiniao-sincera-sobre-ida-de-patricia-abravanel-a-globo-eu-achei","status":"publish","type":"post","link":"https:\/\/tvbrazilusa.com\/pt\/2024\/12\/22\/eliana-quebra-silencio-e-da-opiniao-sincera-sobre-ida-de-patricia-abravanel-a-globo-eu-achei\/","title":{"rendered":"Eliana quebra sil\u00eancio e d\u00e1 opini\u00e3o sincera sobre ida de Patr\u00edcia Abravanel \u00e0 Globo: &#8216;Eu achei&#8230;&#8217;"},"content":{"rendered":"<p> <script async src=\"https:\/\/pagead2.googlesyndication.com\/pagead\/js\/adsbygoogle.js?client=ca-pub-8864793242727901\"\r\n     crossorigin=\"anonymous\"><\/script><br \/>\n<\/p>\n<div id=\"taboola-read-more\" style=\"display:block; width:100%\">\n<h2>Apresentadora Eliana se pronuncia pela primeira vez sobre homenagem para Silvio Santos e participa\u00e7\u00e3o de Patr\u00edcia Abravanel no &#8216;Melhores do Ano&#8217;<\/h2>\n<p>A apresentadora\u00a0<strong>Eliana<\/strong>\u00a0quebrou o sil\u00eancio e se pronunciou sobre a homenagem a\u00a0<strong>Silvio Santos\u00a0<\/strong>no\u00a0<em>Melhores do Ano,<\/em>\u00a0na Globo. A loira falou pela primeira vez sobre o assunto durante o programa<em>\u00a0Saia Justa.\u00a0<\/em>\n<\/p>\n<p class=\"text\">A ex-contratada do SBT ressaltou que foi muito especial e hist\u00f3rico.\u00a0&#8220;<em>Eu achei incr\u00edvel o que aconteceu nesse domingo em homenagem ao grande comunicador Silvio Santos. Acho que foi hist\u00f3rico e vai ficar para sempre a ideia do Luciano Huck e todo sua equipe&#8221;<\/em>, opinou.<\/p>\n<div class=\"related-news\">\n<p class=\"text\">E continuou:\u00a0<em>&#8220;A Rede Globo e o SBT terem se unido, ao vivo, pela primeira vez, sem nenhum lado comercial, apenas com o desejo de homenagear o grande comunicador Silvio Santos&#8221;,<\/em>\u00a0comentou Eliana.\n<\/p>\n<p class=\"text\">A estrela ainda falou sobre a participa\u00e7\u00e3o de\u00a0<strong>Patr\u00edcia Abravanel e Daniela Beyruti<\/strong>\u00a0na premia\u00e7\u00e3o.<em>\u00a0&#8220;Foi lindo de ver, foi muito bonito abrirem o sinal simultaneamente. Foi muito especial ter visto Patr\u00edcia Abravanel, Dani Beyruti, mulheres que hoje est\u00e3o liderando o SBT, no palco da Globo. Hist\u00f3rico!&#8221;,<\/em>\u00a0declarou.\n<\/p>\n<p class=\"text\">Com informa\u00e7\u00f5es &#8220;Terra.com&#8221;\n<\/p>\n<\/div><\/div>\n<p><br \/>\n<br \/><a href=\"https:\/\/diariodobrasilnoticias.com.br\/noticia\/eliana-quebra-silencio-e-da-opiniao-sincera-sobre-ida-de-patricia-abravanel-a-globo-eu-achei-67674145087c5\">Source link <\/a><\/p>","protected":false},"excerpt":{"rendered":"<p>Apresentadora Eliana se pronuncia pela primeira vez sobre homenagem para Silvio Santos e participa\u00e7\u00e3o de Patr\u00edcia Abravanel no &#8216;Melhores do Ano&#8217; A apresentadora\u00a0Eliana\u00a0quebrou o sil\u00eancio e se pronunciou sobre a&hellip;<\/p>","protected":false},"author":1,"featured_media":80672,"comment_status":"closed","ping_status":"open","sticky":false,"template":"","format":"standard","meta":{"content-type":"","footnotes":""},"categories":[16],"tags":[123,2448,5313,1267],"class_list":["post-80671","post","type-post","status-publish","format-standard","has-post-thumbnail","hentry","category-noticias","tag-brasil","tag-diario","tag-noticia","tag-noticias"],"_links":{"self":[{"href":"https:\/\/tvbrazilusa.com\/pt\/wp-json\/wp\/v2\/posts\/80671","targetHints":{"allow":["GET"]}}],"collection":[{"href":"https:\/\/tvbrazilusa.com\/pt\/wp-json\/wp\/v2\/posts"}],"about":[{"href":"https:\/\/tvbrazilusa.com\/pt\/wp-json\/wp\/v2\/types\/post"}],"author":[{"embeddable":true,"href":"https:\/\/tvbrazilusa.com\/pt\/wp-json\/wp\/v2\/users\/1"}],"replies":[{"embeddable":true,"href":"https:\/\/tvbrazilusa.com\/pt\/wp-json\/wp\/v2\/comments?post=80671"}],"version-history":[{"count":1,"href":"https:\/\/tvbrazilusa.com\/pt\/wp-json\/wp\/v2\/posts\/80671\/revisions"}],"predecessor-version":[{"id":80673,"href":"https:\/\/tvbrazilusa.com\/pt\/wp-json\/wp\/v2\/posts\/80671\/revisions\/80673"}],"wp:featuredmedia":[{"embeddable":true,"href":"https:\/\/tvbrazilusa.com\/pt\/wp-json\/wp\/v2\/media\/80672"}],"wp:attachment":[{"href":"https:\/\/tvbrazilusa.com\/pt\/wp-json\/wp\/v2\/media?parent=80671"}],"wp:term":[{"taxonomy":"category","embeddable":true,"href":"https:\/\/tvbrazilusa.com\/pt\/wp-json\/wp\/v2\/categories?post=80671"},{"taxonomy":"post_tag","embeddable":true,"href":"https:\/\/tvbrazilusa.com\/pt\/wp-json\/wp\/v2\/tags?post=80671"}],"curies":[{"name":"wp","href":"https:\/\/api.w.org\/{rel}","templated":true}]}}