{"id":80682,"date":"2024-12-22T00:57:22","date_gmt":"2024-12-22T00:57:22","guid":{"rendered":"https:\/\/tvbrazilusa.com\/2024\/12\/22\/chuva-de-granizo-surpreende-moradores-de-cidade-do-interior-no-rio-grande-do-norte\/"},"modified":"2024-12-22T00:57:23","modified_gmt":"2024-12-22T00:57:23","slug":"chuva-de-granizo-surpreende-moradores-de-cidade-do-interior-no-rio-grande-do-norte","status":"publish","type":"post","link":"https:\/\/tvbrazilusa.com\/pt\/2024\/12\/22\/chuva-de-granizo-surpreende-moradores-de-cidade-do-interior-no-rio-grande-do-norte\/","title":{"rendered":"Chuva de granizo surpreende moradores de cidade do interior no Rio Grande do Norte"},"content":{"rendered":"<p> <script async src=\"https:\/\/pagead2.googlesyndication.com\/pagead\/js\/adsbygoogle.js?client=ca-pub-8864793242727901\"\r\n     crossorigin=\"anonymous\"><\/script><br \/>\n<\/p>\n<p>Uma chuva de granizo na tarde desta sexta-feira (20) surpreendeu moradores da zona rural da cidade de Apodi, na Regi\u00e3o Oeste do\u00a0<a href=\"https:\/\/www.clickpb.com.br\/\" target=\"_blank\" rel=\"noopener noreferrer\">Rio Grande do Norte<\/a>. O fen\u00f4meno foi registrado em v\u00eddeo por algumas pessoas.\n<\/p>\n<div>\n<p>A chuva inusitada come\u00e7ou por volta das 16h30, contou a agricultora Valqu\u00edria Fernandes, que \u00e9 moradora da regi\u00e3o. Ela disse que o fen\u00f4meno ocorreu acompanhado de ventos fortes.<\/p>\n<p>\u201cA chuva durou cerca de uma hora. Depois de uns 20 minutos veio um rel\u00e2mpago muito grande e, em seguida, come\u00e7amos a ouvir um barulho no telhado. Quando fomos olhar,percebemos que era granizo\u201d, relatou.\n<\/p>\n<p>A agricultora contou que foi a primeira vez que presenciou uma chuva desse tipo na regi\u00e3o. A curiosidade atraiu ela e outros moradores da regi\u00e3o para o lado de fora da casa.\n<\/p>\n<p>A Defesa Civil de Apodi informou que a chuva de granizo, especificamente, durou cerca de 15 minutos e n\u00e3o registrou nenhuma intercorr\u00eancia relacionada ao fato. Segundo o \u00f3rg\u00e3o, nenhum dano estrutural foi causado e nenhuma pessoa ou animal foram feridos pela chuva.\n<\/p>\n<h3>Hist\u00f3rico recente<\/h3>\n<p>No in\u00edcio do m\u00eas de dezembro, as cidades de Ipueira e Serra Negra do Norte tamb\u00e9m registraram chuvas de granizo.\n<\/p>\n<p>O chefe do n\u00facleo de meteorologia da Empresa de Pesquisa Agropecu\u00e1ria do RN (Emparn), Gilmar Bristot, explicou na \u00e9poca que essa chuva \u00e9 mais comum em regi\u00f5es mais frias, mas pode ocorrer tamb\u00e9m no Nordeste.\n<\/p>\n<p>Segundo ele, as pedras de granizo se formam em nuvens do tipo cumulonimbus, \u201cque tem o desenvolvimento vertical bastante intenso, que consegue passar o n\u00edvel de congelamento, o n\u00edvel de 0 grau de temperatura na atmosfera\u201d.\n<\/p>\n<p>Ele explicou que o n\u00edvel de congelamento \u00e9 muito elevado, ent\u00e3o \u201cas nuvens precisam ter um desenvolvimento vertical muito intenso, \u00e0s vezes de 13 km, 14 km de altura\u201d.\n<\/p>\n<p>\u201cQuando essa nuvem ultrapassa esse n\u00edvel, o de congelamento, as got\u00edculas de \u00e1gua, que tem um movimento veritcal dentro da nuvem, elas sobem e descem e se chocam umas com as outras pra ganhar peso e vencer a for\u00e7a da gravidade e precipitar, isso \u00e9 a chuva\u2026 Essas got\u00edculas dentro da nuvem s\u00e3o for\u00e7adas a subir e, quando ultrapassam esse n\u00edvel, elas congelam\u201d.\n<\/p>\n<p>Com informa\u00e7\u00f5es clickPB.com\n<\/p>\n<\/div>\n<p><br \/>\n<br \/><a href=\"https:\/\/diariodobrasilnoticias.com.br\/noticia\/chuva-de-granizo-surpreende-moradores-de-cidade-do-interior-no-rio-grande-do-norte-6767447e79e55\">Source link <\/a><\/p>","protected":false},"excerpt":{"rendered":"<p>Uma chuva de granizo na tarde desta sexta-feira (20) surpreendeu moradores da zona rural da cidade de Apodi, na Regi\u00e3o Oeste do\u00a0Rio Grande do Norte. O fen\u00f4meno foi registrado em&hellip;<\/p>","protected":false},"author":1,"featured_media":80683,"comment_status":"closed","ping_status":"open","sticky":false,"template":"","format":"standard","meta":{"content-type":"","footnotes":""},"categories":[16],"tags":[123,2448,5313,1267],"class_list":["post-80682","post","type-post","status-publish","format-standard","has-post-thumbnail","hentry","category-noticias","tag-brasil","tag-diario","tag-noticia","tag-noticias"],"_links":{"self":[{"href":"https:\/\/tvbrazilusa.com\/pt\/wp-json\/wp\/v2\/posts\/80682","targetHints":{"allow":["GET"]}}],"collection":[{"href":"https:\/\/tvbrazilusa.com\/pt\/wp-json\/wp\/v2\/posts"}],"about":[{"href":"https:\/\/tvbrazilusa.com\/pt\/wp-json\/wp\/v2\/types\/post"}],"author":[{"embeddable":true,"href":"https:\/\/tvbrazilusa.com\/pt\/wp-json\/wp\/v2\/users\/1"}],"replies":[{"embeddable":true,"href":"https:\/\/tvbrazilusa.com\/pt\/wp-json\/wp\/v2\/comments?post=80682"}],"version-history":[{"count":1,"href":"https:\/\/tvbrazilusa.com\/pt\/wp-json\/wp\/v2\/posts\/80682\/revisions"}],"predecessor-version":[{"id":80684,"href":"https:\/\/tvbrazilusa.com\/pt\/wp-json\/wp\/v2\/posts\/80682\/revisions\/80684"}],"wp:featuredmedia":[{"embeddable":true,"href":"https:\/\/tvbrazilusa.com\/pt\/wp-json\/wp\/v2\/media\/80683"}],"wp:attachment":[{"href":"https:\/\/tvbrazilusa.com\/pt\/wp-json\/wp\/v2\/media?parent=80682"}],"wp:term":[{"taxonomy":"category","embeddable":true,"href":"https:\/\/tvbrazilusa.com\/pt\/wp-json\/wp\/v2\/categories?post=80682"},{"taxonomy":"post_tag","embeddable":true,"href":"https:\/\/tvbrazilusa.com\/pt\/wp-json\/wp\/v2\/tags?post=80682"}],"curies":[{"name":"wp","href":"https:\/\/api.w.org\/{rel}","templated":true}]}}