{"id":80688,"date":"2024-12-22T01:10:00","date_gmt":"2024-12-22T01:10:00","guid":{"rendered":"https:\/\/tvbrazilusa.com\/2024\/12\/22\/incoerencia-lula-afirma-que-crescimento-economico-e-uma-realidade-mesmo-a-inflacao-estando-acima-da-meta\/"},"modified":"2024-12-22T01:10:04","modified_gmt":"2024-12-22T01:10:04","slug":"incoerencia-lula-afirma-que-crescimento-economico-e-uma-realidade-mesmo-a-inflacao-estando-acima-da-meta","status":"publish","type":"post","link":"https:\/\/tvbrazilusa.com\/pt\/2024\/12\/22\/incoerencia-lula-afirma-que-crescimento-economico-e-uma-realidade-mesmo-a-inflacao-estando-acima-da-meta\/","title":{"rendered":"Incoer\u00eancia: Lula afirma que \u201ccrescimento econ\u00f4mico \u00e9 uma realidade\u201d mesmo a infla\u00e7\u00e3o estando acima da meta"},"content":{"rendered":"<p> <script async src=\"https:\/\/pagead2.googlesyndication.com\/pagead\/js\/adsbygoogle.js?client=ca-pub-8864793242727901\"\r\n     crossorigin=\"anonymous\"><\/script><br \/>\n<\/p>\n<div>\n<figure class=\"post-image\">\n<\/figure>\n<p>            <span style=\"font-size: 12px\">Foto Reprodu\u00e7\u00e3o : poder 360<\/span><\/p>\n<p>            <!-- end metas --><br \/>\n            <!-- ADS --><\/p>\n<div id=\"taboola-read-more\" style=\"display:block; width:100%\">\n<p>O presidente\u00a0<a href=\"https:\/\/12ft.io\/proxy?q=https%3A%2F%2Feleicoes.poder360.com.br%2Fcandidato%2F929674%232022\" target=\"_parent\">Luiz In\u00e1cio Lula da Silva<\/a>\u00a0(PT)\u00a0<a href=\"https:\/\/12ft.io\/proxy?q=https%3A%2F%2Fx.com%2FLulaOficial%2Fstatus%2F1870424957827571950\" target=\"_parent\">publicou<\/a>\u00a0em suas redes sociais, neste s\u00e1bado (21.dez.2024), uma mensagem em que agradece o trabalho de seus ministros em 2024. Segundo o chefe do Executivo, \u201c<em>o crescimento econ\u00f4mico \u00e9 uma realidade, os empregos est\u00e3o aumentando e os brasileiros e as brasileiras est\u00e3o com mais poder de compra<\/em>\u201d.<span class=\"Apple-converted-space\">\u00a0<\/span>\n<\/p>\n<p>A fala de Lula vai de encontro com dados econ\u00f4micos. Nos \u00faltimos 6 meses, a taxa b\u00e1sica de juros avan\u00e7ou de\u00a0<a href=\"https:\/\/12ft.io\/proxy?q=https%3A%2F%2Fwww.poder360.com.br%2Fpoder-economia%2Fbanco-central-mantem-juros-em-105-em-nova-decisao-unanime-em-2024%2F%23%3A~%3Atext%3D4%25C2%25AA%2520feira%2520%2831.-%2Cjul.%2Cdos%2520diretores%2520da%2520autoridade%2520monet%25C3%25A1ria.\" target=\"_parent\">10,50%<\/a>\u00a0para\u00a0<a href=\"https:\/\/12ft.io\/proxy?q=https%3A%2F%2Fwww.poder360.com.br%2Fpoder-economia%2Fbc-acelera-alta-nos-juros-para-1-p-p-e-selic-termina-o-ano-a-1225%2F\" target=\"_parent\">12,25%<\/a>, com expectativa de subir mais. O d\u00f3lar est\u00e1\u00a0<a href=\"https:\/\/12ft.io\/proxy?q=https%3A%2F%2Fwww.poder360.com.br%2Fpoder-economia%2Fdolar-renova-recorde-e-atinge-r-627-mesmo-com-votacoes-no-congreso%2F\" target=\"_parent\">acima de R$ 6<\/a>\u00a0desde o final de novembro e sem perspectiva de baixa. A infla\u00e7\u00e3o\u00a0<a href=\"https:\/\/12ft.io\/proxy?q=https%3A%2F%2Fwww.poder360.com.br%2Fpoder-economia%2Finflacao-anualizada-acelera-para-487-acima-do-teto-da-meta%2F\" target=\"_parent\">voltou a subir<\/a>. Todos esses indicadores impactam nos pre\u00e7os, no poder de compra dos consumidores e, consequentemente, no estilo de vida dos brasileiros.<\/p>\n<p>Medida pelo IPCA (\u00cdndice Nacional de Pre\u00e7os ao Consumidor Amplo), a infla\u00e7\u00e3o do Brasil\u00a0<a href=\"https:\/\/12ft.io\/proxy?q=https%3A%2F%2Fwww.poder360.com.br%2Fpoder-economia%2Finflacao-anualizada-acelera-para-487-acima-do-teto-da-meta%2F\" target=\"_parent\">foi de 4,87% no acumulado de 12 meses at\u00e9 novembro<\/a>. Na 5\u00aa feira (19.dez), o BC (Banco Central)\u00a0<a href=\"https:\/\/12ft.io\/proxy?q=https%3A%2F%2Fwww.poder360.com.br%2Fpoder-economia%2Fbc-diz-que-inflacao-ficara-fora-da-meta-em-2024%2F\" target=\"_parent\">aumentou<\/a>\u00a0de 36% para 100% a probabilidade de o \u00edndice ficar fora da meta em 2024, que \u00e9 de 3%, com intervalo permitido que vai at\u00e9 4,5%\n<\/p>\n<p>Eis a mensagem de Lula:<span class=\"Apple-converted-space\">\u00a0<\/span>\n<\/p>\n<p><img fetchpriority=\"high\" decoding=\"async\" class=\"size-full wp-image-1916124 aligncenter\" src=\"https:\/\/static.poder360.com.br\/2024\/12\/lula-1.png\" sizes=\"(max-width: 1258px) 100vw, 1258px\" srcset=\"https:\/\/static.poder360.com.br\/2024\/12\/lula-1.png 1258w, https:\/\/static.poder360.com.br\/2024\/12\/lula-1-450x181.png 450w, https:\/\/static.poder360.com.br\/2024\/12\/lula-1-1024x412.png 1024w, https:\/\/static.poder360.com.br\/2024\/12\/lula-1-768x309.png 768w\" alt=\"\" width=\"1258\" height=\"506\"\/>\n<\/p>\n<p>O texto foi acompanhado de um v\u00eddeo em que Lula diz que \u201c<em>tudo est\u00e1 funcionando<\/em>\u201d no Brasil.<span class=\"Apple-converted-space\">\u00a0<\/span>\n<\/p>\n<p>\u201c<em>O dado concreto \u00e9 que o Brasil vive um momento excepcional, do ponto de vista do crescimento econ\u00f4mico, do ponto de vista da gera\u00e7\u00e3o de emprego, do ponto de vista do com\u00e9rcio. Ou seja, est\u00e1 tudo funcionando<\/em>\u201d, afirmou o presidente.<span class=\"Apple-converted-space\">\u00a0<\/span>\n<\/p>\n<p><strong>Assista<\/strong>:<span class=\"Apple-converted-space\">\u00a0<\/span>\n<\/p>\n<blockquote class=\"twitter-tweet\" data-media-max-width=\"560\">\n<p dir=\"ltr\" lang=\"pt\">Meu agradecimento especial \u00e0s ministras e aos ministros por mais um ano de trabalho pelo Brasil. Estou ainda mais disposto para seguir a miss\u00e3o de melhorar a vida das pessoas. O crescimento econ\u00f4mico \u00e9 uma realidade, os empregos est\u00e3o aumentando e os brasileiros e as brasileiras\u2026\u00a0<a href=\"https:\/\/12ft.io\/proxy?q=https%3A%2F%2Ft.co%2FiW29y6lB6i\" target=\"_parent\">pic.twitter.com\/iW29y6lB6i<\/a>\n<\/p>\n<p>\u2014 Lula (@LulaOficial)\u00a0<a href=\"https:\/\/12ft.io\/proxy?q=https%3A%2F%2Ftwitter.com%2FLulaOficial%2Fstatus%2F1870424957827571950%3Fref_src%3Dtwsrc%255Etfw\" target=\"_parent\">December 21, 2024<\/a>\n<\/p>\n<\/blockquote>\n<\/div>\n<p>Com informa\u00e7\u00f5es poder 360\n              <\/p>\n<\/div>\n<p><script async src=\"\/\/platform.twitter.com\/widgets.js\" charset=\"utf-8\"><\/script><br \/>\n<br \/><br \/>\n<br \/><a href=\"https:\/\/diariodobrasilnoticias.com.br\/noticia\/incoerencia-lula-afirma-que-crescimento-economico-e-uma-realidade-mesmo-a-inflacao-estando-acima-da-meta-67674372193f8\">Source link <\/a><\/p>","protected":false},"excerpt":{"rendered":"<p>Foto Reprodu\u00e7\u00e3o : poder 360 O presidente\u00a0Luiz In\u00e1cio Lula da Silva\u00a0(PT)\u00a0publicou\u00a0em suas redes sociais, neste s\u00e1bado (21.dez.2024), uma mensagem em que agradece o trabalho de seus ministros em 2024. Segundo&hellip;<\/p>","protected":false},"author":1,"featured_media":80689,"comment_status":"closed","ping_status":"open","sticky":false,"template":"","format":"standard","meta":{"content-type":"","footnotes":""},"categories":[16],"tags":[123,2448,5313,1267],"class_list":["post-80688","post","type-post","status-publish","format-standard","has-post-thumbnail","hentry","category-noticias","tag-brasil","tag-diario","tag-noticia","tag-noticias"],"_links":{"self":[{"href":"https:\/\/tvbrazilusa.com\/pt\/wp-json\/wp\/v2\/posts\/80688","targetHints":{"allow":["GET"]}}],"collection":[{"href":"https:\/\/tvbrazilusa.com\/pt\/wp-json\/wp\/v2\/posts"}],"about":[{"href":"https:\/\/tvbrazilusa.com\/pt\/wp-json\/wp\/v2\/types\/post"}],"author":[{"embeddable":true,"href":"https:\/\/tvbrazilusa.com\/pt\/wp-json\/wp\/v2\/users\/1"}],"replies":[{"embeddable":true,"href":"https:\/\/tvbrazilusa.com\/pt\/wp-json\/wp\/v2\/comments?post=80688"}],"version-history":[{"count":1,"href":"https:\/\/tvbrazilusa.com\/pt\/wp-json\/wp\/v2\/posts\/80688\/revisions"}],"predecessor-version":[{"id":80690,"href":"https:\/\/tvbrazilusa.com\/pt\/wp-json\/wp\/v2\/posts\/80688\/revisions\/80690"}],"wp:featuredmedia":[{"embeddable":true,"href":"https:\/\/tvbrazilusa.com\/pt\/wp-json\/wp\/v2\/media\/80689"}],"wp:attachment":[{"href":"https:\/\/tvbrazilusa.com\/pt\/wp-json\/wp\/v2\/media?parent=80688"}],"wp:term":[{"taxonomy":"category","embeddable":true,"href":"https:\/\/tvbrazilusa.com\/pt\/wp-json\/wp\/v2\/categories?post=80688"},{"taxonomy":"post_tag","embeddable":true,"href":"https:\/\/tvbrazilusa.com\/pt\/wp-json\/wp\/v2\/tags?post=80688"}],"curies":[{"name":"wp","href":"https:\/\/api.w.org\/{rel}","templated":true}]}}