{"id":80744,"date":"2024-12-22T03:17:09","date_gmt":"2024-12-22T03:17:09","guid":{"rendered":"https:\/\/tvbrazilusa.com\/2024\/12\/22\/marcelo-rubens-paiva-lembra-que-jogou-botao-com-militares-que-levaram-seu-pai-e-diz-vinganca-nao-esta-no-vocabulario-da-minha-familia\/"},"modified":"2024-12-22T03:17:11","modified_gmt":"2024-12-22T03:17:11","slug":"marcelo-rubens-paiva-lembra-que-jogou-botao-com-militares-que-levaram-seu-pai-e-diz-vinganca-nao-esta-no-vocabulario-da-minha-familia","status":"publish","type":"post","link":"https:\/\/tvbrazilusa.com\/pt\/2024\/12\/22\/marcelo-rubens-paiva-lembra-que-jogou-botao-com-militares-que-levaram-seu-pai-e-diz-vinganca-nao-esta-no-vocabulario-da-minha-familia\/","title":{"rendered":"Marcelo Rubens Paiva lembra que jogou bot\u00e3o com militares que levaram seu pai e diz: &#8216;Vingan\u00e7a n\u00e3o est\u00e1 no vocabul\u00e1rio da minha fam\u00edlia&#8217;"},"content":{"rendered":"<p> <script async src=\"https:\/\/pagead2.googlesyndication.com\/pagead\/js\/adsbygoogle.js?client=ca-pub-8864793242727901\"\r\n     crossorigin=\"anonymous\"><\/script><br \/>\n<\/p>\n<div id=\"taboola-read-more\" style=\"display:block; width:100%\">\n<p>Marcelo Rubens Paiva gravou na sexta-feira (20) uma participa\u00e7\u00e3o no \u201cRoda viva\u201d, apresentado por Vera Magalh\u00e3es na TV\u00a0<a class=\"\" href=\"https:\/\/oglobo.globo.com\/tudo-sobre\/canal\/cultura\" data-mrf-link=\"https:\/\/oglobo.globo.com\/tudo-sobre\/canal\/cultura\">Cultura<\/a>(veja foto abaixo). A entrevista ir\u00e1 ao ar nesta segunda-feira (23). Filho de Eunice e Rubens Paiva, ele escreveu o livro \u201cAinda estou aqui\u201d, que inspirou o sensacional filme estrelado por\u00a0<a class=\"\" href=\"https:\/\/oglobo.globo.com\/tudo-sobre\/personalidade\/fernanda-torres\" data-mrf-link=\"https:\/\/oglobo.globo.com\/tudo-sobre\/personalidade\/fernanda-torres\">Fernanda Torres<\/a>\u00a0e\u00a0<a class=\"\" href=\"https:\/\/oglobo.globo.com\/tudo-sobre\/personalidade\/selton-mello\" data-mrf-link=\"https:\/\/oglobo.globo.com\/tudo-sobre\/personalidade\/selton-mello\">Selton Mello<\/a>.\n<\/p>\n<p>O longa conta a hist\u00f3ria de Eunice e Rubens Paiva e de seus cinco filhos: Vera, Eliana, Marcelo, Ana L\u00facia e Maria Beatriz. Eunice criou todos sozinha ap\u00f3s a morte do marido durante a ditadura. O autor relembrou o momento em que os militares foram buscar seu pai em casa e disse que n\u00e3o houve viol\u00eancia:<\/p>\n<p>\u2014 A Fernandinha, ela se perguntava se militares tinham aberto gaveta, revirado a casa. E eu disse para o Waltinho\u00a0<em>(Walter Salles, o diretor)<\/em>\u00a0que n\u00e3o, que a casa estava em ordem. Eu at\u00e9 disse para ele: &#8220;Eles pareciam uns computadores&#8221;. Eu joguei bot\u00e3o com eles. Minha irm\u00e3 jogou carta com eles.\n<\/p>\n<div class=\"mc-column content-text active-extra-styles\" data-block-type=\"unstyled\" data-block-weight=\"17\" data-block-id=\"7\">\n<p class=\"content-text__container\" data-track-category=\"Link no Texto\" data-track-links=\"\" data-mrf-recirculation=\"Article links\">Marcelo tamb\u00e9m contou que o epis\u00f3dio da foto da fam\u00edlia na porta de casa \u00e9 real:\n<\/p>\n<\/div>\n<div class=\"mc-column content-text active-extra-styles\" data-block-type=\"unstyled\" data-block-weight=\"39\" data-block-id=\"8\">\n<p class=\"content-text__container\" data-track-category=\"Link no Texto\" data-track-links=\"\" data-mrf-recirculation=\"Article links\">\u2014 Minha m\u00e3e disse: &#8220;N\u00e3o vamos demonstrar que somos uma fam\u00edlia derrotada. A gente \u00e9 guerreiro, a gente \u00e9 lutador. A gente n\u00e3o \u00e9 v\u00edtima&#8221; \u2014 disse ele, que acrescentou: \u2014 Vingan\u00e7a n\u00e3o est\u00e1 no vocabul\u00e1rio da minha fam\u00edlia.\n<\/p>\n<\/div>\n<div class=\"mc-column content-text active-extra-styles\" data-block-type=\"unstyled\" data-block-weight=\"19\" data-block-id=\"9\">\n<p class=\"content-text__container\" data-track-category=\"Link no Texto\" data-track-links=\"\" data-mrf-recirculation=\"Article links\">Outro assunto tratado foi o envolvimento de militares numa tentativa de golpe de estado ap\u00f3s as elei\u00e7\u00f5es de 2022:\n<\/p>\n<\/div>\n<div class=\"mc-column content-text active-extra-styles\" data-block-type=\"unstyled\" data-block-weight=\"11\" data-block-id=\"10\">\n<p class=\"content-text__container\" data-track-category=\"Link no Texto\" data-track-links=\"\" data-mrf-recirculation=\"Article links\">\u2014 Tomara que Braga Netto, General Heleno, todos eles sejam presos.\n<\/p>\n<\/div>\n<p>\u00a0Com informa\u00e7\u00f5es O Globo100<\/p>\n<\/p><\/div>\n<p><br \/>\n<br \/><a href=\"https:\/\/diariodobrasilnoticias.com.br\/noticia\/marcelo-rubens-paiva-lembra-que-jogou-botao-com-militares-que-levaram-seu-pai-e-diz-vinganca-nao-esta-no-vocabulario-da-minha-familia-676746e6abe6b\">Source link <\/a><\/p>","protected":false},"excerpt":{"rendered":"<p>Marcelo Rubens Paiva gravou na sexta-feira (20) uma participa\u00e7\u00e3o no \u201cRoda viva\u201d, apresentado por Vera Magalh\u00e3es na TV\u00a0Cultura(veja foto abaixo). A entrevista ir\u00e1 ao ar nesta segunda-feira (23). Filho de&hellip;<\/p>","protected":false},"author":1,"featured_media":80745,"comment_status":"closed","ping_status":"open","sticky":false,"template":"","format":"standard","meta":{"content-type":"","footnotes":""},"categories":[16],"tags":[123,2448,5313,1267],"class_list":["post-80744","post","type-post","status-publish","format-standard","has-post-thumbnail","hentry","category-noticias","tag-brasil","tag-diario","tag-noticia","tag-noticias"],"_links":{"self":[{"href":"https:\/\/tvbrazilusa.com\/pt\/wp-json\/wp\/v2\/posts\/80744","targetHints":{"allow":["GET"]}}],"collection":[{"href":"https:\/\/tvbrazilusa.com\/pt\/wp-json\/wp\/v2\/posts"}],"about":[{"href":"https:\/\/tvbrazilusa.com\/pt\/wp-json\/wp\/v2\/types\/post"}],"author":[{"embeddable":true,"href":"https:\/\/tvbrazilusa.com\/pt\/wp-json\/wp\/v2\/users\/1"}],"replies":[{"embeddable":true,"href":"https:\/\/tvbrazilusa.com\/pt\/wp-json\/wp\/v2\/comments?post=80744"}],"version-history":[{"count":1,"href":"https:\/\/tvbrazilusa.com\/pt\/wp-json\/wp\/v2\/posts\/80744\/revisions"}],"predecessor-version":[{"id":80746,"href":"https:\/\/tvbrazilusa.com\/pt\/wp-json\/wp\/v2\/posts\/80744\/revisions\/80746"}],"wp:featuredmedia":[{"embeddable":true,"href":"https:\/\/tvbrazilusa.com\/pt\/wp-json\/wp\/v2\/media\/80745"}],"wp:attachment":[{"href":"https:\/\/tvbrazilusa.com\/pt\/wp-json\/wp\/v2\/media?parent=80744"}],"wp:term":[{"taxonomy":"category","embeddable":true,"href":"https:\/\/tvbrazilusa.com\/pt\/wp-json\/wp\/v2\/categories?post=80744"},{"taxonomy":"post_tag","embeddable":true,"href":"https:\/\/tvbrazilusa.com\/pt\/wp-json\/wp\/v2\/tags?post=80744"}],"curies":[{"name":"wp","href":"https:\/\/api.w.org\/{rel}","templated":true}]}}