{"id":80747,"date":"2024-12-22T03:16:43","date_gmt":"2024-12-22T03:16:43","guid":{"rendered":"https:\/\/tvbrazilusa.com\/2024\/12\/22\/vitima-de-tiroteio-e-transportada-de-aviao-apos-ser-levada-a-delegacia-de-policia-de-miami-gardens-wsvn-7news-noticias-de-miami-clima-esportes-fort-lauderdale\/"},"modified":"2024-12-22T03:21:38","modified_gmt":"2024-12-22T03:21:38","slug":"vitima-de-tiroteio-e-transportada-de-aviao-apos-ser-levada-a-delegacia-de-policia-de-miami-gardens-wsvn-7news-noticias-de-miami-clima-esportes-fort-lauderdale","status":"publish","type":"post","link":"https:\/\/tvbrazilusa.com\/pt\/2024\/12\/22\/vitima-de-tiroteio-e-transportada-de-aviao-apos-ser-levada-a-delegacia-de-policia-de-miami-gardens-wsvn-7news-noticias-de-miami-clima-esportes-fort-lauderdale\/","title":{"rendered":"V\u00edtima de tiroteio \u00e9 transportada de avi\u00e3o ap\u00f3s ser levada \u00e0 delegacia de pol\u00edcia de Miami Gardens &#8211; WSVN 7News | Not\u00edcias de Miami, clima, esportes | Fort Lauderdale"},"content":{"rendered":"<p> <script async src=\"https:\/\/pagead2.googlesyndication.com\/pagead\/js\/adsbygoogle.js?client=ca-pub-8864793242727901\"\r\n     crossorigin=\"anonymous\"><\/script><br \/>\n<\/p>\n<div itemprop=\"articleBody\">\n<p>MIAMI GARDENS, FLA. (WSVN) &#8211; Houve uma emerg\u00eancia na sede do Departamento de Pol\u00edcia de Miami Gardens quando algu\u00e9m trouxe uma v\u00edtima de tiroteio.<\/p>\n<p>De acordo com a Pol\u00edcia de Miami Gardens, um amigo levou a v\u00edtima ferida at\u00e9 sua delegacia, na tarde de s\u00e1bado.<\/p>\n<p>Os param\u00e9dicos do Miami-Dade Fire Rescue transportaram a v\u00edtima de avi\u00e3o para o hospital em condi\u00e7\u00f5es desconhecidas.<\/p>\n<p>Os detetives n\u00e3o especificaram onde o tiroteio ocorreu, enquanto continuam investigando.<\/p>\n<p><em>Copyright 2024 Sunbeam Television Corp. Todos os direitos reservados. Este material n\u00e3o pode ser publicado, transmitido, reescrito ou redistribu\u00eddo.<\/em><\/p>\n<div class=\"wp-block-newsletter\">\n\t<strong class=\"wp-block-newsletter__title\">Cadastre-se em nosso boletim informativo para receber as \u00faltimas not\u00edcias diretamente em sua caixa de entrada<\/strong><\/p>\n<\/div><\/div>\n<p><br \/>\n<br \/><a href=\"https:\/\/wsvn.com\/news\/local\/miami-dade\/shooting-victim-airlifted-after-being-driven-to-miami-gardens-police-station\/\">Source link <\/a><\/p>","protected":false},"excerpt":{"rendered":"<p>MIAMI GARDENS, FLA. (WSVN) &#8211; Houve uma emerg\u00eancia na sede do Departamento de Pol\u00edcia de Miami Gardens quando algu\u00e9m trouxe uma v\u00edtima de tiroteio. De acordo com a Pol\u00edcia de&hellip;<\/p>","protected":false},"author":1,"featured_media":80748,"comment_status":"closed","ping_status":"open","sticky":false,"template":"","format":"standard","meta":{"content-type":"","footnotes":""},"categories":[1],"tags":[],"class_list":["post-80747","post","type-post","status-publish","format-standard","has-post-thumbnail","hentry","category-uncategorized"],"_links":{"self":[{"href":"https:\/\/tvbrazilusa.com\/pt\/wp-json\/wp\/v2\/posts\/80747","targetHints":{"allow":["GET"]}}],"collection":[{"href":"https:\/\/tvbrazilusa.com\/pt\/wp-json\/wp\/v2\/posts"}],"about":[{"href":"https:\/\/tvbrazilusa.com\/pt\/wp-json\/wp\/v2\/types\/post"}],"author":[{"embeddable":true,"href":"https:\/\/tvbrazilusa.com\/pt\/wp-json\/wp\/v2\/users\/1"}],"replies":[{"embeddable":true,"href":"https:\/\/tvbrazilusa.com\/pt\/wp-json\/wp\/v2\/comments?post=80747"}],"version-history":[{"count":1,"href":"https:\/\/tvbrazilusa.com\/pt\/wp-json\/wp\/v2\/posts\/80747\/revisions"}],"predecessor-version":[{"id":80749,"href":"https:\/\/tvbrazilusa.com\/pt\/wp-json\/wp\/v2\/posts\/80747\/revisions\/80749"}],"wp:featuredmedia":[{"embeddable":true,"href":"https:\/\/tvbrazilusa.com\/pt\/wp-json\/wp\/v2\/media\/80748"}],"wp:attachment":[{"href":"https:\/\/tvbrazilusa.com\/pt\/wp-json\/wp\/v2\/media?parent=80747"}],"wp:term":[{"taxonomy":"category","embeddable":true,"href":"https:\/\/tvbrazilusa.com\/pt\/wp-json\/wp\/v2\/categories?post=80747"},{"taxonomy":"post_tag","embeddable":true,"href":"https:\/\/tvbrazilusa.com\/pt\/wp-json\/wp\/v2\/tags?post=80747"}],"curies":[{"name":"wp","href":"https:\/\/api.w.org\/{rel}","templated":true}]}}