{"id":80759,"date":"2024-12-22T03:41:16","date_gmt":"2024-12-22T03:41:16","guid":{"rendered":"https:\/\/tvbrazilusa.com\/2024\/12\/22\/bebes-internados-ganham-ensaio-fotografico-em-hospital-do-df-veja\/"},"modified":"2024-12-22T03:41:17","modified_gmt":"2024-12-22T03:41:17","slug":"bebes-internados-ganham-ensaio-fotografico-em-hospital-do-df-veja","status":"publish","type":"post","link":"https:\/\/tvbrazilusa.com\/pt\/2024\/12\/22\/bebes-internados-ganham-ensaio-fotografico-em-hospital-do-df-veja\/","title":{"rendered":"Beb\u00eas internados ganham ensaio fotogr\u00e1fico em hospital do DF. Veja"},"content":{"rendered":"<p> <script async src=\"https:\/\/pagead2.googlesyndication.com\/pagead\/js\/adsbygoogle.js?client=ca-pub-8864793242727901\"\r\n     crossorigin=\"anonymous\"><\/script><br \/>\n<\/p>\n<div id=\"taboola-read-more\" style=\"display:block; width:100%\">\n<p>O esp\u00edrito natalino tomou conta das unidades neonatais do Hospital Regional de Santa Maria, no Distrito Federal. Os beb\u00eas internados receberam um ensaio fotogr\u00e1fico com gorro de Papai Noel em volta da \u00e1rvore de Natal. Veja a fofura:\n<\/p>\n<p data-gtm-vis-recent-on-screen104869357_94=\"40439\" data-gtm-vis-first-on-screen104869357_94=\"40439\" data-gtm-vis-total-visible-time104869357_94=\"100\" data-gtm-vis-has-fired104869357_94=\"1\">Os cliques foram feitos na sexta-feira (20\/12), em unidades de terapia intensiva e de cuidados intermedi\u00e1rios aos rec\u00e9m-nascidos.<\/p>\n<p>\u00a0<\/p>\n<p>Segundo o Instituto de Gest\u00e3o Estrat\u00e9gica de Sa\u00fade do Distrito Federal (<a href=\"https:\/\/igesdf.org.br\/\" target=\"_blank\" rel=\"noopener noreferrer\">Iges-DF<\/a>), as imagens foram feitas pela equipe em um cantinho preparado ao beb\u00ea. Aqueles que n\u00e3o podiam sair das incubadoras foram fotografados no aparelho.\n<\/p>\n<p>As pe\u00e7as que os beb\u00eas vestiam foram confeccionadas pela pr\u00f3pria equipe hospitalar, que bordou as roupinhas usadas. Os itens usados pelos beb\u00eas s\u00e3o doados para as m\u00e3es para guardar de presentes.\n<\/p>\n<p>Com informa\u00e7\u00f5es Metr\u00f3poles              <\/p>\n<\/div>\n<p><br \/>\n<br \/><a href=\"https:\/\/diariodobrasilnoticias.com.br\/noticia\/bebes-internados-ganham-ensaio-fotografico-em-hospital-do-df-veja-676737d9505cf\">Source link <\/a><\/p>","protected":false},"excerpt":{"rendered":"<p>O esp\u00edrito natalino tomou conta das unidades neonatais do Hospital Regional de Santa Maria, no Distrito Federal. Os beb\u00eas internados receberam um ensaio fotogr\u00e1fico com gorro de Papai Noel em&hellip;<\/p>","protected":false},"author":1,"featured_media":80760,"comment_status":"closed","ping_status":"open","sticky":false,"template":"","format":"standard","meta":{"content-type":"","footnotes":""},"categories":[16],"tags":[123,2448,5313,1267],"class_list":["post-80759","post","type-post","status-publish","format-standard","has-post-thumbnail","hentry","category-noticias","tag-brasil","tag-diario","tag-noticia","tag-noticias"],"_links":{"self":[{"href":"https:\/\/tvbrazilusa.com\/pt\/wp-json\/wp\/v2\/posts\/80759","targetHints":{"allow":["GET"]}}],"collection":[{"href":"https:\/\/tvbrazilusa.com\/pt\/wp-json\/wp\/v2\/posts"}],"about":[{"href":"https:\/\/tvbrazilusa.com\/pt\/wp-json\/wp\/v2\/types\/post"}],"author":[{"embeddable":true,"href":"https:\/\/tvbrazilusa.com\/pt\/wp-json\/wp\/v2\/users\/1"}],"replies":[{"embeddable":true,"href":"https:\/\/tvbrazilusa.com\/pt\/wp-json\/wp\/v2\/comments?post=80759"}],"version-history":[{"count":1,"href":"https:\/\/tvbrazilusa.com\/pt\/wp-json\/wp\/v2\/posts\/80759\/revisions"}],"predecessor-version":[{"id":80761,"href":"https:\/\/tvbrazilusa.com\/pt\/wp-json\/wp\/v2\/posts\/80759\/revisions\/80761"}],"wp:featuredmedia":[{"embeddable":true,"href":"https:\/\/tvbrazilusa.com\/pt\/wp-json\/wp\/v2\/media\/80760"}],"wp:attachment":[{"href":"https:\/\/tvbrazilusa.com\/pt\/wp-json\/wp\/v2\/media?parent=80759"}],"wp:term":[{"taxonomy":"category","embeddable":true,"href":"https:\/\/tvbrazilusa.com\/pt\/wp-json\/wp\/v2\/categories?post=80759"},{"taxonomy":"post_tag","embeddable":true,"href":"https:\/\/tvbrazilusa.com\/pt\/wp-json\/wp\/v2\/tags?post=80759"}],"curies":[{"name":"wp","href":"https:\/\/api.w.org\/{rel}","templated":true}]}}