{"id":80764,"date":"2024-12-22T03:54:36","date_gmt":"2024-12-22T03:54:36","guid":{"rendered":"https:\/\/tvbrazilusa.com\/2024\/12\/22\/tragedia-acidente-entre-tres-veiculos-deixa-38-mortos-na-br-116-em-mg-2\/"},"modified":"2024-12-22T03:54:37","modified_gmt":"2024-12-22T03:54:37","slug":"tragedia-acidente-entre-tres-veiculos-deixa-38-mortos-na-br-116-em-mg-2","status":"publish","type":"post","link":"https:\/\/tvbrazilusa.com\/pt\/2024\/12\/22\/tragedia-acidente-entre-tres-veiculos-deixa-38-mortos-na-br-116-em-mg-2\/","title":{"rendered":"TRAG\u00c9DIA: Acidente entre tr\u00eas ve\u00edculos deixa 38 mortos na BR-116 em MG"},"content":{"rendered":"<p> <script async src=\"https:\/\/pagead2.googlesyndication.com\/pagead\/js\/adsbygoogle.js?client=ca-pub-8864793242727901\"\r\n     crossorigin=\"anonymous\"><\/script><br \/>\n<\/p>\n<div data-block-type=\"unstyled\" data-block-weight=\"84\" data-block-id=\"33\">\n<p class=\"content-text__container\" data-track-category=\"Link no Texto\" data-track-links=\"\" data-mrf-recirculation=\"Mat\u00e9ria - Links no Texto\"><em>Desde que seu \u00f4nibus sofreu um acidente na madrugada deste s\u00e1bado, 21, no km 285, da BR-116, em Lapinha, distrito de\u00a0<\/em><a class=\"\" href=\"https:\/\/g1.globo.com\/mg\/vales-mg\/cidade\/teofilo-otoni\/\" data-mrf-link=\"https:\/\/g1.globo.com\/mg\/vales-mg\/cidade\/teofilo-otoni\/\"><em>Te\u00f3filo Otoni<\/em><\/a><em>-MG, imediatamente enviou equipes para o local para dar todo o suporte necess\u00e1rio aos sobreviventes, \u00e0s v\u00edtimas e seus familiares. Entre eles, apoio psicol\u00f3gico, reconhecimento de corpos e servi\u00e7os funer\u00e1rios est\u00e3o sendo prestados. Estavam a bordo 44 passageiros mais o motorista e 39 foram vitimados pelo tr\u00e1gico acidente. Os nomes das v\u00edtimas ser\u00e3o divulgados em momento oportuno, conforme libera\u00e7\u00e3o das autoridades competentes.<\/em>\n<\/p>\n<\/div>\n<p><br \/>\n<br \/><a href=\"https:\/\/diariodobrasilnoticias.com.br\/noticia\/tragedia-acidente-entre-tres-veiculos-deixa-38-mortos-na-br-116-em-mg-67675c7274a56\">Source link <\/a><\/p>","protected":false},"excerpt":{"rendered":"<p>Desde que seu \u00f4nibus sofreu um acidente na madrugada deste s\u00e1bado, 21, no km 285, da BR-116, em Lapinha, distrito de\u00a0Te\u00f3filo Otoni-MG, imediatamente enviou equipes para o local para dar&hellip;<\/p>","protected":false},"author":1,"featured_media":80698,"comment_status":"closed","ping_status":"open","sticky":false,"template":"","format":"standard","meta":{"content-type":"","footnotes":""},"categories":[16],"tags":[123,2448,5313,1267],"class_list":["post-80764","post","type-post","status-publish","format-standard","has-post-thumbnail","hentry","category-noticias","tag-brasil","tag-diario","tag-noticia","tag-noticias"],"_links":{"self":[{"href":"https:\/\/tvbrazilusa.com\/pt\/wp-json\/wp\/v2\/posts\/80764","targetHints":{"allow":["GET"]}}],"collection":[{"href":"https:\/\/tvbrazilusa.com\/pt\/wp-json\/wp\/v2\/posts"}],"about":[{"href":"https:\/\/tvbrazilusa.com\/pt\/wp-json\/wp\/v2\/types\/post"}],"author":[{"embeddable":true,"href":"https:\/\/tvbrazilusa.com\/pt\/wp-json\/wp\/v2\/users\/1"}],"replies":[{"embeddable":true,"href":"https:\/\/tvbrazilusa.com\/pt\/wp-json\/wp\/v2\/comments?post=80764"}],"version-history":[{"count":1,"href":"https:\/\/tvbrazilusa.com\/pt\/wp-json\/wp\/v2\/posts\/80764\/revisions"}],"predecessor-version":[{"id":80765,"href":"https:\/\/tvbrazilusa.com\/pt\/wp-json\/wp\/v2\/posts\/80764\/revisions\/80765"}],"wp:featuredmedia":[{"embeddable":true,"href":"https:\/\/tvbrazilusa.com\/pt\/wp-json\/wp\/v2\/media\/80698"}],"wp:attachment":[{"href":"https:\/\/tvbrazilusa.com\/pt\/wp-json\/wp\/v2\/media?parent=80764"}],"wp:term":[{"taxonomy":"category","embeddable":true,"href":"https:\/\/tvbrazilusa.com\/pt\/wp-json\/wp\/v2\/categories?post=80764"},{"taxonomy":"post_tag","embeddable":true,"href":"https:\/\/tvbrazilusa.com\/pt\/wp-json\/wp\/v2\/tags?post=80764"}],"curies":[{"name":"wp","href":"https:\/\/api.w.org\/{rel}","templated":true}]}}