{"id":80983,"date":"2024-12-22T17:07:13","date_gmt":"2024-12-22T17:07:13","guid":{"rendered":"https:\/\/tvbrazilusa.com\/2024\/12\/22\/provas-contra-o-ex-deputado-federal-alexandre-baldy-em-processo-da-lava-jato-sao-anuladas-pelo-ministro-gilmar-mendes\/"},"modified":"2024-12-22T17:07:14","modified_gmt":"2024-12-22T17:07:14","slug":"provas-contra-o-ex-deputado-federal-alexandre-baldy-em-processo-da-lava-jato-sao-anuladas-pelo-ministro-gilmar-mendes","status":"publish","type":"post","link":"https:\/\/tvbrazilusa.com\/pt\/2024\/12\/22\/provas-contra-o-ex-deputado-federal-alexandre-baldy-em-processo-da-lava-jato-sao-anuladas-pelo-ministro-gilmar-mendes\/","title":{"rendered":"Provas contra o ex-deputado federal Alexandre Baldy em processo da Lava Jato s\u00e3o anuladas pelo ministro Gilmar Mendes"},"content":{"rendered":"<p> <script async src=\"https:\/\/pagead2.googlesyndication.com\/pagead\/js\/adsbygoogle.js?client=ca-pub-8864793242727901\"\r\n     crossorigin=\"anonymous\"><\/script><br \/>\n<\/p>\n<div id=\"taboola-read-more\" style=\"display:block; width:100%\">\n<p>O ministro do STF (Supremo Tribunal Federal) Gilmar Mendes anulou as provas contra o ex-deputado federal Alexandre Baldy no caso que investiga poss\u00edveis crimes de corrup\u00e7\u00e3o e envolvimento com organiza\u00e7\u00e3o criminosa. O magistrado determinou a devolu\u00e7\u00e3o do caso \u00e0 Justi\u00e7a Eleitoral e declarou a nulidade das provas e atos decis\u00f3rios produzidos pela 7\u00aa Vara Federal Criminal do Rio de Janeiro.\n<\/p>\n<p>Os advogados que cuidam da defesa do ex-congressista s\u00e3o Igor Tamasauskas e Pierpaolo Bottini. Ex-ministro das Cidades no governo de Michel Temer (MDB), Baldy \u00e9 hoje representante da montadora chinesa BYD no Brasil.<\/p>\n<p>Baldy foi alvo, em 2020, da Opera\u00e7\u00e3o Dardan\u00e1rios, desdobramento da Lava Jato que mirou supostas propinas pagas a agentes p\u00fablicos por empres\u00e1rios investigados por desvios no Rio. Ele foi acusado de receber R$ 2,5 milh\u00f5es em vantagens indevidas de 2014 a 2018. Ele nega.\n<\/p>\n<p>O processo corre em sigilo, mas o Poder360 teve acesso \u00e0 decis\u00e3o do ministro Gilmar Mendes, de 5\u00aa feira (19.dez.2024).\n<\/p>\n<p>Gilmar havia considerado, em 2020, que a 7\u00aa Vara Federal Criminal do Rio de Janeiro era incompetente para julgar o caso, que foi enviado \u00e0 Justi\u00e7a Eleitoral. No despacho, o ministro do STF diz que o Minist\u00e9rio P\u00fablico Eleitoral e o Ju\u00edzo Eleitoral \u201csimplesmente ignoraram\u201d a decis\u00e3o de 2020 e agiram \u201cde forma artificiosa\u201d para descumprir o determinado pela Corte.\n<\/p>\n<p>\u201cH\u00e1 o flagrante descumprimento \u00e0 ordem desta corte a partir da decis\u00e3o que determinou, de forma artificiosa, e sem qualquer altera\u00e7\u00e3o f\u00e1tica, o arquivamento do processo em rela\u00e7\u00e3o aos delitos eleitorais, de modo a devolver indevidamente o processo para a 7\u00aa Vara Criminal Federal do Rio de Janeiro, \u00f3rg\u00e3o que j\u00e1 foi considerado absolutamente incompetente para processar e julgar os fatos em an\u00e1lise\u201d, l\u00ea-se no documento.\n<\/p>\n<p>Gilmar se refere \u00e0 manifesta\u00e7\u00e3o do Minist\u00e9rio P\u00fablico Eleitoral pelo arquivamento do processo e devolu\u00e7\u00e3o do caso \u00e0 7\u00aa Vara quanto aos crimes comuns. O pedido foi acolhido pela Justi\u00e7a Eleitoral.\n<\/p>\n<p>\u201cA an\u00e1lise dessa situa\u00e7\u00e3o demonstra que houve o indevido uso de instrumentos de bypass processual \u00e0 jurisprud\u00eancia desta Suprema Corte em tema t\u00e3o fundamental como a garantia do juiz natural, haja vista que, desde o in\u00edcio das investiga\u00e7\u00f5es, apontou-se a ocorr\u00eancia de fatos de compet\u00eancia da Justi\u00e7a Especializada\u201d, diz o despacho.\n<\/p>\n<p>O ministro da Corte afirma ser preciso analisar a situa\u00e7\u00e3o \u201ccom rigor\u201d para que \u201cn\u00e3o se permita\u201d esse \u201cbypass processual\u201d, em especial considerando a exist\u00eancia de \u201cind\u00edcios da pr\u00e1tica de crimes eleitorais que s\u00e3o discricionariamente desconsiderados pelas inst\u00e2ncias inferiores para escolher o foro arbitrariamente considerado como mais conveniente para apura\u00e7\u00e3o e julgamento de processos criminais\u201d.\n<\/p>\n<p>Fonte: Poder360              <\/p>\n<\/div>\n<p><br \/>\n<br \/><a href=\"https:\/\/diariodobrasilnoticias.com.br\/noticia\/provas-contra-o-ex-deputado-federal-alexandre-baldy-em-processo-da-lava-jato-sao-anuladas-pelo-ministro-gilmar-mendes-676825d8ca303\">Source link <\/a><\/p>","protected":false},"excerpt":{"rendered":"<p>O ministro do STF (Supremo Tribunal Federal) Gilmar Mendes anulou as provas contra o ex-deputado federal Alexandre Baldy no caso que investiga poss\u00edveis crimes de corrup\u00e7\u00e3o e envolvimento com organiza\u00e7\u00e3o&hellip;<\/p>","protected":false},"author":1,"featured_media":80984,"comment_status":"closed","ping_status":"open","sticky":false,"template":"","format":"standard","meta":{"content-type":"","footnotes":""},"categories":[16],"tags":[123,2448,5313,1267],"class_list":["post-80983","post","type-post","status-publish","format-standard","has-post-thumbnail","hentry","category-noticias","tag-brasil","tag-diario","tag-noticia","tag-noticias"],"_links":{"self":[{"href":"https:\/\/tvbrazilusa.com\/pt\/wp-json\/wp\/v2\/posts\/80983","targetHints":{"allow":["GET"]}}],"collection":[{"href":"https:\/\/tvbrazilusa.com\/pt\/wp-json\/wp\/v2\/posts"}],"about":[{"href":"https:\/\/tvbrazilusa.com\/pt\/wp-json\/wp\/v2\/types\/post"}],"author":[{"embeddable":true,"href":"https:\/\/tvbrazilusa.com\/pt\/wp-json\/wp\/v2\/users\/1"}],"replies":[{"embeddable":true,"href":"https:\/\/tvbrazilusa.com\/pt\/wp-json\/wp\/v2\/comments?post=80983"}],"version-history":[{"count":1,"href":"https:\/\/tvbrazilusa.com\/pt\/wp-json\/wp\/v2\/posts\/80983\/revisions"}],"predecessor-version":[{"id":80985,"href":"https:\/\/tvbrazilusa.com\/pt\/wp-json\/wp\/v2\/posts\/80983\/revisions\/80985"}],"wp:featuredmedia":[{"embeddable":true,"href":"https:\/\/tvbrazilusa.com\/pt\/wp-json\/wp\/v2\/media\/80984"}],"wp:attachment":[{"href":"https:\/\/tvbrazilusa.com\/pt\/wp-json\/wp\/v2\/media?parent=80983"}],"wp:term":[{"taxonomy":"category","embeddable":true,"href":"https:\/\/tvbrazilusa.com\/pt\/wp-json\/wp\/v2\/categories?post=80983"},{"taxonomy":"post_tag","embeddable":true,"href":"https:\/\/tvbrazilusa.com\/pt\/wp-json\/wp\/v2\/tags?post=80983"}],"curies":[{"name":"wp","href":"https:\/\/api.w.org\/{rel}","templated":true}]}}