{"id":80986,"date":"2024-12-22T17:19:58","date_gmt":"2024-12-22T17:19:58","guid":{"rendered":"https:\/\/tvbrazilusa.com\/2024\/12\/22\/policia-civil-prende-serial-killer-de-caes-e-gatos-no-interior-de-sp-a-violencia-praticada-contra-os-animais-foi-marcada-por-requintes-de-crueldade\/"},"modified":"2024-12-22T17:20:00","modified_gmt":"2024-12-22T17:20:00","slug":"policia-civil-prende-serial-killer-de-caes-e-gatos-no-interior-de-sp-a-violencia-praticada-contra-os-animais-foi-marcada-por-requintes-de-crueldade","status":"publish","type":"post","link":"https:\/\/tvbrazilusa.com\/pt\/2024\/12\/22\/policia-civil-prende-serial-killer-de-caes-e-gatos-no-interior-de-sp-a-violencia-praticada-contra-os-animais-foi-marcada-por-requintes-de-crueldade\/","title":{"rendered":"Pol\u00edcia Civil prende serial killer de c\u00e3es e gatos no interior de SP: &#8216;A viol\u00eancia praticada contra os animais foi marcada por requintes de crueldade (&#8230;)&#8217;"},"content":{"rendered":"<p> <script async src=\"https:\/\/pagead2.googlesyndication.com\/pagead\/js\/adsbygoogle.js?client=ca-pub-8864793242727901\"\r\n     crossorigin=\"anonymous\"><\/script><br \/>\n<\/p>\n<div id=\"taboola-read-more\" style=\"display:block; width:100%\">\n<p>O Setor de Prote\u00e7\u00e3o Animal (Sepa) da Pol\u00edcia Civil em Itapetininga, no interior de S\u00e3o Paulo, realizou a pris\u00e3o preventiva de um homem acusado de ser serial killer de c\u00e3es e gatos.\n<\/p>\n<p>Ele foi preso na sexta-feira (20\/12) ap\u00f3s mandado expedido pela Justi\u00e7a, que tamb\u00e9m autorizou busca e apreens\u00e3o na resid\u00eancia e a quebra de sigilos telef\u00f4nicos.<\/p>\n<p>O suspeito adotava os animais nas redes sociais e os capturava na vizinhan\u00e7a, na regi\u00e3o da Vila C\u00e9lia. Ele submetia os bichos a espancamentos, envenenamentos e os amorda\u00e7ava, os matando de formas dolorosas.\n<\/p>\n<p>Os corpos dos c\u00e3es e gatos foram encontrados pr\u00f3ximos \u00e0 casa do serial killer. Os agentes que investigam o caso apontam que o modus operandi do suspeito revela um padr\u00e3o sistem\u00e1tico de viol\u00eancia.\n<\/p>\n<p>Al\u00e9m da pris\u00e3o do suspeito, foram apreendidos dispositivos eletr\u00f4nicos, subst\u00e2ncias t\u00f3xicas e outros materiais que comprovam os crimes.\n<\/p>\n<p>\u201cA viol\u00eancia praticada contra os animais foi marcada por requintes de crueldade e representa um risco potencial \u00e0 seguran\u00e7a p\u00fablica. Muitos estudos mostram a correla\u00e7\u00e3o entre crimes contra animais e atos violentos contra pessoas\u201d, disse a delegada J\u00falia Nunes, respons\u00e1vel pelo caso.\n<\/p>\n<p>Fonte: Metr\u00f3poles              <\/p>\n<\/div>\n<p><br \/>\n<br \/><a href=\"https:\/\/diariodobrasilnoticias.com.br\/noticia\/policia-civil-prende-serial-killer-de-caes-e-gatos-no-interior-de-sp-a-violencia-praticada-contra-os-animais-foi-marcada-por-requintes-de-crueldade-676823e110cdb\">Source link <\/a><\/p>","protected":false},"excerpt":{"rendered":"<p>O Setor de Prote\u00e7\u00e3o Animal (Sepa) da Pol\u00edcia Civil em Itapetininga, no interior de S\u00e3o Paulo, realizou a pris\u00e3o preventiva de um homem acusado de ser serial killer de c\u00e3es&hellip;<\/p>","protected":false},"author":1,"featured_media":80987,"comment_status":"closed","ping_status":"open","sticky":false,"template":"","format":"standard","meta":{"content-type":"","footnotes":""},"categories":[16],"tags":[123,2448,5313,1267],"class_list":["post-80986","post","type-post","status-publish","format-standard","has-post-thumbnail","hentry","category-noticias","tag-brasil","tag-diario","tag-noticia","tag-noticias"],"_links":{"self":[{"href":"https:\/\/tvbrazilusa.com\/pt\/wp-json\/wp\/v2\/posts\/80986","targetHints":{"allow":["GET"]}}],"collection":[{"href":"https:\/\/tvbrazilusa.com\/pt\/wp-json\/wp\/v2\/posts"}],"about":[{"href":"https:\/\/tvbrazilusa.com\/pt\/wp-json\/wp\/v2\/types\/post"}],"author":[{"embeddable":true,"href":"https:\/\/tvbrazilusa.com\/pt\/wp-json\/wp\/v2\/users\/1"}],"replies":[{"embeddable":true,"href":"https:\/\/tvbrazilusa.com\/pt\/wp-json\/wp\/v2\/comments?post=80986"}],"version-history":[{"count":1,"href":"https:\/\/tvbrazilusa.com\/pt\/wp-json\/wp\/v2\/posts\/80986\/revisions"}],"predecessor-version":[{"id":80988,"href":"https:\/\/tvbrazilusa.com\/pt\/wp-json\/wp\/v2\/posts\/80986\/revisions\/80988"}],"wp:featuredmedia":[{"embeddable":true,"href":"https:\/\/tvbrazilusa.com\/pt\/wp-json\/wp\/v2\/media\/80987"}],"wp:attachment":[{"href":"https:\/\/tvbrazilusa.com\/pt\/wp-json\/wp\/v2\/media?parent=80986"}],"wp:term":[{"taxonomy":"category","embeddable":true,"href":"https:\/\/tvbrazilusa.com\/pt\/wp-json\/wp\/v2\/categories?post=80986"},{"taxonomy":"post_tag","embeddable":true,"href":"https:\/\/tvbrazilusa.com\/pt\/wp-json\/wp\/v2\/tags?post=80986"}],"curies":[{"name":"wp","href":"https:\/\/api.w.org\/{rel}","templated":true}]}}