{"id":80989,"date":"2024-12-22T17:24:11","date_gmt":"2024-12-22T17:24:11","guid":{"rendered":"https:\/\/tvbrazilusa.com\/2024\/12\/22\/milhares-de-pessoas-vao-a-praca-de-belgrado-para-protestar-contra-o-presidente-populista-da-servia-wsvn-7news-noticias-de-miami-clima-esportes-fort-lauderdale\/"},"modified":"2024-12-22T17:24:28","modified_gmt":"2024-12-22T17:24:28","slug":"milhares-de-pessoas-vao-a-praca-de-belgrado-para-protestar-contra-o-presidente-populista-da-servia-wsvn-7news-noticias-de-miami-clima-esportes-fort-lauderdale","status":"publish","type":"post","link":"https:\/\/tvbrazilusa.com\/pt\/2024\/12\/22\/milhares-de-pessoas-vao-a-praca-de-belgrado-para-protestar-contra-o-presidente-populista-da-servia-wsvn-7news-noticias-de-miami-clima-esportes-fort-lauderdale\/","title":{"rendered":"Milhares de pessoas v\u00e3o \u00e0 pra\u00e7a de Belgrado para protestar contra o presidente populista da S\u00e9rvia &#8211; WSVN 7News | Not\u00edcias de Miami, clima, esportes | Fort Lauderdale"},"content":{"rendered":"<p> <script async src=\"https:\/\/pagead2.googlesyndication.com\/pagead\/js\/adsbygoogle.js?client=ca-pub-8864793242727901\"\r\n     crossorigin=\"anonymous\"><\/script><br \/>\n<\/p>\n<div itemprop=\"articleBody\">\n<p>BELGRADO, S\u00e9rvia (AP) \u2013 Dezenas de milhares de pessoas acorreram a uma pra\u00e7a central da capital da S\u00e9rvia no domingo para uma grande manifesta\u00e7\u00e3o contra o presidente populista Aleksandar Vucic e o seu governo, cujo forte controlo do poder foi desafiado por semanas de protestos de rua liderados por estudantes universit\u00e1rios. .<\/p>\n<p>A manifesta\u00e7\u00e3o na Pra\u00e7a Slavija, em Belgrado, uma das maiores dos \u00faltimos anos, foi convocada por estudantes e sindicatos de agricultores. Fazia parte de um movimento mais amplo que exigia responsabiliza\u00e7\u00e3o pelo colapso, em 1\u00ba de novembro, de uma cobertura em uma esta\u00e7\u00e3o ferrovi\u00e1ria no norte do pa\u00eds, que matou 15 pessoas.<\/p>\n<p>Com\u00edcios menores tamb\u00e9m foram realizados nas cidades de Nis e Kragujevac. A manifesta\u00e7\u00e3o em Belgrado come\u00e7ou com um sil\u00eancio de 15 minutos para as v\u00edtimas e, posteriormente, gritos de \u201cVoc\u00eas t\u00eam sangue nas m\u00e3os!\u201d foram ouvidos.<\/p>\n<p>Muitos na S\u00e9rvia atribuem o colapso \u00e0 corrup\u00e7\u00e3o generalizada e ao trabalho desleixado no edif\u00edcio da esta\u00e7\u00e3o ferrovi\u00e1ria na cidade de Novi Sad, que foi renovado duas vezes nos \u00faltimos anos como parte de megaprojectos question\u00e1veis \u200b\u200benvolvendo empresas estatais chinesas. Os manifestantes exigem que Vucic e os respons\u00e1veis \u200b\u200b\u200b\u200benfrentem a justi\u00e7a.<\/p>\n<p>Os populares atores de teatro e cinema da S\u00e9rvia juntaram-se ao protesto, com o ator Bane Trifunovic descrevendo o com\u00edcio de domingo como \u201cum festival de liberdade\u201d.<\/p>\n<p>Numa demonstra\u00e7\u00e3o de confian\u00e7a, o presidente s\u00e9rvio inaugurou no domingo um tro\u00e7o de uma autoestrada rec\u00e9m-constru\u00edda no centro da S\u00e9rvia. Vucic disse que n\u00e3o cederia \u00e0s exig\u00eancias da oposi\u00e7\u00e3o por um governo de transi\u00e7\u00e3o e acusou os seus oponentes de usarem estudantes para tentar tomar o poder.<\/p>\n<p>\u201cVamos venc\u00ea-los novamente\u201d, disse Vucic. \u201cEles (a oposi\u00e7\u00e3o) n\u00e3o sabem o que fazer a n\u00e3o ser usar os filhos de algu\u00e9m\u201d.<\/p>\n<p>Os promotores prenderam 13 pessoas devido \u00e0 trag\u00e9dia de Novi Sad, incluindo um ministro do governo cuja liberta\u00e7\u00e3o mais tarde alimentou o ceticismo p\u00fablico sobre a honestidade da investiga\u00e7\u00e3o.<\/p>\n<p>Os protestos que duram semanas refletem um descontentamento mais amplo com o governo de Vucic. O l\u00edder populista diz formalmente que quer incluir a S\u00e9rvia na Uni\u00e3o Europeia, mas tem enfrentado acusa\u00e7\u00f5es de restringir as liberdades democr\u00e1ticas em vez de promov\u00ea-las.<\/p>\n<p>Os partidos da oposi\u00e7\u00e3o afirmaram que um governo de transi\u00e7\u00e3o que preparasse elei\u00e7\u00f5es livres e justas poderia ser uma forma de sair das tens\u00f5es pol\u00edticas, uma vez que os populistas no poder tamb\u00e9m foram acusados \u200b\u200bde fraudar vota\u00e7\u00f5es anteriores.<\/p>\n<p>O governo da S\u00e9rvia prolongou as f\u00e9rias escolares de inverno, iniciando-as quase uma semana antes para enfrentar os crescentes protestos estudantis.<\/p>\n<p>As aulas nas universidades de todo o pa\u00eds dos Balc\u00e3s foram suspensas durante semanas, com os estudantes acampados dentro dos edif\u00edcios docentes. Nos \u00faltimos dias, mais estudantes do ensino m\u00e9dio aderiram ao movimento. A viol\u00eancia ocasional eclodiu quando bandidos pr\u00f3-governo tentaram perturbar os protestos.<\/p>\n<p>Um grupo de agricultores disse no domingo que a pol\u00edcia retirou o trator que dirigia at\u00e9 o centro de Belgrado antes do protesto. Al\u00e9m dos agricultores, os estudantes da S\u00e9rvia tamb\u00e9m receberam apoio nacional de todas as esferas da vida, incluindo os seus professores, personalidades da m\u00eddia, advogados e indiv\u00edduos proeminentes.<\/p>\n<p>Vucic inicialmente acusou os estudantes de lan\u00e7arem protestos por dinheiro, mas depois disse que cumpriu as suas exig\u00eancias, incluindo a publica\u00e7\u00e3o de documenta\u00e7\u00e3o relativa aos trabalhos de renova\u00e7\u00e3o na esta\u00e7\u00e3o de Novi Sad.<\/p>\n<p><em>Direitos autorais 2024 da Associated Press. Todos os direitos reservados. Este material n\u00e3o pode ser publicado, transmitido, reescrito ou redistribu\u00eddo.<\/em><\/p>\n<div class=\"wp-block-newsletter\">\n\t<strong class=\"wp-block-newsletter__title\">Cadastre-se em nosso boletim informativo para receber as \u00faltimas not\u00edcias diretamente em sua caixa de entrada<\/strong><\/p>\n<\/div><\/div>\n<p><br \/>\n<br \/><a href=\"https:\/\/wsvn.com\/news\/us-world\/thousands-stream-into-belgrade-square-to-protest-against-populist-serbian-president\/\">Source link <\/a><\/p>","protected":false},"excerpt":{"rendered":"<p>BELGRADO, S\u00e9rvia (AP) \u2013 Dezenas de milhares de pessoas acorreram a uma pra\u00e7a central da capital da S\u00e9rvia no domingo para uma grande manifesta\u00e7\u00e3o contra o presidente populista Aleksandar Vucic&hellip;<\/p>","protected":false},"author":1,"featured_media":61106,"comment_status":"closed","ping_status":"open","sticky":false,"template":"","format":"standard","meta":{"content-type":"","footnotes":""},"categories":[1],"tags":[],"class_list":["post-80989","post","type-post","status-publish","format-standard","has-post-thumbnail","hentry","category-uncategorized"],"_links":{"self":[{"href":"https:\/\/tvbrazilusa.com\/pt\/wp-json\/wp\/v2\/posts\/80989","targetHints":{"allow":["GET"]}}],"collection":[{"href":"https:\/\/tvbrazilusa.com\/pt\/wp-json\/wp\/v2\/posts"}],"about":[{"href":"https:\/\/tvbrazilusa.com\/pt\/wp-json\/wp\/v2\/types\/post"}],"author":[{"embeddable":true,"href":"https:\/\/tvbrazilusa.com\/pt\/wp-json\/wp\/v2\/users\/1"}],"replies":[{"embeddable":true,"href":"https:\/\/tvbrazilusa.com\/pt\/wp-json\/wp\/v2\/comments?post=80989"}],"version-history":[{"count":1,"href":"https:\/\/tvbrazilusa.com\/pt\/wp-json\/wp\/v2\/posts\/80989\/revisions"}],"predecessor-version":[{"id":80990,"href":"https:\/\/tvbrazilusa.com\/pt\/wp-json\/wp\/v2\/posts\/80989\/revisions\/80990"}],"wp:featuredmedia":[{"embeddable":true,"href":"https:\/\/tvbrazilusa.com\/pt\/wp-json\/wp\/v2\/media\/61106"}],"wp:attachment":[{"href":"https:\/\/tvbrazilusa.com\/pt\/wp-json\/wp\/v2\/media?parent=80989"}],"wp:term":[{"taxonomy":"category","embeddable":true,"href":"https:\/\/tvbrazilusa.com\/pt\/wp-json\/wp\/v2\/categories?post=80989"},{"taxonomy":"post_tag","embeddable":true,"href":"https:\/\/tvbrazilusa.com\/pt\/wp-json\/wp\/v2\/tags?post=80989"}],"curies":[{"name":"wp","href":"https:\/\/api.w.org\/{rel}","templated":true}]}}