{"id":80994,"date":"2024-12-22T17:32:37","date_gmt":"2024-12-22T17:32:37","guid":{"rendered":"https:\/\/tvbrazilusa.com\/2024\/12\/22\/putin-da-russia-mantem-conversacoes-com-o-primeiro-ministro-eslovaco-fico-numa-rara-visita-a-moscovo-de-um-lider-da-ue-wsvn-7news-noticias-de-miami-clima-esportes-fort-lauderdale\/"},"modified":"2024-12-22T17:36:53","modified_gmt":"2024-12-22T17:36:53","slug":"putin-da-russia-mantem-conversacoes-com-o-primeiro-ministro-eslovaco-fico-numa-rara-visita-a-moscovo-de-um-lider-da-ue-wsvn-7news-noticias-de-miami-clima-esportes-fort-lauderdale","status":"publish","type":"post","link":"https:\/\/tvbrazilusa.com\/pt\/2024\/12\/22\/putin-da-russia-mantem-conversacoes-com-o-primeiro-ministro-eslovaco-fico-numa-rara-visita-a-moscovo-de-um-lider-da-ue-wsvn-7news-noticias-de-miami-clima-esportes-fort-lauderdale\/","title":{"rendered":"Putin da R\u00fassia mant\u00e9m conversa\u00e7\u00f5es com o primeiro-ministro eslovaco Fico, numa rara visita a Moscovo de um l\u00edder da UE &#8211; WSVN 7News | Not\u00edcias de Miami, clima, esportes | Fort Lauderdale"},"content":{"rendered":"<p> <script async src=\"https:\/\/pagead2.googlesyndication.com\/pagead\/js\/adsbygoogle.js?client=ca-pub-8864793242727901\"\r\n     crossorigin=\"anonymous\"><\/script><br \/>\n<\/p>\n<div itemprop=\"articleBody\">\n<p>O presidente russo, Vladimir Putin, manteve conversa\u00e7\u00f5es no Kremlin no domingo com o primeiro-ministro da Eslov\u00e1quia, Robert Fico, numa rara visita a Moscovo de um l\u00edder da UE desde a invas\u00e3o total da Ucr\u00e2nia pela R\u00fassia em fevereiro de 2022.<\/p>\n<p>Fico chegou \u00e0 R\u00fassia em uma \u201cvisita de trabalho\u201d e se encontrou pessoalmente com Putin na noite de domingo, disse o porta-voz do Kremlin, Dmitry Peskov, \u00e0 ag\u00eancia russa RIA. Segundo Peskov, as negocia\u00e7\u00f5es se concentrariam na \u201csitua\u00e7\u00e3o internacional\u201d e nas entregas russas de g\u00e1s natural.<\/p>\n<p>As visitas e telefonemas de l\u00edderes europeus a Putin t\u00eam sido raras desde que Moscovo enviou tropas para a Ucr\u00e2nia, embora o primeiro-ministro h\u00fangaro, Viktor Orban, tenha visitado a R\u00fassia em Julho. A visita de Orban atraiu a condena\u00e7\u00e3o de Kyiv e dos l\u00edderes europeus.<\/p>\n<p><em>Direitos autorais 2024 da Associated Press. Todos os direitos reservados. Este material n\u00e3o pode ser publicado, transmitido, reescrito ou redistribu\u00eddo.<\/em><\/p>\n<div class=\"wp-block-newsletter\">\n\t<strong class=\"wp-block-newsletter__title\">Cadastre-se em nosso boletim informativo para receber as \u00faltimas not\u00edcias diretamente em sua caixa de entrada<\/strong><\/p>\n<\/div><\/div>\n<p><br \/>\n<br \/><a href=\"https:\/\/wsvn.com\/news\/us-world\/russias-putin-holds-talks-with-slovakian-pm-fico-in-a-rare-visit-to-moscow-by-an-eu-leader\/\">Source link <\/a><\/p>","protected":false},"excerpt":{"rendered":"<p>O presidente russo, Vladimir Putin, manteve conversa\u00e7\u00f5es no Kremlin no domingo com o primeiro-ministro da Eslov\u00e1quia, Robert Fico, numa rara visita a Moscovo de um l\u00edder da UE desde a&hellip;<\/p>","protected":false},"author":1,"featured_media":63474,"comment_status":"closed","ping_status":"open","sticky":false,"template":"","format":"standard","meta":{"content-type":"","footnotes":""},"categories":[1],"tags":[],"class_list":["post-80994","post","type-post","status-publish","format-standard","has-post-thumbnail","hentry","category-uncategorized"],"_links":{"self":[{"href":"https:\/\/tvbrazilusa.com\/pt\/wp-json\/wp\/v2\/posts\/80994","targetHints":{"allow":["GET"]}}],"collection":[{"href":"https:\/\/tvbrazilusa.com\/pt\/wp-json\/wp\/v2\/posts"}],"about":[{"href":"https:\/\/tvbrazilusa.com\/pt\/wp-json\/wp\/v2\/types\/post"}],"author":[{"embeddable":true,"href":"https:\/\/tvbrazilusa.com\/pt\/wp-json\/wp\/v2\/users\/1"}],"replies":[{"embeddable":true,"href":"https:\/\/tvbrazilusa.com\/pt\/wp-json\/wp\/v2\/comments?post=80994"}],"version-history":[{"count":1,"href":"https:\/\/tvbrazilusa.com\/pt\/wp-json\/wp\/v2\/posts\/80994\/revisions"}],"predecessor-version":[{"id":80995,"href":"https:\/\/tvbrazilusa.com\/pt\/wp-json\/wp\/v2\/posts\/80994\/revisions\/80995"}],"wp:featuredmedia":[{"embeddable":true,"href":"https:\/\/tvbrazilusa.com\/pt\/wp-json\/wp\/v2\/media\/63474"}],"wp:attachment":[{"href":"https:\/\/tvbrazilusa.com\/pt\/wp-json\/wp\/v2\/media?parent=80994"}],"wp:term":[{"taxonomy":"category","embeddable":true,"href":"https:\/\/tvbrazilusa.com\/pt\/wp-json\/wp\/v2\/categories?post=80994"},{"taxonomy":"post_tag","embeddable":true,"href":"https:\/\/tvbrazilusa.com\/pt\/wp-json\/wp\/v2\/tags?post=80994"}],"curies":[{"name":"wp","href":"https:\/\/api.w.org\/{rel}","templated":true}]}}