{"id":8102,"date":"2024-07-25T00:13:24","date_gmt":"2024-07-25T00:13:24","guid":{"rendered":"https:\/\/tvbrazilusa.com\/2024\/07\/25\/biden-usara-o-discurso-no-salao-oval-para-explicar-sua-decisao-de-abandonar-a-corrida-de-2024-e-comecar-a-moldar-o-legado\/"},"modified":"2024-07-25T00:20:59","modified_gmt":"2024-07-25T00:20:59","slug":"biden-usara-o-discurso-no-salao-oval-para-explicar-sua-decisao-de-abandonar-a-corrida-de-2024-e-comecar-a-moldar-o-legado","status":"publish","type":"post","link":"https:\/\/tvbrazilusa.com\/pt\/2024\/07\/25\/biden-usara-o-discurso-no-salao-oval-para-explicar-sua-decisao-de-abandonar-a-corrida-de-2024-e-comecar-a-moldar-o-legado\/","title":{"rendered":"Biden usar\u00e1 o discurso no Sal\u00e3o Oval para explicar sua decis\u00e3o de abandonar a corrida de 2024 e come\u00e7ar a moldar o legado"},"content":{"rendered":"<script async src=\"https:\/\/pagead2.googlesyndication.com\/pagead\/js\/adsbygoogle.js?client=ca-pub-8864793242727901\"\r\n     crossorigin=\"anonymous\"><\/script>\n<div id=\"\">\n<p class=\"dist__Box-sc-1fnzlkn-0 dist__TextBase-sc-1fnzlkn-3 CGHCP htMUPQ article-text\"><strong>WASHINGTON<\/strong> \u2013 Insistindo que \u201ca defesa da democracia \u00e9 mais importante do que qualquer t\u00edtulo\u201d, <a href=\"https:\/\/apnews.com\/article\/biden-drops-out-2024-election-ddffde72838370032bdcff946cfc2ce6\">Presidente Joe Biden<\/a> na quarta-feira explicar\u00e1 em um discurso no Sal\u00e3o Oval sua decis\u00e3o de abandonar sua candidatura \u00e0 reelei\u00e7\u00e3o e dar seu apoio <a href=\"https:\/\/apnews.com\/article\/harris-campaign-trump-indiana-sorority-031e3afa51f9ed42e0acd979e80019a8\">Vice-presidente Kamala Harris<\/a>.<\/p>\n<p class=\"dist__Box-sc-1fnzlkn-0 dist__TextBase-sc-1fnzlkn-3 CGHCP htMUPQ article-text\">O discurso oferecer\u00e1 ao p\u00fablico a primeira chance de ouvir diretamente de Biden sua justificativa para desistir de 2024, ap\u00f3s semanas insistindo que ele acreditava ser o melhor candidato para assumir <a href=\"https:\/\/apnews.com\/article\/trump-charlotte-north-carolina-harris-7c7e6e405fecc8927a63763c76f2db1e\">ex-presidente Donald Trump<\/a>a quem ele chamou de amea\u00e7a existencial \u00e0 democracia da na\u00e7\u00e3o. Tamb\u00e9m dar\u00e1 a Biden uma chance de tentar moldar como a hist\u00f3ria v\u00ea seu \u00fanico mandato.<\/p>\n<p class=\"dist__Box-sc-1fnzlkn-0 dist__TextBase-sc-1fnzlkn-3 CGHCP htMUPQ article-text\">\u201cA defesa da democracia \u00e9 mais importante do que qualquer t\u00edtulo&#8221;, Biden dir\u00e1 de acordo com trechos divulgados pela Casa Branca. &#8220;Eu tiro for\u00e7a e encontro alegria em trabalhar PARA o povo americano. Mas esta tarefa sagrada de aperfei\u00e7oar nossa Uni\u00e3o n\u00e3o \u00e9 sobre mim. \u00c9 sobre voc\u00eas. Suas fam\u00edlias. Seus futuros. \u00c9 sobre &#39;N\u00f3s, o Povo&#39;.&#8221;<\/p>\n<p class=\"dist__Box-sc-1fnzlkn-0 dist__TextBase-sc-1fnzlkn-3 CGHCP htMUPQ article-text\">A candidatura de Biden enfrentou uma crise de confian\u00e7a dos democratas ap\u00f3s seu p\u00e9ssimo debate contra Trump h\u00e1 quase um m\u00eas, onde ele falou hesitantemente, pareceu p\u00e1lido e n\u00e3o conseguiu rebater os ataques de seu antecessor. Isso desencadeou um motim dentro de seu partido n\u00e3o apenas sobre se ele era capaz de derrotar Trump em novembro, mas tamb\u00e9m se, aos 81 anos, ele ainda estava apto para o trabalho de alta press\u00e3o.<\/p>\n<p class=\"dist__Box-sc-1fnzlkn-0 dist__TextBase-sc-1fnzlkn-3 CGHCP htMUPQ article-text\">Biden tentou superar o ceticismo e acalmar as preocupa\u00e7\u00f5es com entrevistas e com\u00edcios mornos, mas a press\u00e3o para se afastar s\u00f3 aumentou entre as elites pol\u00edticas do partido e entre os eleitores comuns.<\/p>\n<p class=\"dist__Box-sc-1fnzlkn-0 dist__TextBase-sc-1fnzlkn-3 CGHCP htMUPQ article-text\">Na tarde de domingo, enquanto estava isolado em sua casa em Rehoboth Beach, Delaware, com COVID-19, Biden finalmente se curvou em uma carta postada em sua conta no X anunciando sua decis\u00e3o de deixar a corrida, seguida mais tarde por um apoio a Harris.<\/p>\n<p class=\"dist__Box-sc-1fnzlkn-0 dist__TextBase-sc-1fnzlkn-3 CGHCP htMUPQ article-text\">\u201cDecidi que a melhor maneira de seguir em frente \u00e9 passar a tocha para uma nova gera\u00e7\u00e3o\u201d, Biden estava pronto para dizer na quarta-feira. \u201cEssa \u00e9 a melhor maneira de unir nossa na\u00e7\u00e3o.\u201d<\/p>\n<p class=\"dist__Box-sc-1fnzlkn-0 dist__TextBase-sc-1fnzlkn-3 CGHCP htMUPQ article-text\">O discurso de Biden est\u00e1 sendo transmitido pelas principais redes de not\u00edcias de televis\u00e3o. Ele deve prometer permanecer focado em ser presidente at\u00e9 seu mandato expirar ao meio-dia de 20 de janeiro de 2025.<\/p>\n<p class=\"dist__Box-sc-1fnzlkn-0 dist__TextBase-sc-1fnzlkn-3 CGHCP htMUPQ article-text\">O presidente esperava usar o discurso para destacar os riscos da elei\u00e7\u00e3o, que tanto Biden quanto Harris enquadraram como uma escolha entre liberdade e caos, mas era esperado que ele tentasse evitar fazer campanha aberta em seu gabinete oficial ou mesmo mencionar Trump pelo nome.<\/p>\n<p class=\"dist__Box-sc-1fnzlkn-0 dist__TextBase-sc-1fnzlkn-3 CGHCP htMUPQ article-text\">\u201cA grande coisa sobre a Am\u00e9rica \u00e9 que aqui, reis e ditadores n\u00e3o governam&#8221;, Biden estava pronto para dizer. &#8220;O povo governa. A hist\u00f3ria est\u00e1 em suas m\u00e3os. O poder est\u00e1 em suas m\u00e3os. A ideia da Am\u00e9rica \u2014 est\u00e1 em suas m\u00e3os.&#8221;<\/p>\n<p class=\"dist__Box-sc-1fnzlkn-0 dist__TextBase-sc-1fnzlkn-3 CGHCP htMUPQ article-text\">A secret\u00e1ria de imprensa Karine Jean-Pierre disse na quarta-feira que qualquer quest\u00e3o sobre a ren\u00fancia de Biden ao cargo \u2014 o que permitiria que Harris concorresse como titular \u2014 era &#8220;rid\u00edcula&#8221;.<\/p>\n<p class=\"dist__Box-sc-1fnzlkn-0 dist__TextBase-sc-1fnzlkn-3 CGHCP htMUPQ article-text\">Jean-Pierre disse que Biden n\u00e3o tem \u201cnenhum arrependimento\u201d sobre sua decis\u00e3o de permanecer na corrida por tanto tempo, ou sua decis\u00e3o de abandon\u00e1-la no fim de semana. Ela disse que a decis\u00e3o de Biden n\u00e3o teve nada a ver com sua sa\u00fade.<\/p>\n<\/div>\n<p>Copyright 2024 The Associated Press. Todos os direitos reservados. Este material n\u00e3o pode ser publicado, transmitido, reescrito ou redistribu\u00eddo sem permiss\u00e3o.<\/p>\n<p><br \/>\n<br \/><a href=\"https:\/\/www.clickorlando.com\/news\/politics\/2024\/07\/24\/biden-to-use-oval-office-address-to-explain-his-decision-to-quit-2024-race-begin-to-shape-legacy\/\">Source link <\/a><\/p>","protected":false},"excerpt":{"rendered":"<p>WASHINGTON \u2013 Insistindo que \u201ca defesa da democracia \u00e9 mais importante do que qualquer t\u00edtulo\u201d, Presidente Joe Biden na quarta-feira explicar\u00e1 em um discurso no Sal\u00e3o Oval sua decis\u00e3o de&hellip;<\/p>","protected":false},"author":1,"featured_media":8103,"comment_status":"closed","ping_status":"open","sticky":false,"template":"","format":"standard","meta":{"content-type":"","footnotes":""},"categories":[1],"tags":[1405,1404,1408,1406,1190,1407,93],"class_list":["post-8102","post","type-post","status-publish","format-standard","has-post-thumbnail","hentry","category-uncategorized","tag-donald-trump","tag-eleicao-presidencial-dos-estados-unidos-de-2024","tag-eleicoes","tag-joe-biden","tag-kamala-harris","tag-noticias-de-washington","tag-politica"],"_links":{"self":[{"href":"https:\/\/tvbrazilusa.com\/pt\/wp-json\/wp\/v2\/posts\/8102","targetHints":{"allow":["GET"]}}],"collection":[{"href":"https:\/\/tvbrazilusa.com\/pt\/wp-json\/wp\/v2\/posts"}],"about":[{"href":"https:\/\/tvbrazilusa.com\/pt\/wp-json\/wp\/v2\/types\/post"}],"author":[{"embeddable":true,"href":"https:\/\/tvbrazilusa.com\/pt\/wp-json\/wp\/v2\/users\/1"}],"replies":[{"embeddable":true,"href":"https:\/\/tvbrazilusa.com\/pt\/wp-json\/wp\/v2\/comments?post=8102"}],"version-history":[{"count":1,"href":"https:\/\/tvbrazilusa.com\/pt\/wp-json\/wp\/v2\/posts\/8102\/revisions"}],"predecessor-version":[{"id":8104,"href":"https:\/\/tvbrazilusa.com\/pt\/wp-json\/wp\/v2\/posts\/8102\/revisions\/8104"}],"wp:featuredmedia":[{"embeddable":true,"href":"https:\/\/tvbrazilusa.com\/pt\/wp-json\/wp\/v2\/media\/8103"}],"wp:attachment":[{"href":"https:\/\/tvbrazilusa.com\/pt\/wp-json\/wp\/v2\/media?parent=8102"}],"wp:term":[{"taxonomy":"category","embeddable":true,"href":"https:\/\/tvbrazilusa.com\/pt\/wp-json\/wp\/v2\/categories?post=8102"},{"taxonomy":"post_tag","embeddable":true,"href":"https:\/\/tvbrazilusa.com\/pt\/wp-json\/wp\/v2\/tags?post=8102"}],"curies":[{"name":"wp","href":"https:\/\/api.w.org\/{rel}","templated":true}]}}