{"id":81024,"date":"2024-12-22T18:40:11","date_gmt":"2024-12-22T18:40:11","guid":{"rendered":"https:\/\/tvbrazilusa.com\/2024\/12\/22\/reporter-da-record-tem-celular-furtado-durante-entrada-ao-vivo-no-jornal-nao-meu-celular-veja-video\/"},"modified":"2024-12-22T18:40:12","modified_gmt":"2024-12-22T18:40:12","slug":"reporter-da-record-tem-celular-furtado-durante-entrada-ao-vivo-no-jornal-nao-meu-celular-veja-video","status":"publish","type":"post","link":"https:\/\/tvbrazilusa.com\/pt\/2024\/12\/22\/reporter-da-record-tem-celular-furtado-durante-entrada-ao-vivo-no-jornal-nao-meu-celular-veja-video\/","title":{"rendered":"Rep\u00f3rter da Record tem celular furtado durante entrada ao vivo no jornal: &#8216;N\u00e3o! Meu celular!&#8217;; VEJA V\u00cdDEO"},"content":{"rendered":"<p> <script async src=\"https:\/\/pagead2.googlesyndication.com\/pagead\/js\/adsbygoogle.js?client=ca-pub-8864793242727901\"\r\n     crossorigin=\"anonymous\"><\/script><br \/>\n<\/p>\n<div id=\"taboola-read-more\" style=\"display:block; width:100%\">\n<p>Marina CaIxeta, rep\u00f3rter do Fala Brasil, da Record, foi v\u00edtima de furto enquanto fazia uma entrada ao vivo para a edi\u00e7\u00e3o do telejornal do \u00faltimo s\u00e1bado (21). As c\u00e2meras da emissora flagraram o momento, que viralizou nas redes sociais.\n<\/p>\n<p>Marina esperava para fazer uma entrada ao vivo na programa\u00e7\u00e3o da emissora a respeito da lota\u00e7\u00e3o do local por causa do Natal. De repente, uma pessoa passou em bicicleta e pegou seu celular.<\/p>\n<p>Aos gritos, Marina pediu ajuda e correu atr\u00e1s do homem: &#8220;N\u00e3o! Meu celular!&#8221;. A imagem foi flagrada pela Record, que mostrou o fato na edi\u00e7\u00e3o do programa.\n<\/p>\n<p>Posteriormente, ela relatou que conseguiu recuperar o objeto, quando o homem percebeu que roubou uma rep\u00f3rter de televis\u00e3o.\n<\/p>\n<p>&#8220;Fui v\u00edtima de uma tentativa de furto agora h\u00e1 pouco. Uma situa\u00e7\u00e3o extremamente complicada. A gente fica nervoso na hora. Temos as imagens de como foi que isso aconteceu&#8221;, lamentou.\n<\/p>\n<p>&#8220;Foi desesperador. A gente estava esperando para mais uma entrada ao vivo para voc\u00eas. Estava com o celular desbloqueado checando algumas informa\u00e7\u00f5es. A preocupa\u00e7\u00e3o era o celular estar desbloqueado, aplicativos de banco&#8221;, concluiu.\n<\/p>\n<p>Mariana Godoy, apresenadora do Fala Brasil, prestou apoio a colega. &#8220;Que desespero \u00e9 ver essas imagens, que bom que tudo deu certo para voc\u00ea&#8221;, comentou.\n<\/p>\n<p>Veja v\u00eddeo:\n<\/p>\n<p><iframe title=\"Rep\u00f3rter do Fala Brasil sofre tentativa de roubo de celular no Terminal do Tiet\u00ea\" width=\"1170\" height=\"658\" src=\"https:\/\/www.youtube.com\/embed\/D9ER1Eqyz2I?feature=oembed\" frameborder=\"0\" allow=\"accelerometer; autoplay; clipboard-write; encrypted-media; gyroscope; picture-in-picture; web-share\" referrerpolicy=\"strict-origin-when-cross-origin\" allowfullscreen><\/iframe>\n<\/p>\n<p>Fonte:\u00a0f5.folha.uol.com.br              <\/p>\n<\/div>\n<p><br \/>\n<br \/><a href=\"https:\/\/diariodobrasilnoticias.com.br\/noticia\/reporter-da-record-tem-celular-furtado-durante-entrada-ao-vivo-no-jornal-nao-meu-celular-veja-video-67682ef3dbe0f\">Source link <\/a><\/p>","protected":false},"excerpt":{"rendered":"<p>Marina CaIxeta, rep\u00f3rter do Fala Brasil, da Record, foi v\u00edtima de furto enquanto fazia uma entrada ao vivo para a edi\u00e7\u00e3o do telejornal do \u00faltimo s\u00e1bado (21). As c\u00e2meras da&hellip;<\/p>","protected":false},"author":1,"featured_media":81025,"comment_status":"closed","ping_status":"open","sticky":false,"template":"","format":"standard","meta":{"content-type":"","footnotes":""},"categories":[16],"tags":[123,2448,5313,1267],"class_list":["post-81024","post","type-post","status-publish","format-standard","has-post-thumbnail","hentry","category-noticias","tag-brasil","tag-diario","tag-noticia","tag-noticias"],"_links":{"self":[{"href":"https:\/\/tvbrazilusa.com\/pt\/wp-json\/wp\/v2\/posts\/81024","targetHints":{"allow":["GET"]}}],"collection":[{"href":"https:\/\/tvbrazilusa.com\/pt\/wp-json\/wp\/v2\/posts"}],"about":[{"href":"https:\/\/tvbrazilusa.com\/pt\/wp-json\/wp\/v2\/types\/post"}],"author":[{"embeddable":true,"href":"https:\/\/tvbrazilusa.com\/pt\/wp-json\/wp\/v2\/users\/1"}],"replies":[{"embeddable":true,"href":"https:\/\/tvbrazilusa.com\/pt\/wp-json\/wp\/v2\/comments?post=81024"}],"version-history":[{"count":1,"href":"https:\/\/tvbrazilusa.com\/pt\/wp-json\/wp\/v2\/posts\/81024\/revisions"}],"predecessor-version":[{"id":81026,"href":"https:\/\/tvbrazilusa.com\/pt\/wp-json\/wp\/v2\/posts\/81024\/revisions\/81026"}],"wp:featuredmedia":[{"embeddable":true,"href":"https:\/\/tvbrazilusa.com\/pt\/wp-json\/wp\/v2\/media\/81025"}],"wp:attachment":[{"href":"https:\/\/tvbrazilusa.com\/pt\/wp-json\/wp\/v2\/media?parent=81024"}],"wp:term":[{"taxonomy":"category","embeddable":true,"href":"https:\/\/tvbrazilusa.com\/pt\/wp-json\/wp\/v2\/categories?post=81024"},{"taxonomy":"post_tag","embeddable":true,"href":"https:\/\/tvbrazilusa.com\/pt\/wp-json\/wp\/v2\/tags?post=81024"}],"curies":[{"name":"wp","href":"https:\/\/api.w.org\/{rel}","templated":true}]}}