{"id":81033,"date":"2024-12-22T18:52:39","date_gmt":"2024-12-22T18:52:39","guid":{"rendered":"https:\/\/tvbrazilusa.com\/2024\/12\/22\/apos-5-dias-sem-energia-consumidora-cansa-de-esperar-e-acampa-em-escritorio-da-enel-veja-video\/"},"modified":"2024-12-22T18:52:40","modified_gmt":"2024-12-22T18:52:40","slug":"apos-5-dias-sem-energia-consumidora-cansa-de-esperar-e-acampa-em-escritorio-da-enel-veja-video","status":"publish","type":"post","link":"https:\/\/tvbrazilusa.com\/pt\/2024\/12\/22\/apos-5-dias-sem-energia-consumidora-cansa-de-esperar-e-acampa-em-escritorio-da-enel-veja-video\/","title":{"rendered":"Ap\u00f3s 5 dias sem energia, consumidora cansa de esperar e acampa em escrit\u00f3rio da ENEL; VEJA V\u00cdDEO"},"content":{"rendered":"<p> <script async src=\"https:\/\/pagead2.googlesyndication.com\/pagead\/js\/adsbygoogle.js?client=ca-pub-8864793242727901\"\r\n     crossorigin=\"anonymous\"><\/script><br \/>\n<\/p>\n<div id=\"taboola-read-more\" style=\"display:block; width:100%\">\n<p>Um consumidora da Enel cansou do descaso da empresa e decidiu acampar em um dos escrit\u00f3rios da concession\u00e1ria de energia em Cabo Frio (RJ). \u201cEst\u00e3o vendo essa empresa aqui? \u00c9 um lixo. N\u00e3o tem respeito pelo consumidor. Estou h\u00e1 5 dias sem energia. Ningu\u00e9m faz nada\u201d, diz Eline Nascimento em um v\u00eddeo no Instagram.\n<\/p>\n<p>Logo em seguida, ela entra no escrit\u00f3rio, coloca o colch\u00e3o no ch\u00e3o, se deita e come\u00e7a a carregar o celular. No entanto, n\u00e3o foi preciso que ela dormisse por l\u00e1. \u201cDuas horas depois que eu acampei, fui informada que a energia foi normalizada na minha resid\u00eancia depois de cinco dias. Aconselho a voc\u00ea a fazer o mesmo. V\u00e1 acampar. Leve seu colch\u00e3o, seus filhos\u201d, diz. A pol\u00edcia tamb\u00e9m foi chamada ap\u00f3s a confus\u00e3o.<\/p>\n<p>A Enel n\u00e3o se pronunciou sobre o motivo da demora para restabelecer a energia no local.\n<\/p>\n<p>Veja v\u00eddeo:\n<\/p>\n<p>Fonte: Metr\u00f3poles              <\/p>\n<\/div>\n<p><br \/>\n<br \/><a href=\"https:\/\/diariodobrasilnoticias.com.br\/noticia\/apos-5-dias-sem-energia-consumidora-cansa-de-esperar-e-acampa-em-escritorio-da-enel-veja-video-676834eba2642\">Source link <\/a><\/p>","protected":false},"excerpt":{"rendered":"<p>Um consumidora da Enel cansou do descaso da empresa e decidiu acampar em um dos escrit\u00f3rios da concession\u00e1ria de energia em Cabo Frio (RJ). \u201cEst\u00e3o vendo essa empresa aqui? \u00c9&hellip;<\/p>","protected":false},"author":1,"featured_media":81034,"comment_status":"closed","ping_status":"open","sticky":false,"template":"","format":"standard","meta":{"content-type":"","footnotes":""},"categories":[16],"tags":[123,2448,5313,1267],"class_list":["post-81033","post","type-post","status-publish","format-standard","has-post-thumbnail","hentry","category-noticias","tag-brasil","tag-diario","tag-noticia","tag-noticias"],"_links":{"self":[{"href":"https:\/\/tvbrazilusa.com\/pt\/wp-json\/wp\/v2\/posts\/81033","targetHints":{"allow":["GET"]}}],"collection":[{"href":"https:\/\/tvbrazilusa.com\/pt\/wp-json\/wp\/v2\/posts"}],"about":[{"href":"https:\/\/tvbrazilusa.com\/pt\/wp-json\/wp\/v2\/types\/post"}],"author":[{"embeddable":true,"href":"https:\/\/tvbrazilusa.com\/pt\/wp-json\/wp\/v2\/users\/1"}],"replies":[{"embeddable":true,"href":"https:\/\/tvbrazilusa.com\/pt\/wp-json\/wp\/v2\/comments?post=81033"}],"version-history":[{"count":1,"href":"https:\/\/tvbrazilusa.com\/pt\/wp-json\/wp\/v2\/posts\/81033\/revisions"}],"predecessor-version":[{"id":81035,"href":"https:\/\/tvbrazilusa.com\/pt\/wp-json\/wp\/v2\/posts\/81033\/revisions\/81035"}],"wp:featuredmedia":[{"embeddable":true,"href":"https:\/\/tvbrazilusa.com\/pt\/wp-json\/wp\/v2\/media\/81034"}],"wp:attachment":[{"href":"https:\/\/tvbrazilusa.com\/pt\/wp-json\/wp\/v2\/media?parent=81033"}],"wp:term":[{"taxonomy":"category","embeddable":true,"href":"https:\/\/tvbrazilusa.com\/pt\/wp-json\/wp\/v2\/categories?post=81033"},{"taxonomy":"post_tag","embeddable":true,"href":"https:\/\/tvbrazilusa.com\/pt\/wp-json\/wp\/v2\/tags?post=81033"}],"curies":[{"name":"wp","href":"https:\/\/api.w.org\/{rel}","templated":true}]}}