{"id":81036,"date":"2024-12-22T19:06:10","date_gmt":"2024-12-22T19:06:10","guid":{"rendered":"https:\/\/tvbrazilusa.com\/2024\/12\/22\/saidao-de-natal-no-df-vai-liberar-temporariamente-quase-2-mil-presos\/"},"modified":"2024-12-22T19:06:12","modified_gmt":"2024-12-22T19:06:12","slug":"saidao-de-natal-no-df-vai-liberar-temporariamente-quase-2-mil-presos","status":"publish","type":"post","link":"https:\/\/tvbrazilusa.com\/pt\/2024\/12\/22\/saidao-de-natal-no-df-vai-liberar-temporariamente-quase-2-mil-presos\/","title":{"rendered":"\u2018Said\u00e3o\u2019 de Natal no DF vai liberar temporariamente quase 2 mil presos"},"content":{"rendered":"<p> <script async src=\"https:\/\/pagead2.googlesyndication.com\/pagead\/js\/adsbygoogle.js?client=ca-pub-8864793242727901\"\r\n     crossorigin=\"anonymous\"><\/script><br \/>\n<\/p>\n<div id=\"taboola-read-more\" style=\"display:block; width:100%\">\n<p>A \u00faltima sa\u00edda tempor\u00e1ria de 2024 permitir\u00e1 que 1.945 presos, incluindo 63 mulheres, deixem a temporariamente a cadeia no Distrito Federal durante o feriado do Natal.\n<\/p>\n<p>Segundo a Secretaria de Administra\u00e7\u00e3o Penitenci\u00e1ria do DF (Seape-DF), o per\u00edodo da sa\u00edda tempor\u00e1ria ser\u00e1 de 23 a 27 de dezembro de 2024.<\/p>\n<p>A sa\u00edda tempor\u00e1ria \u00e9 prevista pela Portaria 02\/2024 da Vara de Execu\u00e7\u00e3o Penais (VEP-DF) e contempla custodiados que cumprem pena no regime semiaberto e que t\u00eam autoriza\u00e7\u00e3o de trabalho externo ou sa\u00eddas tempor\u00e1rias.\n<\/p>\n<p>A VEP-DF estabeleceu nove sa\u00eddas tempor\u00e1rias em 2024. Segundo a Seape, quem que n\u00e3o retornar no dia e no hor\u00e1rio previstos ser\u00e1 considerado foragido e poder\u00e1 perder o direito ao regime semiaberto.\n<\/p>\n<p>Den\u00fancias e informa\u00e7\u00f5es sobre foragidos ou crimes cometidos por presos beneficiados podem ser fornecidas pelo contato pelo telefone ou WhatsApp da Pol\u00edcia Penal do DF: (61) 9 9666-6000.\n<\/p>\n<p>Fonte: Metr\u00f3poles              <\/p>\n<\/div>\n<p><br \/>\n<br \/><a href=\"https:\/\/diariodobrasilnoticias.com.br\/noticia\/-saidao-de-natal-no-df-vai-liberar-temporariamente-quase-2-mil-presos-676836530e07a\">Source link <\/a><\/p>","protected":false},"excerpt":{"rendered":"<p>A \u00faltima sa\u00edda tempor\u00e1ria de 2024 permitir\u00e1 que 1.945 presos, incluindo 63 mulheres, deixem a temporariamente a cadeia no Distrito Federal durante o feriado do Natal. Segundo a Secretaria de&hellip;<\/p>","protected":false},"author":1,"featured_media":81037,"comment_status":"closed","ping_status":"open","sticky":false,"template":"","format":"standard","meta":{"content-type":"","footnotes":""},"categories":[16],"tags":[123,2448,5313,1267],"class_list":["post-81036","post","type-post","status-publish","format-standard","has-post-thumbnail","hentry","category-noticias","tag-brasil","tag-diario","tag-noticia","tag-noticias"],"_links":{"self":[{"href":"https:\/\/tvbrazilusa.com\/pt\/wp-json\/wp\/v2\/posts\/81036","targetHints":{"allow":["GET"]}}],"collection":[{"href":"https:\/\/tvbrazilusa.com\/pt\/wp-json\/wp\/v2\/posts"}],"about":[{"href":"https:\/\/tvbrazilusa.com\/pt\/wp-json\/wp\/v2\/types\/post"}],"author":[{"embeddable":true,"href":"https:\/\/tvbrazilusa.com\/pt\/wp-json\/wp\/v2\/users\/1"}],"replies":[{"embeddable":true,"href":"https:\/\/tvbrazilusa.com\/pt\/wp-json\/wp\/v2\/comments?post=81036"}],"version-history":[{"count":1,"href":"https:\/\/tvbrazilusa.com\/pt\/wp-json\/wp\/v2\/posts\/81036\/revisions"}],"predecessor-version":[{"id":81038,"href":"https:\/\/tvbrazilusa.com\/pt\/wp-json\/wp\/v2\/posts\/81036\/revisions\/81038"}],"wp:featuredmedia":[{"embeddable":true,"href":"https:\/\/tvbrazilusa.com\/pt\/wp-json\/wp\/v2\/media\/81037"}],"wp:attachment":[{"href":"https:\/\/tvbrazilusa.com\/pt\/wp-json\/wp\/v2\/media?parent=81036"}],"wp:term":[{"taxonomy":"category","embeddable":true,"href":"https:\/\/tvbrazilusa.com\/pt\/wp-json\/wp\/v2\/categories?post=81036"},{"taxonomy":"post_tag","embeddable":true,"href":"https:\/\/tvbrazilusa.com\/pt\/wp-json\/wp\/v2\/tags?post=81036"}],"curies":[{"name":"wp","href":"https:\/\/api.w.org\/{rel}","templated":true}]}}