{"id":81042,"date":"2024-12-22T19:24:15","date_gmt":"2024-12-22T19:24:15","guid":{"rendered":"https:\/\/tvbrazilusa.com\/2024\/12\/22\/nove-pessoas-mortas-e-15-feridas-em-acidente-aereo-em-gramado-rs\/"},"modified":"2024-12-22T19:24:17","modified_gmt":"2024-12-22T19:24:17","slug":"nove-pessoas-mortas-e-15-feridas-em-acidente-aereo-em-gramado-rs","status":"publish","type":"post","link":"https:\/\/tvbrazilusa.com\/pt\/2024\/12\/22\/nove-pessoas-mortas-e-15-feridas-em-acidente-aereo-em-gramado-rs\/","title":{"rendered":"Nove pessoas mortas e 15 feridas em acidente a\u00e9reo em Gramado (RS)"},"content":{"rendered":"<p> <script async src=\"https:\/\/pagead2.googlesyndication.com\/pagead\/js\/adsbygoogle.js?client=ca-pub-8864793242727901\"\r\n     crossorigin=\"anonymous\"><\/script><br \/>\n<\/p>\n<div id=\"taboola-read-more\" style=\"display:block; width:100%\">\n<p>Um avi\u00e3o de pequeno porte caiu em Gramado, na Serra Ga\u00facha, na manh\u00e3 deste domingo (22\/12). Todos os nove ocupantes morreram, segundo o governador do Rio Grande do Sul, Eduardo Leite (PSDB). Ao menos 15 pessoas foram encaminhadas para o hospital da cidade, a maioria por ter inalado fuma\u00e7a, segundo o Corpo de Bombeiros.\n<\/p>\n<p>A aeronave saiu do Aeroclube de Canela, munic\u00edpio pr\u00f3ximo de Gramado. De acordo com a Secretaria da Seguran\u00e7a P\u00fablica ga\u00facha, \u201co avi\u00e3o colidiu na chamin\u00e9 de um pr\u00e9dio, depois no segundo andar de uma resid\u00eancia e, ent\u00e3o, caiu sobre uma loja de m\u00f3veis\u201d. Os destro\u00e7os tamb\u00e9m atingiram uma pousada na Avenida das Hort\u00eansias.<\/p>\n<p>No X, Leite informou no fim da manh\u00e3 que estava a caminho de Gramado. \u201cEstamos com todo o efetivo do munic\u00edpio e de Canela mobilizado para atender a ocorr\u00eancia\u201d, disse.\n<\/p>\n<p>\u201cNo momento, a prioridade \u00e9 garantir o isolamento da \u00e1rea e atender as v\u00edtimas que sofreram ferimentos. Infelizmente, as informa\u00e7\u00f5es iniciais d\u00e3o conta de que os ocupantes da aeronave n\u00e3o sobreviveram\u201d, disse.\n<\/p>\n<p>Equipes regionais do Centro de Investiga\u00e7\u00e3o e Preven\u00e7\u00e3o de Acidentes Aeron\u00e1uticos (Cenipa) em Canoas (RS) foram acionados para acompanhar as investiga\u00e7\u00f5es e apurar as causas da queda.\n<\/p>\n<p>O local foi isolado pela Brigada Militar. As for\u00e7as de seguran\u00e7a permanecem no local fazendo o trabalho de rescaldo e resgate. A Pol\u00edcia Civil investiga o caso.\n<\/p>\n<p>\u201cEst\u00e1 saindo fuma\u00e7a. Tem cheiro muito forte de querosene\u201d, afirmou uma mulher que estava perto do local do acidente. Ela confirmou que a aeronave atingiu um hotel no centro da cidade.\n<\/p>\n<p>De acordo com a testemunha, a queda causou uma forte onda de choque que quebrou os vidros de pr\u00e9dios nos arredores. \u201cO choque a explos\u00e3o foi t\u00e3o forte que at\u00e9 os vidros da Localiza explodiram\u201d, contou. \u201cFoi muito forte a onda de choque\u201d, comentou.\n<\/p>\n<p>O ministro Paulo Pimenta, da Secretaria de Comunica\u00e7\u00e3o Social (Secom), que \u00e9 ga\u00facho, disse no X ter recebido a informa\u00e7\u00e3o sobre o acidente. \u201cEstou acompanhando de perto os desdobramentos do acidente junto a autoridades locais. Envio minha solidariedade aos familiares e amigos das v\u00edtimas desta trag\u00e9dia que acontece no nosso estado.\u201d\n<\/p>\n<p>O movimento tur\u00edstico na cidade \u00e9 grande no fim do ano, principalmente por causa do Natal. Nessa \u00e9poca, as lojas e pousadas costumam iluminar e enfeitar suas fachadas com adornos natalinos.\n<\/p>\n<p>Com reportagem de Isabella Cavalcanti e J\u00e9ssica Ribeiro\n<\/p>\n<p>Fonte: Metr\u00f3poles              <\/p>\n<\/div>\n<p><br \/>\n<br \/><a href=\"https:\/\/diariodobrasilnoticias.com.br\/noticia\/nove-pessoas-mortas-e-15-feridas-em-acidente-aereo-em-gramado-rs-6768278c34a62\">Source link <\/a><\/p>","protected":false},"excerpt":{"rendered":"<p>Um avi\u00e3o de pequeno porte caiu em Gramado, na Serra Ga\u00facha, na manh\u00e3 deste domingo (22\/12). Todos os nove ocupantes morreram, segundo o governador do Rio Grande do Sul, Eduardo&hellip;<\/p>","protected":false},"author":1,"featured_media":81043,"comment_status":"closed","ping_status":"open","sticky":false,"template":"","format":"standard","meta":{"content-type":"","footnotes":""},"categories":[16],"tags":[123,2448,5313,1267],"class_list":["post-81042","post","type-post","status-publish","format-standard","has-post-thumbnail","hentry","category-noticias","tag-brasil","tag-diario","tag-noticia","tag-noticias"],"_links":{"self":[{"href":"https:\/\/tvbrazilusa.com\/pt\/wp-json\/wp\/v2\/posts\/81042","targetHints":{"allow":["GET"]}}],"collection":[{"href":"https:\/\/tvbrazilusa.com\/pt\/wp-json\/wp\/v2\/posts"}],"about":[{"href":"https:\/\/tvbrazilusa.com\/pt\/wp-json\/wp\/v2\/types\/post"}],"author":[{"embeddable":true,"href":"https:\/\/tvbrazilusa.com\/pt\/wp-json\/wp\/v2\/users\/1"}],"replies":[{"embeddable":true,"href":"https:\/\/tvbrazilusa.com\/pt\/wp-json\/wp\/v2\/comments?post=81042"}],"version-history":[{"count":1,"href":"https:\/\/tvbrazilusa.com\/pt\/wp-json\/wp\/v2\/posts\/81042\/revisions"}],"predecessor-version":[{"id":81044,"href":"https:\/\/tvbrazilusa.com\/pt\/wp-json\/wp\/v2\/posts\/81042\/revisions\/81044"}],"wp:featuredmedia":[{"embeddable":true,"href":"https:\/\/tvbrazilusa.com\/pt\/wp-json\/wp\/v2\/media\/81043"}],"wp:attachment":[{"href":"https:\/\/tvbrazilusa.com\/pt\/wp-json\/wp\/v2\/media?parent=81042"}],"wp:term":[{"taxonomy":"category","embeddable":true,"href":"https:\/\/tvbrazilusa.com\/pt\/wp-json\/wp\/v2\/categories?post=81042"},{"taxonomy":"post_tag","embeddable":true,"href":"https:\/\/tvbrazilusa.com\/pt\/wp-json\/wp\/v2\/tags?post=81042"}],"curies":[{"name":"wp","href":"https:\/\/api.w.org\/{rel}","templated":true}]}}