{"id":8124,"date":"2022-09-12T14:40:22","date_gmt":"2022-09-12T14:40:22","guid":{"rendered":"https:\/\/tvbrazilusa.com\/2022\/09\/12\/justica-eleitoral-proibe-bolsonaro-de-mostrar-imagens-de-7-de-setembro-a-auditoria-do-exercito\/"},"modified":"2022-09-12T14:40:22","modified_gmt":"2022-09-12T14:40:22","slug":"justica-eleitoral-proibe-bolsonaro-de-mostrar-imagens-de-7-de-setembro-a-auditoria-do-exercito","status":"publish","type":"post","link":"https:\/\/tvbrazilusa.com\/pt\/2022\/09\/12\/justica-eleitoral-proibe-bolsonaro-de-mostrar-imagens-de-7-de-setembro-a-auditoria-do-exercito\/","title":{"rendered":"Justi\u00e7a Eleitoral pro\u00edbe Bolsonaro de mostrar imagens de 7 de setembro; a &#8220;auditoria&#8221; do Ex\u00e9rcito"},"content":{"rendered":"<p><iframe  width=\"580\" height=\"385\" src=\"https:\/\/www.youtube.com\/embed\/JUm6GSJQrgo?modestbranding=1\" frameborder=\"0\" allowfullscreen><\/iframe><br \/>\n<br \/>Eles n\u00e3o querem que o povo saiba o tamanho do apoio popular do presidente.<\/p>\n<p>TSE proibiu uso de imagens do 7 de setembro na campanha presidencial.<\/p>\n<p>Enquanto Bolsonaro re\u00fane milh\u00f5es nas ruas, o ex-presidi\u00e1rio segue levando poucos gatos pingados aos seus com\u00edcios.<br \/>\n<br \/><a href=\"https:\/\/www.youtube.com\/watch?v=JUm6GSJQrgo\">source<\/a><\/p>","protected":false},"excerpt":{"rendered":"<p>Eles n\u00e3o querem que o povo saiba o tamanho do apoio popular do presidente. TSE proibiu uso de imagens do 7 de setembro na campanha presidencial. Enquanto Bolsonaro re\u00fane milh\u00f5es&hellip;<\/p>","protected":false},"author":1,"featured_media":8125,"comment_status":"","ping_status":"open","sticky":false,"template":"","format":"standard","meta":{"content-type":"","footnotes":""},"categories":[1],"tags":[],"class_list":["post-8124","post","type-post","status-publish","format-standard","has-post-thumbnail","hentry","category-uncategorized"],"_links":{"self":[{"href":"https:\/\/tvbrazilusa.com\/pt\/wp-json\/wp\/v2\/posts\/8124","targetHints":{"allow":["GET"]}}],"collection":[{"href":"https:\/\/tvbrazilusa.com\/pt\/wp-json\/wp\/v2\/posts"}],"about":[{"href":"https:\/\/tvbrazilusa.com\/pt\/wp-json\/wp\/v2\/types\/post"}],"author":[{"embeddable":true,"href":"https:\/\/tvbrazilusa.com\/pt\/wp-json\/wp\/v2\/users\/1"}],"replies":[{"embeddable":true,"href":"https:\/\/tvbrazilusa.com\/pt\/wp-json\/wp\/v2\/comments?post=8124"}],"version-history":[{"count":0,"href":"https:\/\/tvbrazilusa.com\/pt\/wp-json\/wp\/v2\/posts\/8124\/revisions"}],"wp:featuredmedia":[{"embeddable":true,"href":"https:\/\/tvbrazilusa.com\/pt\/wp-json\/wp\/v2\/media\/8125"}],"wp:attachment":[{"href":"https:\/\/tvbrazilusa.com\/pt\/wp-json\/wp\/v2\/media?parent=8124"}],"wp:term":[{"taxonomy":"category","embeddable":true,"href":"https:\/\/tvbrazilusa.com\/pt\/wp-json\/wp\/v2\/categories?post=8124"},{"taxonomy":"post_tag","embeddable":true,"href":"https:\/\/tvbrazilusa.com\/pt\/wp-json\/wp\/v2\/tags?post=8124"}],"curies":[{"name":"wp","href":"https:\/\/api.w.org\/{rel}","templated":true}]}}