{"id":8129,"date":"2024-07-25T00:34:44","date_gmt":"2024-07-25T00:34:44","guid":{"rendered":"https:\/\/tvbrazilusa.com\/2024\/07\/25\/custos-de-garantia-persistentes-reduzem-os-lucros-liquidos-do-2o-trimestre-da-ford-causando-queda-nas-acoes-nas-negociacoes-apos-o-expediente\/"},"modified":"2024-07-25T01:01:47","modified_gmt":"2024-07-25T01:01:47","slug":"custos-de-garantia-persistentes-reduzem-os-lucros-liquidos-do-2o-trimestre-da-ford-causando-queda-nas-acoes-nas-negociacoes-apos-o-expediente","status":"publish","type":"post","link":"https:\/\/tvbrazilusa.com\/pt\/2024\/07\/25\/custos-de-garantia-persistentes-reduzem-os-lucros-liquidos-do-2o-trimestre-da-ford-causando-queda-nas-acoes-nas-negociacoes-apos-o-expediente\/","title":{"rendered":"Custos de garantia persistentes reduzem os lucros l\u00edquidos do 2\u00ba trimestre da Ford, causando queda nas a\u00e7\u00f5es nas negocia\u00e7\u00f5es ap\u00f3s o expediente"},"content":{"rendered":"<script async src=\"https:\/\/pagead2.googlesyndication.com\/pagead\/js\/adsbygoogle.js?client=ca-pub-8864793242727901\"\r\n     crossorigin=\"anonymous\"><\/script>\n<div id=\"\">\n<p class=\"dist__Box-sc-1fnzlkn-0 dist__TextBase-sc-1fnzlkn-3 CGHCP htMUPQ article-text\"><strong>DETROIT<\/strong> \u2013 Em outubro de 2020, o ent\u00e3o novo CEO da Ford, Jim Farley <a href=\"https:\/\/apnews.com\/article\/business-health-coronavirus-pandemic-2019-2020-coronavirus-pandemic-999f32e78243df4ee7583f5a2391367d\">disse a empresa<\/a> estava trabalhando para cortar custos de garantia depois que transmiss\u00f5es de carros pequenos, propensas a falhas, afetaram os lucros da montadora.<\/p>\n<p class=\"dist__Box-sc-1fnzlkn-0 dist__TextBase-sc-1fnzlkn-3 CGHCP htMUPQ article-text\">Quase quatro anos depois, os custos de garantia ainda incomodam a segunda maior montadora do pa\u00eds e cortam bilh\u00f5es de seus lucros.<\/p>\n<p class=\"dist__Box-sc-1fnzlkn-0 dist__TextBase-sc-1fnzlkn-3 CGHCP htMUPQ article-text\">A Ford Motor Co. informou na quarta-feira que seu lucro l\u00edquido do segundo trimestre caiu 4,7% em rela\u00e7\u00e3o ao ano anterior, j\u00e1 que sua unidade de motores de combust\u00e3o registrou preju\u00edzo antes dos impostos devido ao aumento dos custos de garantia e recall.<\/p>\n<p class=\"dist__Box-sc-1fnzlkn-0 dist__TextBase-sc-1fnzlkn-3 CGHCP htMUPQ article-text\">A queda do lucro e os persistentes problemas de qualidade derrubaram o lucro l\u00edquido para US$ 1,83 bilh\u00e3o de abril a junho, em compara\u00e7\u00e3o com US$ 1,92 bilh\u00e3o um ano atr\u00e1s. Isso fez com que a Ford ficasse muito aqu\u00e9m das estimativas de Wall Street para lucros ajustados por a\u00e7\u00e3o, desencadeando uma queda nas a\u00e7\u00f5es nas negocia\u00e7\u00f5es ap\u00f3s o expediente.<\/p>\n<p class=\"dist__Box-sc-1fnzlkn-0 dist__TextBase-sc-1fnzlkn-3 CGHCP htMUPQ article-text\">Os custos de garantia e recall no \u00faltimo trimestre, disse a empresa, totalizaram US$ 2,3 bilh\u00f5es, US$ 800 milh\u00f5es a mais que no primeiro trimestre e US$ 700 milh\u00f5es a mais que no ano passado.<\/p>\n<p class=\"dist__Box-sc-1fnzlkn-0 dist__TextBase-sc-1fnzlkn-3 CGHCP htMUPQ article-text\">Em seu evento do dia do investidor, h\u00e1 dois anos, Farley disse que a Ford <a href=\"https:\/\/apnews.com\/article\/business-ford-motor-co-d070ee0f957f16b1b7db5e079bf7bd7a\">tinha feito progresso<\/a> sobre a qualidade dos ve\u00edculos novos, bem como a qualidade inicial ap\u00f3s os ve\u00edculos serem vendidos. \u201cNo entanto, n\u00e3o estamos satisfeitos com nosso desempenho de qualidade, incluindo nossos recalls e esfor\u00e7os de satisfa\u00e7\u00e3o do cliente, que precisamos acelerar rapidamente\u201d, disse ele na \u00e9poca.<\/p>\n<p class=\"dist__Box-sc-1fnzlkn-0 dist__TextBase-sc-1fnzlkn-3 CGHCP htMUPQ article-text\">O diretor financeiro John Lawler disse aos rep\u00f3rteres na quarta-feira que a Ford est\u00e1 progredindo na qualidade. Os custos do segundo trimestre foram atribu\u00eddos a ve\u00edculos mais antigos do ano modelo 2021 e anteriores.<\/p>\n<p class=\"dist__Box-sc-1fnzlkn-0 dist__TextBase-sc-1fnzlkn-3 CGHCP htMUPQ article-text\">Farley disse aos analistas que melhorias est\u00e3o aparecendo em dados internos e na pesquisa da JD Power, que descobriu que a Ford subiu 14 posi\u00e7\u00f5es na pesquisa de qualidade inicial deste ano, da 23\u00aa para a nona posi\u00e7\u00e3o. <\/p>\n<p class=\"dist__Box-sc-1fnzlkn-0 dist__TextBase-sc-1fnzlkn-3 CGHCP htMUPQ article-text\">Custos mais baixos de garantia, disse Lawler, ficam de 12 a 18 meses atr\u00e1s das melhorias de qualidade, e \u00e9 quando os custos mais baixos devem come\u00e7ar a aparecer.<\/p>\n<p class=\"dist__Box-sc-1fnzlkn-0 dist__TextBase-sc-1fnzlkn-3 CGHCP htMUPQ article-text\">Farley disse que muitos dos problemas deveriam ter sido detectados antes que os ve\u00edculos mais antigos fossem colocados \u00e0 venda. Agora, a empresa est\u00e1 segurando os ve\u00edculos at\u00e9 que resolva os problemas. \u201cN\u00e3o os liberamos at\u00e9 que estejamos satisfeitos com a qualidade e que tenhamos feito todos os testes\u201d, disse ele. \u201cE isso torna nossos trimestres irregulares, e \u00e9 desafiador, mas reduzir\u00e1 a garantia ao longo do tempo.\u201d<\/p>\n<p class=\"dist__Box-sc-1fnzlkn-0 dist__TextBase-sc-1fnzlkn-3 CGHCP htMUPQ article-text\">Os custos de garantia do segundo trimestre aumentaram devido a novas tecnologias, recalls e press\u00f5es inflacion\u00e1rias que aumentaram os custos de reparo, disse Farley. A empresa em breve ser\u00e1 capaz de prever problemas e potencialmente consert\u00e1-los com atualiza\u00e7\u00f5es de software online antes que problemas maiores surjam, disse ele.<\/p>\n<p class=\"dist__Box-sc-1fnzlkn-0 dist__TextBase-sc-1fnzlkn-3 CGHCP htMUPQ article-text\">A queda nos lucros e os custos de garantia de abril a junho n\u00e3o agradaram aos investidores. <\/p>\n<p class=\"dist__Box-sc-1fnzlkn-0 dist__TextBase-sc-1fnzlkn-3 CGHCP htMUPQ article-text\">As a\u00e7\u00f5es da Ford, que haviam crescido cerca de 12% neste ano at\u00e9 o fechamento do mercado na quarta-feira, despencaram nas negocia\u00e7\u00f5es estendidas durante a noite, quase apagando um ano de ganhos.<\/p>\n<p class=\"dist__Box-sc-1fnzlkn-0 dist__TextBase-sc-1fnzlkn-3 CGHCP htMUPQ article-text\">Excluindo itens \u00fanicos, a Ford fez 47 centavos por a\u00e7\u00e3o. Isso ficou bem abaixo das estimativas dos analistas da ind\u00fastria de 68 centavos, de acordo com a FactSet.<\/p>\n<p class=\"dist__Box-sc-1fnzlkn-0 dist__TextBase-sc-1fnzlkn-3 CGHCP htMUPQ article-text\">A montadora relatou US$ 47,8 bilh\u00f5es em receita no trimestre, um aumento de 6,3% em rela\u00e7\u00e3o aos US$ 44,95 bilh\u00f5es no segundo trimestre de 2023. Isso mal superou as estimativas dos analistas de US$ 47,79 bilh\u00f5es.<\/p>\n<p class=\"dist__Box-sc-1fnzlkn-0 dist__TextBase-sc-1fnzlkn-3 CGHCP htMUPQ article-text\">A Ford Blue, a unidade de motores de combust\u00e3o interna da empresa, lucrou US$ 1,17 bilh\u00e3o antes dos impostos durante o trimestre, queda de US$ 1,1 bilh\u00e3o em rela\u00e7\u00e3o ao ano anterior. A Ford Pro, a unidade de ve\u00edculos comerciais, lucrou US$ 2,56 bilh\u00f5es, US$ 173 milh\u00f5es acima de 2023. O Model e, a unidade de ve\u00edculos el\u00e9tricos, perdeu US$ 1,14 bilh\u00e3o, US$ 63 milh\u00f5es pior do que h\u00e1 um ano.<\/p>\n<p class=\"dist__Box-sc-1fnzlkn-0 dist__TextBase-sc-1fnzlkn-3 CGHCP htMUPQ article-text\">Apesar da queda no lucro l\u00edquido, a Ford manteve sua previs\u00e3o de lucro antes dos impostos para o ano inteiro em US$ 10 bilh\u00f5es a US$ 12 bilh\u00f5es.<\/p>\n<p class=\"dist__Box-sc-1fnzlkn-0 dist__TextBase-sc-1fnzlkn-3 CGHCP htMUPQ article-text\">Questionado pelo analista se as a\u00e7\u00f5es da Ford ainda t\u00eam um bom valor, Farley disse que sim, apontando para seu neg\u00f3cio altamente lucrativo de ve\u00edculos comerciais e novas oportunidades de alta margem de lucro com o aumento da receita de servi\u00e7os e software.<\/p>\n<p class=\"dist__Box-sc-1fnzlkn-0 dist__TextBase-sc-1fnzlkn-3 CGHCP htMUPQ article-text\">\u201cAcho que as pessoas entender\u00e3o com o tempo quantas oportunidades empolgantes existem para a Ford, e n\u00e3o estou me referindo apenas a ve\u00edculos\u201d, disse Farley. \u201cEstou me referindo a atividades n\u00e3o relacionadas a ve\u00edculos.\u201d<\/p>\n<p class=\"dist__Box-sc-1fnzlkn-0 dist__TextBase-sc-1fnzlkn-3 CGHCP htMUPQ article-text\">Uma equipe n\u00e3o t\u00e3o pequena na Calif\u00f3rnia, ele disse, est\u00e1 trabalhando em uma nova plataforma de ve\u00edculo el\u00e9trico que produzir\u00e1 EVs menores, de menor custo e lucrativos. A equipe, ele disse, projetou EVs e pe\u00e7as que s\u00e3o melhores e mais baratos do que os concorrentes. Ele disse que a empresa est\u00e1 trabalhando em parcerias que ser\u00e3o implementadas em ve\u00edculos maiores. Ela est\u00e1 comparando a Tesla e as montadoras chinesas em custos de EV, ele disse.<\/p>\n<p class=\"dist__Box-sc-1fnzlkn-0 dist__TextBase-sc-1fnzlkn-3 CGHCP htMUPQ article-text\">As vendas do segundo trimestre da Ford nos EUA, seu mercado mais lucrativo, aumentaram pouco menos de 1%, para mais de 532.000 ve\u00edculos.<\/p>\n<p class=\"dist__Box-sc-1fnzlkn-0 dist__TextBase-sc-1fnzlkn-3 CGHCP htMUPQ article-text\">Lawler disse que a Ford est\u00e1 a caminho de cortar US$ 2 bilh\u00f5es em despesas com materiais, fabrica\u00e7\u00e3o e frete neste ano, o que ser\u00e1 parcialmente compensado por maiores custos de m\u00e3o de obra e atualiza\u00e7\u00e3o de ve\u00edculos.<\/p>\n<p class=\"dist__Box-sc-1fnzlkn-0 dist__TextBase-sc-1fnzlkn-3 CGHCP htMUPQ article-text\">___<\/p>\n<p class=\"dist__Box-sc-1fnzlkn-0 dist__TextBase-sc-1fnzlkn-3 CGHCP htMUPQ article-text\">Esta hist\u00f3ria foi atualizada para corrigir a data em que o CEO da Ford, Jim Farley, fez coment\u00e1rios sobre a qualidade dos ve\u00edculos em um dia do investidor da empresa para 2022, em vez de 2020. Tamb\u00e9m foi atualizada e corrigida a manchete para dizer que o lucro antes dos impostos da unidade de motores de combust\u00e3o da Ford caiu, mas n\u00e3o registrou preju\u00edzo.<\/p>\n<\/div>\n<p>Copyright 2024 The Associated Press. Todos os direitos reservados. Este material n\u00e3o pode ser publicado, transmitido, reescrito ou redistribu\u00eddo sem permiss\u00e3o.<\/p>\n<p><br \/>\n<br \/><a href=\"https:\/\/www.clickorlando.com\/business\/2024\/07\/24\/ford-2q-net-income-falls-as-combustion-engine-unit-posts-loss-due-to\/\">Source link <\/a><\/p>","protected":false},"excerpt":{"rendered":"<p>DETROIT \u2013 Em outubro de 2020, o ent\u00e3o novo CEO da Ford, Jim Farley disse a empresa estava trabalhando para cortar custos de garantia depois que transmiss\u00f5es de carros pequenos,&hellip;<\/p>","protected":false},"author":1,"featured_media":8130,"comment_status":"closed","ping_status":"open","sticky":false,"template":"","format":"standard","meta":{"content-type":"","footnotes":""},"categories":[1],"tags":[1223],"class_list":["post-8129","post","type-post","status-publish","format-standard","has-post-thumbnail","hentry","category-uncategorized","tag-negocios"],"_links":{"self":[{"href":"https:\/\/tvbrazilusa.com\/pt\/wp-json\/wp\/v2\/posts\/8129","targetHints":{"allow":["GET"]}}],"collection":[{"href":"https:\/\/tvbrazilusa.com\/pt\/wp-json\/wp\/v2\/posts"}],"about":[{"href":"https:\/\/tvbrazilusa.com\/pt\/wp-json\/wp\/v2\/types\/post"}],"author":[{"embeddable":true,"href":"https:\/\/tvbrazilusa.com\/pt\/wp-json\/wp\/v2\/users\/1"}],"replies":[{"embeddable":true,"href":"https:\/\/tvbrazilusa.com\/pt\/wp-json\/wp\/v2\/comments?post=8129"}],"version-history":[{"count":1,"href":"https:\/\/tvbrazilusa.com\/pt\/wp-json\/wp\/v2\/posts\/8129\/revisions"}],"predecessor-version":[{"id":8131,"href":"https:\/\/tvbrazilusa.com\/pt\/wp-json\/wp\/v2\/posts\/8129\/revisions\/8131"}],"wp:featuredmedia":[{"embeddable":true,"href":"https:\/\/tvbrazilusa.com\/pt\/wp-json\/wp\/v2\/media\/8130"}],"wp:attachment":[{"href":"https:\/\/tvbrazilusa.com\/pt\/wp-json\/wp\/v2\/media?parent=8129"}],"wp:term":[{"taxonomy":"category","embeddable":true,"href":"https:\/\/tvbrazilusa.com\/pt\/wp-json\/wp\/v2\/categories?post=8129"},{"taxonomy":"post_tag","embeddable":true,"href":"https:\/\/tvbrazilusa.com\/pt\/wp-json\/wp\/v2\/tags?post=8129"}],"curies":[{"name":"wp","href":"https:\/\/api.w.org\/{rel}","templated":true}]}}