{"id":81334,"date":"2024-12-23T12:47:47","date_gmt":"2024-12-23T12:47:47","guid":{"rendered":"https:\/\/tvbrazilusa.com\/2024\/12\/23\/militantes-de-esquerda-invadem-supermercado-para-exigir-cestas-basicas-veja-video\/"},"modified":"2024-12-23T12:47:48","modified_gmt":"2024-12-23T12:47:48","slug":"militantes-de-esquerda-invadem-supermercado-para-exigir-cestas-basicas-veja-video","status":"publish","type":"post","link":"https:\/\/tvbrazilusa.com\/pt\/2024\/12\/23\/militantes-de-esquerda-invadem-supermercado-para-exigir-cestas-basicas-veja-video\/","title":{"rendered":"Militantes de esquerda invadem supermercado para exigir cestas b\u00e1sicas; VEJA V\u00cdDEO"},"content":{"rendered":"<p> <script async src=\"https:\/\/pagead2.googlesyndication.com\/pagead\/js\/adsbygoogle.js?client=ca-pub-8864793242727901\"\r\n     crossorigin=\"anonymous\"><\/script><br \/>\n<\/p>\n<div id=\"taboola-read-more\" style=\"display:block; width:100%\">\n<p>Militantes do Movimento de Luta nos Bairros, Vilas e Favelas (MLB) invadiram, no s\u00e1bado 21, o supermercado Fort Atacadista, em Canoas (RS), para exigir cestas b\u00e1sicas e perus.\n<\/p>\n<p>Batizado de Ato Nacional Natal Sem Fome, o protesto ocorre em diversas redes de supermercados em todo o Brasil. Al\u00e9m do Fort Atacadista de Canoas, grupos de esquerda invadiram filiais do Carrefour, do P\u00e3o de A\u00e7ucar, do Grupo Mateus, entre outras lojas.<\/p>\n<p>ASSISTA:\n<\/p>\n<p>Vereador repudia protesto da esquerda em Canoas<br \/>Jess\u00e9 Sangalli (PL), vereador de Porto Alegre (RS), afirma que a esquerda, \u201cem vez de trabalhar, atrapalha os empreendedores de Canoas\u201d.\n<\/p>\n<p>\u201cEsse pessoal [MLB] dizia que estava preocupado com a fome quando votaram [sic] no Lula e, ao inv\u00e9s de cobrar o governo federal, v\u00e3o [sic] l\u00e1 e atrapalham [sic] o empreendimento que gera emprego\u201d, disse o vereador. \u201c\u00c9 um absurdo o que a esquerda faz aqui em Canoas.\u201d\n<\/p>\n<p>Em nota, o Grupo Pereira, que administra o atacado em Canoas, afirma que a empresa est\u00e1 realizando uma s\u00e9rie de doa\u00e7\u00f5es e uma s\u00e9rie de a\u00e7\u00f5es sociais no Estado.\n<\/p>\n<p>O Fort tamb\u00e9m doou cerca de R$ 1 milh\u00e3o aos afetados pelas enchentes que devastaram o Rio Grande do Sul. Al\u00e9m disso, o supermercado se recupera dos preju\u00edzos causados pelas inunda\u00e7\u00f5es.\n<\/p>\n<p>Fonte: Revista Oeste              <\/p>\n<\/div>\n<p><br \/>\n<br \/><a href=\"https:\/\/diariodobrasilnoticias.com.br\/noticia\/militantes-de-esquerda-invadem-supermercado-para-exigir-cestas-basicas-veja-video-676943b07fd13\">Source link <\/a><\/p>","protected":false},"excerpt":{"rendered":"<p>Militantes do Movimento de Luta nos Bairros, Vilas e Favelas (MLB) invadiram, no s\u00e1bado 21, o supermercado Fort Atacadista, em Canoas (RS), para exigir cestas b\u00e1sicas e perus. Batizado de&hellip;<\/p>","protected":false},"author":1,"featured_media":81335,"comment_status":"closed","ping_status":"open","sticky":false,"template":"","format":"standard","meta":{"content-type":"","footnotes":""},"categories":[16],"tags":[123,2448,5313,1267],"class_list":["post-81334","post","type-post","status-publish","format-standard","has-post-thumbnail","hentry","category-noticias","tag-brasil","tag-diario","tag-noticia","tag-noticias"],"_links":{"self":[{"href":"https:\/\/tvbrazilusa.com\/pt\/wp-json\/wp\/v2\/posts\/81334","targetHints":{"allow":["GET"]}}],"collection":[{"href":"https:\/\/tvbrazilusa.com\/pt\/wp-json\/wp\/v2\/posts"}],"about":[{"href":"https:\/\/tvbrazilusa.com\/pt\/wp-json\/wp\/v2\/types\/post"}],"author":[{"embeddable":true,"href":"https:\/\/tvbrazilusa.com\/pt\/wp-json\/wp\/v2\/users\/1"}],"replies":[{"embeddable":true,"href":"https:\/\/tvbrazilusa.com\/pt\/wp-json\/wp\/v2\/comments?post=81334"}],"version-history":[{"count":1,"href":"https:\/\/tvbrazilusa.com\/pt\/wp-json\/wp\/v2\/posts\/81334\/revisions"}],"predecessor-version":[{"id":81336,"href":"https:\/\/tvbrazilusa.com\/pt\/wp-json\/wp\/v2\/posts\/81334\/revisions\/81336"}],"wp:featuredmedia":[{"embeddable":true,"href":"https:\/\/tvbrazilusa.com\/pt\/wp-json\/wp\/v2\/media\/81335"}],"wp:attachment":[{"href":"https:\/\/tvbrazilusa.com\/pt\/wp-json\/wp\/v2\/media?parent=81334"}],"wp:term":[{"taxonomy":"category","embeddable":true,"href":"https:\/\/tvbrazilusa.com\/pt\/wp-json\/wp\/v2\/categories?post=81334"},{"taxonomy":"post_tag","embeddable":true,"href":"https:\/\/tvbrazilusa.com\/pt\/wp-json\/wp\/v2\/tags?post=81334"}],"curies":[{"name":"wp","href":"https:\/\/api.w.org\/{rel}","templated":true}]}}