{"id":81355,"date":"2024-12-23T13:56:33","date_gmt":"2024-12-23T13:56:33","guid":{"rendered":"https:\/\/tvbrazilusa.com\/2024\/12\/23\/biden-concede-clemencia-a-37-condenados-no-corredor-da-morte\/"},"modified":"2024-12-23T13:56:34","modified_gmt":"2024-12-23T13:56:34","slug":"biden-concede-clemencia-a-37-condenados-no-corredor-da-morte","status":"publish","type":"post","link":"https:\/\/tvbrazilusa.com\/pt\/2024\/12\/23\/biden-concede-clemencia-a-37-condenados-no-corredor-da-morte\/","title":{"rendered":"Biden concede clem\u00eancia a 37 condenados no &#8216;corredor da morte&#8217;"},"content":{"rendered":"<p> <script async src=\"https:\/\/pagead2.googlesyndication.com\/pagead\/js\/adsbygoogle.js?client=ca-pub-8864793242727901\"\r\n     crossorigin=\"anonymous\"><\/script><br \/>\n<\/p>\n<div id=\"taboola-read-more\" style=\"display:block; width:100%\">\n<p>O presidente dos Estados Unidos, Joe Biden, comutou nesta segunda-feira (23) as senten\u00e7as de 37 dos 40 presos federais que est\u00e3o no chamado \u201ccorredor da morte\u201d \u2014 ou seja, receberam pena de morte \u2013, convertendo as penas para pris\u00e3o perp\u00e9tua sem liberdade condicional.\n<\/p>\n<p>A decis\u00e3o emitida nesta segunda-feira n\u00e3o se aplica a casos de terrorismo ou assassinato em massa motivado por \u00f3dio. Tamb\u00e9m n\u00e3o afeta os quase 2.200 prisioneiros condenados \u00e0 morte em tribunais estaduais, pois o presidente n\u00e3o tem autoridade sobre essas execu\u00e7\u00f5es.<\/p>\n<p>A a\u00e7\u00e3o de Biden frustra um plano de Donald Trump, que assume a Presid\u00eancia em 20 de janeiro de retomar um ritmo r\u00e1pido de execu\u00e7\u00f5es.\n<\/p>\n<p>Ao contr\u00e1rio das ordens executivas, as decis\u00f5es de clem\u00eancia n\u00e3o podem ser revertidas pelo pr\u00f3ximo presidente, embora a pena de morte possa ser buscada de forma mais agressiva em casos futuros.\n<\/p>\n<p>Trump reiniciou as execu\u00e7\u00f5es federais ap\u00f3s uma pausa de quase 20 anos durante seu primeiro mandato, de 2017 a 2021.\n<\/p>\n<p>Biden, que concorreu \u00e0 Presid\u00eancia se opondo \u00e0 pena de morte, suspendeu as execu\u00e7\u00f5es federais quando assumiu o cargo em janeiro de 2021.\n<\/p>\n<p>Nas \u00faltimas semanas, ele enfrentou press\u00e3o de democratas do Congresso, oponentes da pena de morte e l\u00edderes religiosos como o Papa Francisco para comutar senten\u00e7as federais de morte antes de sair.\n<\/p>\n<p>\u201cN\u00e3o se enganem: condeno esses assassinos, lamento pelas v\u00edtimas de seus atos desprez\u00edveis e sofro por todas as fam\u00edlias que sofreram perdas inimagin\u00e1veis \u200b\u200be irrepar\u00e1veis\u201d, disse Biden em uma declara\u00e7\u00e3o.\n<\/p>\n<p>\u201cMas, guiado pela minha consci\u00eancia e minha experi\u00eancia\u2026 estou mais convencido do que nunca de que devemos parar o uso da pena de morte em n\u00edvel federal\u201d, ponderou.\n<\/p>\n<p>\u201cEm s\u00e3 consci\u00eancia, n\u00e3o posso recuar e deixar uma nova administra\u00e7\u00e3o retomar as execu\u00e7\u00f5es que eu interrompi\u201d, concluiu.\n<\/p>\n<p>No in\u00edcio deste m\u00eas, Biden comutou as senten\u00e7as de quase 1.500 pessoas e perdoou mais 39 condenados por crimes n\u00e3o violentos.\n<\/p>\n<p>Ele tamb\u00e9m emitiu um perd\u00e3o total e incondicional para seu filho Hunter, mesmo ap\u00f3s insistir que n\u00e3o o faria. Hunter Biden se declarou culpado de viola\u00e7\u00f5es fiscais e foi condenado por acusa\u00e7\u00f5es relacionadas a armas de fogo.\n<\/p>\n<p>Presos \u201cconhecidos\u201d continuam no corredor da morte<br \/>A decis\u00e3o de Joe Biden deixa de fora tr\u00eas dos homens mais conhecidos no corredor da morte federal dos EUA:\n<\/p>\n<p>Dzhokhar Tsarnaev, condenado por envolvimento no atentado \u00e0 bomba na linha de chegada da Maratona de Boston em 2013<br \/>Dylann Roof, condenado pelo ataque a tiros na Igreja Episcopal Metodista Africana Emanuel em Charleston, Carolina do Sul em 2015<br \/>e Robert Bowers, que foi condenado pelo ataque a tiros na sinagoga Tree of Life em Pittsburgh em 2018\n<\/p>\n<p>Todos os tr\u00eas entraram com recursos e contesta\u00e7\u00f5es legais \u00e0s suas senten\u00e7as, que devem ser resolvidas antes que uma data de execu\u00e7\u00e3o possa ser definida, um processo que pode levar anos.\n<\/p>\n<p>Os presidentes normalmente ordenam uma rodada de perd\u00f5es no final de seu mandato.\n<\/p>\n<p>O Gabinete do Advogado de Perd\u00f5es, que faz parte do Departamento de Justi\u00e7a, recebeu quase 12 mil pedidos de clem\u00eancia durante o mandato de Biden, de acordo com contagem pr\u00f3pria.\n<\/p>\n<p>At\u00e9 9 de dezembro, o presidente havia emitido 161 concess\u00f5es de clem\u00eancia \u2014 26 perd\u00f5es e 135 comuta\u00e7\u00f5e<\/p>\n<p>Fonte: CNN Brasil              <\/p>\n<\/div>\n<p><br \/>\n<br \/><a href=\"https:\/\/diariodobrasilnoticias.com.br\/noticia\/biden-concede-clemencia-a-37-condenados-no-corredor-da-morte-676951a3653d4\">Source link <\/a><\/p>","protected":false},"excerpt":{"rendered":"<p>O presidente dos Estados Unidos, Joe Biden, comutou nesta segunda-feira (23) as senten\u00e7as de 37 dos 40 presos federais que est\u00e3o no chamado \u201ccorredor da morte\u201d \u2014 ou seja, receberam&hellip;<\/p>","protected":false},"author":1,"featured_media":81356,"comment_status":"closed","ping_status":"open","sticky":false,"template":"","format":"standard","meta":{"content-type":"","footnotes":""},"categories":[16],"tags":[123,2448,5313,1267],"class_list":["post-81355","post","type-post","status-publish","format-standard","has-post-thumbnail","hentry","category-noticias","tag-brasil","tag-diario","tag-noticia","tag-noticias"],"_links":{"self":[{"href":"https:\/\/tvbrazilusa.com\/pt\/wp-json\/wp\/v2\/posts\/81355","targetHints":{"allow":["GET"]}}],"collection":[{"href":"https:\/\/tvbrazilusa.com\/pt\/wp-json\/wp\/v2\/posts"}],"about":[{"href":"https:\/\/tvbrazilusa.com\/pt\/wp-json\/wp\/v2\/types\/post"}],"author":[{"embeddable":true,"href":"https:\/\/tvbrazilusa.com\/pt\/wp-json\/wp\/v2\/users\/1"}],"replies":[{"embeddable":true,"href":"https:\/\/tvbrazilusa.com\/pt\/wp-json\/wp\/v2\/comments?post=81355"}],"version-history":[{"count":1,"href":"https:\/\/tvbrazilusa.com\/pt\/wp-json\/wp\/v2\/posts\/81355\/revisions"}],"predecessor-version":[{"id":81357,"href":"https:\/\/tvbrazilusa.com\/pt\/wp-json\/wp\/v2\/posts\/81355\/revisions\/81357"}],"wp:featuredmedia":[{"embeddable":true,"href":"https:\/\/tvbrazilusa.com\/pt\/wp-json\/wp\/v2\/media\/81356"}],"wp:attachment":[{"href":"https:\/\/tvbrazilusa.com\/pt\/wp-json\/wp\/v2\/media?parent=81355"}],"wp:term":[{"taxonomy":"category","embeddable":true,"href":"https:\/\/tvbrazilusa.com\/pt\/wp-json\/wp\/v2\/categories?post=81355"},{"taxonomy":"post_tag","embeddable":true,"href":"https:\/\/tvbrazilusa.com\/pt\/wp-json\/wp\/v2\/tags?post=81355"}],"curies":[{"name":"wp","href":"https:\/\/api.w.org\/{rel}","templated":true}]}}