{"id":81361,"date":"2024-12-23T14:09:20","date_gmt":"2024-12-23T14:09:20","guid":{"rendered":"https:\/\/tvbrazilusa.com\/2024\/12\/23\/leo-dias-questiona-por-que-preto-e-gay-tem-que-ser-de-esquerda\/"},"modified":"2024-12-23T14:09:22","modified_gmt":"2024-12-23T14:09:22","slug":"leo-dias-questiona-por-que-preto-e-gay-tem-que-ser-de-esquerda","status":"publish","type":"post","link":"https:\/\/tvbrazilusa.com\/pt\/2024\/12\/23\/leo-dias-questiona-por-que-preto-e-gay-tem-que-ser-de-esquerda\/","title":{"rendered":"Leo Dias questiona: &#8216;Por que preto e gay t\u00eam que ser de esquerda?&#8217;"},"content":{"rendered":"<p> <script async src=\"https:\/\/pagead2.googlesyndication.com\/pagead\/js\/adsbygoogle.js?client=ca-pub-8864793242727901\"\r\n     crossorigin=\"anonymous\"><\/script><br \/>\n<\/p>\n<div id=\"taboola-read-more\" style=\"display:block; width:100%\">\n<p>O jornalista Leo Dias n\u00e3o tornou-se \u201co\u201d nome do entretenimento por acaso. Foi aos poucos, desde o fim dos anos 90, construindo uma carreira que hoje \u00e9 refer\u00eancia no jornalismo de celebridades. Dono de uma personalidade forte e opini\u00f5es que nem sempre agradam, ele ganhou espa\u00e7o exatamente por n\u00e3o ter medo de falar o que pensa \u2014 e de revelar o que muitos preferem esconder. N\u00e3o foi da noite para o dia, nem por sorte. Leo est\u00e1 nessa estrada h\u00e1 d\u00e9cadas, enfrentando cr\u00edticas, criando hist\u00f3rias e marcando territ\u00f3rio. Trabalhou em grandes ve\u00edculos, mas nunca perdeu sua linha editorial independente.\n<\/p>\n<p>Em uma entrevista recente, que deu o que falar, Leo recebeu Jojo Todynho, influenciadora que anda chamando aten\u00e7\u00e3o por suas declara\u00e7\u00f5es pol\u00edticas nos \u00faltimos meses. Diferente do que muitos esperavam, ela se declarou de direita, alinhada a ideias associadas ao ex-presidente Jair Bolsonaro, e aproveitou para fazer cr\u00edticas ao presidente Lula e \u00e0 esquerda. Foi sincera, como costuma ser.<\/p>\n<p>Em certo momento de conversa meio, L\u00e9o fez uma pergunta que j\u00e1 vinha ecoando nas redes: \u201cPor que preto e gay t\u00eam que ser de esquerda?\u201d Era mais que uma provoca\u00e7\u00e3o; era uma forma de cutucar uma narrativa que, segundo muitos, tenta moldar quem pode ou n\u00e3o pensar diferente.\n<\/p>\n<p>Jojo Todynho n\u00e3o fugiu da quest\u00e3o. Ela foi direta, disse o que pensa e defendeu que cada pessoa tem o direito de ser quem \u00e9 e acreditar no que quiser, sem precisar se encaixar em r\u00f3tulos impostos por ningu\u00e9m. A conversa acabou indo al\u00e9m, porque tocou em algo que muita gente sente, mas tem medo de dizer: a press\u00e3o de se adequar \u00e0s regras de um grupo para n\u00e3o ser cancelado ou atacado.\n<\/p>\n<\/p><\/div>\n<p><br \/>\n<br \/><a href=\"https:\/\/diariodobrasilnoticias.com.br\/noticia\/leo-dias-questiona-por-que-preto-e-gay-tem-que-ser-de-esquerda-676956065a419\">Source link <\/a><\/p>","protected":false},"excerpt":{"rendered":"<p>O jornalista Leo Dias n\u00e3o tornou-se \u201co\u201d nome do entretenimento por acaso. Foi aos poucos, desde o fim dos anos 90, construindo uma carreira que hoje \u00e9 refer\u00eancia no jornalismo&hellip;<\/p>","protected":false},"author":1,"featured_media":81362,"comment_status":"closed","ping_status":"open","sticky":false,"template":"","format":"standard","meta":{"content-type":"","footnotes":""},"categories":[16],"tags":[123,2448,5313,1267],"class_list":["post-81361","post","type-post","status-publish","format-standard","has-post-thumbnail","hentry","category-noticias","tag-brasil","tag-diario","tag-noticia","tag-noticias"],"_links":{"self":[{"href":"https:\/\/tvbrazilusa.com\/pt\/wp-json\/wp\/v2\/posts\/81361","targetHints":{"allow":["GET"]}}],"collection":[{"href":"https:\/\/tvbrazilusa.com\/pt\/wp-json\/wp\/v2\/posts"}],"about":[{"href":"https:\/\/tvbrazilusa.com\/pt\/wp-json\/wp\/v2\/types\/post"}],"author":[{"embeddable":true,"href":"https:\/\/tvbrazilusa.com\/pt\/wp-json\/wp\/v2\/users\/1"}],"replies":[{"embeddable":true,"href":"https:\/\/tvbrazilusa.com\/pt\/wp-json\/wp\/v2\/comments?post=81361"}],"version-history":[{"count":1,"href":"https:\/\/tvbrazilusa.com\/pt\/wp-json\/wp\/v2\/posts\/81361\/revisions"}],"predecessor-version":[{"id":81363,"href":"https:\/\/tvbrazilusa.com\/pt\/wp-json\/wp\/v2\/posts\/81361\/revisions\/81363"}],"wp:featuredmedia":[{"embeddable":true,"href":"https:\/\/tvbrazilusa.com\/pt\/wp-json\/wp\/v2\/media\/81362"}],"wp:attachment":[{"href":"https:\/\/tvbrazilusa.com\/pt\/wp-json\/wp\/v2\/media?parent=81361"}],"wp:term":[{"taxonomy":"category","embeddable":true,"href":"https:\/\/tvbrazilusa.com\/pt\/wp-json\/wp\/v2\/categories?post=81361"},{"taxonomy":"post_tag","embeddable":true,"href":"https:\/\/tvbrazilusa.com\/pt\/wp-json\/wp\/v2\/tags?post=81361"}],"curies":[{"name":"wp","href":"https:\/\/api.w.org\/{rel}","templated":true}]}}