{"id":8138,"date":"2024-07-25T01:05:03","date_gmt":"2024-07-25T01:05:03","guid":{"rendered":"https:\/\/tvbrazilusa.com\/2024\/07\/25\/harvard-concede-11-diplomas-inicialmente-retidos-de-manifestantes-pro-palestinos\/"},"modified":"2024-07-25T01:06:52","modified_gmt":"2024-07-25T01:06:52","slug":"harvard-concede-11-diplomas-inicialmente-retidos-de-manifestantes-pro-palestinos","status":"publish","type":"post","link":"https:\/\/tvbrazilusa.com\/pt\/2024\/07\/25\/harvard-concede-11-diplomas-inicialmente-retidos-de-manifestantes-pro-palestinos\/","title":{"rendered":"Harvard concede 11 diplomas inicialmente retidos de manifestantes pr\u00f3-palestinos"},"content":{"rendered":"<p> <script async src=\"https:\/\/pagead2.googlesyndication.com\/pagead\/js\/adsbygoogle.js?client=ca-pub-8864793242727901\"\r\n     crossorigin=\"anonymous\"><\/script><br \/>\n<\/p>\n<div id=\"\">\n<header class=\"m-article-header m-article-header--standard\">\n\t\t\t\t\t\t\t\t\t\t\t\t<span id=\"article-header-primary-term\"><br \/>\n\t\t\t\t\t\t\t\t<a class=\"a-term a-term--primary\" href=\"https:\/\/www.boston.com\/tag\/local-news\/\"><\/p>\n<p>\t\t\t\t\t\t\t\tNot\u00edcias locais\t\t\t\t\t\t\t\t<\/a><br \/>\n\t\t\t\t\t\t\t<\/span><\/p>\n<h2 class=\"m-article-header__sub-headline\">Harvard reteve 13 diplomas de alunos devido ao envolvimento deles no acampamento de protesto pr\u00f3-palestino de 20 dias em Harvard Yard.<\/h2>\n<figure class=\"a-photo m-article-header__photo\"><figcaption class=\"a-photo__caption\">\n<p>\tUm estudante exibe a bandeira palestina em seu quadro de capelo enquanto os formandos tomam seus assentos no p\u00e1tio de Harvard durante a formatura na Universidade de Harvard, quinta-feira, 23 de maio de 2024, em Cambridge, Massachusetts. <em> (Foto AP\/Charles Krupa)<\/em>\t<\/figcaption><\/figure>\n<\/header>\n<p>A Universidade de Harvard concedeu 11 diplomas a estudantes que anteriormente tiveram seus diplomas negados devido ao seu envolvimento com a lei de 20 dias <a href=\"https:\/\/www.boston.com\/news\/local-news\/2024\/05\/08\/live-updates-pro-palestinian-protests-roil-boston-area-campuses-2\/?p1=hp_featurestack#harvard-end\">acampamento de protesto pr\u00f3-palestino<\/a> no Harvard Yard no in\u00edcio deste ano.<\/p>\n<p>Inicialmente, a universidade reteve os diplomas de <a href=\"https:\/\/www.boston.com\/news\/local-news\/2024\/05\/08\/live-updates-pro-palestinian-protests-roil-boston-area-campuses-2\/#harvard-students-not-graduating\">13 estudantes manifestantes<\/a> no final de maio, quando a Harvard Corporation, um conselho de administra\u00e7\u00e3o universit\u00e1rio, votou contra a concess\u00e3o de diplomas a estudantes \u201csem boa reputa\u00e7\u00e3o\u201d.<\/p>\n<p>Um porta-voz de Harvard confirmou que os 11 candidatos foram &#8220;restaurados \u00e0 situa\u00e7\u00e3o regular&#8221; e se referiu \u00e0 declara\u00e7\u00e3o da Corpora\u00e7\u00e3o de 22 de maio de que eles &#8220;considerariam&#8221; emitir os diplomas se os alunos conclu\u00edssem um processo disciplinar.<\/p>\n<p>\u201cProcessos eficazes, justos, bem compreendidos e aplicados de forma consistente s\u00e3o vitais para a forma como funcionamos como uma comunidade de aprendizagem \u2013 e como conciliamos as oportunidades de expressar nossas opini\u00f5es, inclusive por meio de protestos e dissid\u00eancias, com nossas obriga\u00e7\u00f5es uns com os outros\u201d, disse o porta-voz de Harvard, Jason Newton.<\/p>\n<p>No in\u00edcio deste m\u00eas, Harvard tamb\u00e9m reverteu sua decis\u00e3o de suspender cinco alunos, reduzindo suas puni\u00e7\u00f5es para per\u00edodos de liberdade condicional, o mais severo dos quais foi de um semestre. <em>Carmesim de Harvard<\/em> <a href=\"https:\/\/www.thecrimson.com\/article\/2024\/7\/10\/harvard-reverses-encampment-suspensions\/\">relatado<\/a>. <\/p>\n<p>O <em>Carmesim<\/em> <a href=\"https:\/\/www.thecrimson.com\/article\/2024\/7\/23\/harvard-corporation-diplomas-encampment\/\">inicialmente relatado<\/a> a confer\u00eancia dos 11 graus. De acordo com o jornal da escola, os outros dois alunos est\u00e3o impedidos de se formar devido a senten\u00e7as de liberdade condicional pendentes at\u00e9 o final do semestre de outono.<\/p>\n<h2 class=\"wp-block-heading\" id=\"h-withholding-degrees-led-to-walk-out-at-commencement\">A reten\u00e7\u00e3o de diplomas levou \u00e0 desist\u00eancia na formatura<\/h2>\n<p>Os diplomas retidos n\u00e3o foram concedidos durante as cerim\u00f4nias de formatura desta primavera, apesar de um grupo de professores de Harvard \u201c<a href=\"https:\/\/www.boston.com\/news\/local-news\/2024\/05\/08\/live-updates-pro-palestinian-protests-roil-boston-area-campuses-2\/#harvard-faculty-vote\">esmagadoramente<\/a>\u201d votando para permitir que os veteranos se formem. Durante a formatura de Harvard, os alunos <a href=\"https:\/\/www.boston.com\/news\/local-news\/2024\/05\/08\/live-updates-pro-palestinian-protests-roil-boston-area-campuses-2\/#harvard-walkout\">saiu em protesto<\/a> e realizou uma manifesta\u00e7\u00e3o na Harvard Square.<\/p>\n<figure class=\"wp-block-embed is-type-rich is-provider-twitter wp-block-embed-twitter\">\n<div class=\"wp-block-embed__wrapper\">\n<blockquote class=\"twitter-tweet\" data-width=\"500\" data-dnt=\"true\">\n<p lang=\"en\" dir=\"ltr\">Graduados de Harvard saindo durante a formatura em protesto contra os 13 alunos impedidos de se formar hoje.<\/p>\n<p>\u201cDeixem-nos andar\u201d \u00e9 o c\u00e2ntico.<\/p>\n<p>Estou de volta para assistir \u00e0 formatura da minha turma de gradua\u00e7\u00e3o, 2024.<\/p>\n<p>Precisamos de uni\u00e3o mais do que nunca.<a href=\"https:\/\/twitter.com\/hashtag\/harvard?src=hash&#038;ref_src=twsrc%5Etfw\">#Harvard<\/a> <a href=\"https:\/\/twitter.com\/hashtag\/gaza?src=hash&#038;ref_src=twsrc%5Etfw\">#gaza<\/a> <a href=\"https:\/\/t.co\/WWnVuYwjoe\">foto.twitter.com\/WWnVuYwjoe<\/a><\/p>\n<p>\u2014 Steven Wang (@swangentr) <a href=\"https:\/\/twitter.com\/swangentr\/status\/1793663829970444661?ref_src=twsrc%5Etfw\">23 de maio de 2024<\/a><\/p><\/blockquote>\n<\/div>\n<\/figure>\n<p>Newton disse que Harvard \u201ccontinua trabalhando para fortalecer e melhorar os processos disciplinares\u201d, incluindo procedimentos atualizados recentemente anunciados para processos de apura\u00e7\u00e3o de fatos para casos que envolvem mais de uma escola na universidade. <\/p>\n<p>Os funcion\u00e1rios de Harvard fizeram o <a href=\"https:\/\/www.harvard.edu\/president\/news\/2024\/update-on-university-rights-and-responsibilities\/\">an\u00fancio<\/a> 18 de julho, ap\u00f3s a Universidade ter sido \u201cdesafiada\u201d com \u201cum n\u00famero crescente de casos disciplinares envolvendo alunos de diferentes Escolas que est\u00e3o envolvidos no mesmo evento ou comportamento\u201d.<\/p>\n<p>\u201cCada escola \u00e9 respons\u00e1vel por determinar a disciplina para seus pr\u00f3prios alunos, os fatos que informam a disciplina n\u00e3o devem variar dependendo da escola que um aluno em particular frequenta\u201d, escreveram autoridades de Harvard.<\/p>\n<div class=\"m-block m-generic-cta\t m-generic-cta--post-content\t m-generic-cta--dark\t m-generic-cta--homepage\t m-generic-cta--email-signup\t\t m-generic-cta-block-style--default \tt-amp__generic-cta\"><\/p>\n<div class=\"m-generic-cta__wrap\">\n<div class=\"m-generic-cta__content\">\n<h3 class=\"m-generic-cta__title\">Inscri\u00e7\u00e3o no boletim informativo<\/h3>\n<p class=\"m-generic-cta__subtitle\">Fique por dentro das \u00faltimas not\u00edcias do Boston.com<\/p>\n<\/p><\/div>\n<\/p><\/div>\n<\/div><\/div>\n<p><script async src=\"\/\/platform.twitter.com\/widgets.js\" charset=\"utf-8\"><\/script><script>\n\t\tvar consent=\"grant\";\n\t\t\/* The above code is parsing the JSON data from the local storage and storing it in a variable. *\/\n\t\t\t\t\tconst onetrustStorageConsent = JSON.parse(localStorage.getItem( 'consent_one_trust_bdc' ) );\n\t\t\tif ( ( onetrustStorageConsent !== null ) ) {\n\t\t\t\t\/* Checking to see if the user has consented to the use of cookies.\n\t\t\t\t* If they have not, it is deleting the cookie.\n\t\t\t\t* This will comment for now, until further notice.\n\t\t\t\t*\/\n\t\t\t\t\/\/if ( onetrustStorageConsent.C0002 === false ) {\n\t\t\t\t\/\/\tdocument.cookie=\"_fbp=;expires=Thu, 01 Jan 2010 00:00:00 UTC; path=\/; domain=.boston.com\";\n\t\t\t\t\/\/}\n\t\t\t\t\/* Checking if the user has given consent for the cookie C0002.\n\t\t\t\t* If the user has given consent, the variable consent will be set to 'grant'.\n\t\t\t\t* If the user has not given consent,the variable consent will be set to 'revoke'.\n\t\t\t\t* Documentation https:\/\/developers.facebook.com\/docs\/meta-pixel\/implementation\/gdpr\n\t\t\t\t*\/\n\t\t\t\tif ( onetrustStorageConsent.C0002 !== true ) {\n\t\t\t\t\tconsent=\"revoke\";\n\t\t\t\t}\n\t\t\t}\n\t\t\t\t!function(f,b,e,v,n,t,s)\n\t\t{if(f.fbq)return;n=f.fbq=function(){n.callMethod?\n\t\tn.callMethod.apply(n,arguments):n.queue.push(arguments)};\n\t\tif(!f._fbq)f._fbq=n;n.push=n;n.loaded=!0;n.version='2.0';\n\t\tn.queue=[];t=b.createElement(e);t.async=!0;\n\t\tt.src=v;s=b.getElementsByTagName(e)[0];\n\t\ts.parentNode.insertBefore(t,s)}(window, document,'script',\n\t\t'https:\/\/connect.facebook.net\/en_US\/fbevents.js');\n\t\tfbq('consent', consent);\n\t\tfbq('init', '989222871864976');\n\t\tfbq('track', 'PageView');\n\t<\/script><script type=\"module\">\n\t\tvar consent=\"grant\";\n\t\t\/* The above code is parsing the JSON data from the local storage and storing it in a variable. *\/\n\t\t\tconst onetrustStorageConsent = JSON.parse(localStorage.getItem( 'consent_one_trust_bdc' ) );\n\t\t\t\/* Checking to see if the user has consented to the use of cookies.\n\t\t\t* If they have not, it is deleting the cookie.\n\t\t\t* This will comment for now, until further notice.\n\t\t\t*\/\n\t\t\t\/\/if ( onetrustStorageConsent.C0002 === false ) {\n\t\t\t\/\/\tdocument.cookie=\"_fbp=;expires=Thu, 01 Jan 2010 00:00:00 UTC; path=\/; domain=.boston.com\";\n\t\t\t\/\/}\n\t\t\t\/* Checking if the user has given consent for the cookie C0002.\n\t\t\t* If the user has given consent, the variable consent will be set to 'grant'.\n\t\t\t* If the user has not given consent,the variable consent will be set to 'revoke'.\n\t\t\t* Documentation https:\/\/developers.facebook.com\/docs\/meta-pixel\/implementation\/gdpr\n\t\t\t*\/\n\t\t\tif ( ( onetrustStorageConsent !== null ) && (onetrustStorageConsent.C0002 !== true ) ) {\n\t\t\t\tconsent=\"revoke\";\n\t\t\t}\n\t\t\t\t!function(f,b,e,v,n,t,s){if(f.fbq)return;n=f.fbq=function()\n\t\t{n.callMethod? n.callMethod.apply(n,arguments):n.queue.push(arguments)}\n\t\t;if(!f._fbq)f._fbq=n;\n\t\tn.push=n;n.loaded=!0;n.version='2.0';n.queue=[];t=b.createElement(e);t.async=!0;\n\t\tt.src=v;s=b.getElementsByTagName(e)[0];s.parentNode.insertBefore(t,s)}(window,\n\t\tdocument,'script','https:\/\/connect.facebook.net\/en_US\/fbevents.js');\n\t\tfbq('consent', consent);\n\t\tfbq('init', '813236348753005');\n\t\tfbq('track', \"PageView\");\n\t<\/script><br \/>\n<br \/><br \/>\n<br \/><a href=\"https:\/\/www.boston.com\/news\/local-news\/2024\/07\/24\/harvard-awards-11-degrees-initially-withheld-from-pro-palestinian-protesters\/\">Source link <\/a><\/p>","protected":false},"excerpt":{"rendered":"<p>Not\u00edcias locais Harvard reteve 13 diplomas de alunos devido ao envolvimento deles no acampamento de protesto pr\u00f3-palestino de 20 dias em Harvard Yard. Um estudante exibe a bandeira palestina em&hellip;<\/p>","protected":false},"author":1,"featured_media":8139,"comment_status":"closed","ping_status":"open","sticky":false,"template":"","format":"standard","meta":{"content-type":"","footnotes":""},"categories":[1],"tags":[],"class_list":["post-8138","post","type-post","status-publish","format-standard","has-post-thumbnail","hentry","category-uncategorized"],"_links":{"self":[{"href":"https:\/\/tvbrazilusa.com\/pt\/wp-json\/wp\/v2\/posts\/8138","targetHints":{"allow":["GET"]}}],"collection":[{"href":"https:\/\/tvbrazilusa.com\/pt\/wp-json\/wp\/v2\/posts"}],"about":[{"href":"https:\/\/tvbrazilusa.com\/pt\/wp-json\/wp\/v2\/types\/post"}],"author":[{"embeddable":true,"href":"https:\/\/tvbrazilusa.com\/pt\/wp-json\/wp\/v2\/users\/1"}],"replies":[{"embeddable":true,"href":"https:\/\/tvbrazilusa.com\/pt\/wp-json\/wp\/v2\/comments?post=8138"}],"version-history":[{"count":1,"href":"https:\/\/tvbrazilusa.com\/pt\/wp-json\/wp\/v2\/posts\/8138\/revisions"}],"predecessor-version":[{"id":8140,"href":"https:\/\/tvbrazilusa.com\/pt\/wp-json\/wp\/v2\/posts\/8138\/revisions\/8140"}],"wp:featuredmedia":[{"embeddable":true,"href":"https:\/\/tvbrazilusa.com\/pt\/wp-json\/wp\/v2\/media\/8139"}],"wp:attachment":[{"href":"https:\/\/tvbrazilusa.com\/pt\/wp-json\/wp\/v2\/media?parent=8138"}],"wp:term":[{"taxonomy":"category","embeddable":true,"href":"https:\/\/tvbrazilusa.com\/pt\/wp-json\/wp\/v2\/categories?post=8138"},{"taxonomy":"post_tag","embeddable":true,"href":"https:\/\/tvbrazilusa.com\/pt\/wp-json\/wp\/v2\/tags?post=8138"}],"curies":[{"name":"wp","href":"https:\/\/api.w.org\/{rel}","templated":true}]}}