{"id":81399,"date":"2024-12-23T12:40:15","date_gmt":"2024-12-23T12:40:15","guid":{"rendered":"https:\/\/tvbrazilusa.com\/2024\/12\/23\/crianca-atropelada-por-drone-que-caiu-durante-show-de-luzes-de-ferias-em-orlando\/"},"modified":"2024-12-23T15:27:19","modified_gmt":"2024-12-23T15:27:19","slug":"crianca-atropelada-por-drone-que-caiu-durante-show-de-luzes-de-ferias-em-orlando","status":"publish","type":"post","link":"https:\/\/tvbrazilusa.com\/pt\/2024\/12\/23\/crianca-atropelada-por-drone-que-caiu-durante-show-de-luzes-de-ferias-em-orlando\/","title":{"rendered":"Crian\u00e7a atropelada por drone que caiu durante show de luzes de f\u00e9rias em Orlando"},"content":{"rendered":"<p> <script async src=\"https:\/\/pagead2.googlesyndication.com\/pagead\/js\/adsbygoogle.js?client=ca-pub-8864793242727901\"\r\n     crossorigin=\"anonymous\"><\/script><br \/>\n<\/p>\n<div>\n<p>ORLANDO, FL \u2013 Uma crian\u00e7a de 7 anos foi hospitalizada na noite de s\u00e1bado depois que v\u00e1rios drones ca\u00edram do c\u00e9u durante um show de luzes natalino em Orlando, um deles atingindo o menino, de acordo com v\u00e1rios relatos. <\/p>\n<\/div>\n<div>\n<p>A crian\u00e7a, Alexander, foi submetida a uma cirurgia de cora\u00e7\u00e3o aberto no domingo ap\u00f3s ser ferida no incidente, <a href=\"https:\/\/www.wesh.com\/article\/mom-speaks-out-after-son-was-hit-by-a-drone-at-orlandos-holiday-show\/63258505\" target=\"_blank\" rel=\"nofollow\">WESH relatado<\/a>. <\/p>\n<p>O show das 18h no Lake Eola Park, em Orlando \u2013 o primeiro show de luzes planejado naquele local para a noite de s\u00e1bado \u2013 \u201cteve dificuldades t\u00e9cnicas\u201d, disse a gerente de informa\u00e7\u00e3o p\u00fablica da cidade, Andrea Otero. <a href=\"https:\/\/people.com\/boy-injured-after-drones-fell-from-the-sky-during-florida-holiday-show-8765552\" target=\"_blank\" rel=\"nofollow\">disse Pessoas<\/a>. <\/p>\n<\/div>\n<div>\n<p>O Corpo de Bombeiros de Orlando \u201cfoi alertado sobre um indiv\u00edduo que teria sido ferido durante o show\u201d, disse Otero. \u201cOs bombeiros j\u00e1 estavam no parque, ocupando uma tenda de emerg\u00eancia que ficava a aproximadamente 15 metros de dist\u00e2ncia do local do incidente. Os param\u00e9dicos come\u00e7aram a prestar socorro assim que fizeram contato com o indiv\u00edduo\u201d.<\/p>\n<p>V\u00e1rios pequenos drones colidiram durante o show, alguns caindo no meio da multid\u00e3o por volta das 18h45, informou a Administra\u00e7\u00e3o Federal de Avia\u00e7\u00e3o. <a href=\"https:\/\/www.nbcnews.com\/news\/us-news\/falling-drone-seriously-injures-boy-florida-holiday-show-mother-says-rcna185183\" target=\"_blank\" rel=\"nofollow\">disse \u00e0 NBC News<\/a>.<\/p>\n<\/div>\n<div>\n<p><a href=\"https:\/\/x.com\/MosquitoCoFL\/status\/1870646253358350638\" target=\"_blank\" rel=\"nofollow\">Um v\u00eddeo compartilhado com X, antigo Twitter<\/a>mostra v\u00e1rios drones caindo durante o show. Uma pessoa pode ser ouvida dizendo: \u201cAh, n\u00e3o! Eu n\u00e3o acho que eles deveriam estar caindo.\u201d <\/p>\n<p>Uma crian\u00e7a tamb\u00e9m pode ser ouvida perguntando: \u201cEles deveriam estar caindo?\u201d <\/p>\n<\/div>\n<div>\n<p>Os cisnes no lago tamb\u00e9m pareciam perturbados pela queda dos drones. <\/p>\n<p>O segundo show de drones da noite na cidade, marcado para as 20h, foi cancelado ap\u00f3s o acidente. <\/p>\n<\/div>\n<div>\n<p>\u201cFicamos muito entusiasmados ao saber que eles estavam fazendo um show de drones no Lago Eola\u201d, disse a m\u00e3e da v\u00edtima, Adriana Edgerton, <a href=\"https:\/\/www.wftv.com\/news\/local\/i-was-freaking-out-mother-7-year-old-hurt-orlando-drone-show-speaks-out\/V5UMT3S6HVFSZPXTMHEZFER2CQ\/\" target=\"_blank\" rel=\"nofollow\">disse \u00e0 WFTV<\/a>. \u201cAs luzes come\u00e7aram a aparecer e, de repente, um dos drones simplesmente perdeu o controle. Parecia um p\u00e1ssaro que estava mergulhando em busca de peixes.\u201d <\/p>\n<p>Depois que os drones ca\u00edram, sua filha encontrou o filho, que nasceu prematuro, \u201cno ch\u00e3o, inconsciente, com sangue escorrendo pelo rosto\u201d, disse Edgerton. \u201cFoi simplesmente o pior, porque ele n\u00e3o s\u00f3 estava deitado l\u00e1, tipo, voc\u00ea sabe, os param\u00e9dicos est\u00e3o tentando ajudar, mas ele estava perdendo a consci\u00eancia. Seu cora\u00e7\u00e3o&#8230; continuava parando. Ele estava parando de respirar.\u201d<\/p>\n<p>Ela acrescentou: \u201cEu estava pirando pensando que iria perder meu beb\u00ea porque ele estava perdendo a consci\u00eancia\u201d.<\/p>\n<\/div>\n<p><br \/>\n<br \/><a href=\"http:\/\/patch.com\/florida\/orlando\/child-hit-drone-fell-during-holiday-light-show-orlando?utm_source=article-mostrecent&#038;utm_medium=rss&#038;utm_term=crime%20%26%20safety&#038;utm_campaign=recirc&#038;utm_content=aol\">Source link <\/a><\/p>","protected":false},"excerpt":{"rendered":"<p>ORLANDO, FL \u2013 Uma crian\u00e7a de 7 anos foi hospitalizada na noite de s\u00e1bado depois que v\u00e1rios drones ca\u00edram do c\u00e9u durante um show de luzes natalino em Orlando, um&hellip;<\/p>","protected":false},"author":1,"featured_media":81400,"comment_status":"closed","ping_status":"open","sticky":false,"template":"","format":"standard","meta":{"content-type":"","footnotes":""},"categories":[1],"tags":[],"class_list":["post-81399","post","type-post","status-publish","format-standard","has-post-thumbnail","hentry","category-uncategorized"],"_links":{"self":[{"href":"https:\/\/tvbrazilusa.com\/pt\/wp-json\/wp\/v2\/posts\/81399","targetHints":{"allow":["GET"]}}],"collection":[{"href":"https:\/\/tvbrazilusa.com\/pt\/wp-json\/wp\/v2\/posts"}],"about":[{"href":"https:\/\/tvbrazilusa.com\/pt\/wp-json\/wp\/v2\/types\/post"}],"author":[{"embeddable":true,"href":"https:\/\/tvbrazilusa.com\/pt\/wp-json\/wp\/v2\/users\/1"}],"replies":[{"embeddable":true,"href":"https:\/\/tvbrazilusa.com\/pt\/wp-json\/wp\/v2\/comments?post=81399"}],"version-history":[{"count":1,"href":"https:\/\/tvbrazilusa.com\/pt\/wp-json\/wp\/v2\/posts\/81399\/revisions"}],"predecessor-version":[{"id":81401,"href":"https:\/\/tvbrazilusa.com\/pt\/wp-json\/wp\/v2\/posts\/81399\/revisions\/81401"}],"wp:featuredmedia":[{"embeddable":true,"href":"https:\/\/tvbrazilusa.com\/pt\/wp-json\/wp\/v2\/media\/81400"}],"wp:attachment":[{"href":"https:\/\/tvbrazilusa.com\/pt\/wp-json\/wp\/v2\/media?parent=81399"}],"wp:term":[{"taxonomy":"category","embeddable":true,"href":"https:\/\/tvbrazilusa.com\/pt\/wp-json\/wp\/v2\/categories?post=81399"},{"taxonomy":"post_tag","embeddable":true,"href":"https:\/\/tvbrazilusa.com\/pt\/wp-json\/wp\/v2\/tags?post=81399"}],"curies":[{"name":"wp","href":"https:\/\/api.w.org\/{rel}","templated":true}]}}