{"id":81420,"date":"2024-12-23T15:45:14","date_gmt":"2024-12-23T15:45:14","guid":{"rendered":"https:\/\/tvbrazilusa.com\/2024\/12\/23\/rival-dos-yankees-reforca-rotacao-com-estrela-da-world-series\/"},"modified":"2024-12-23T15:57:48","modified_gmt":"2024-12-23T15:57:48","slug":"rival-dos-yankees-reforca-rotacao-com-estrela-da-world-series","status":"publish","type":"post","link":"https:\/\/tvbrazilusa.com\/pt\/2024\/12\/23\/rival-dos-yankees-reforca-rotacao-com-estrela-da-world-series\/","title":{"rendered":"Rival dos Yankees refor\u00e7a rota\u00e7\u00e3o com estrela da World Series"},"content":{"rendered":"<script async src=\"https:\/\/pagead2.googlesyndication.com\/pagead\/js\/adsbygoogle.js?client=ca-pub-8864793242727901\"\r\n     crossorigin=\"anonymous\"><\/script>\n<div>\n<p class=\"article__paragraph article__paragraph--left\" id=\"7HYNYSO2DFGZPNLXXNJCMF7HHM\"><a href=\"https:\/\/www.baseball-reference.com\/players\/b\/buehlwa01.shtml\" target=\"_blank\">Walker B\u00fchler<\/a> e os Red Sox est\u00e3o de acordo com um contrato de um ano no valor de US$ 21,05 milh\u00f5es, de acordo com Jeff Passan da ESPN. <\/p>\n<p class=\"article__paragraph article__paragraph--left\" id=\"6T5HTEA5TZH2DLIIBB7Q5NNGQE\">Em sua ag\u00eancia livre, Buehler se apresentou como um arremessador que tinha muitas vantagens, mas n\u00e3o necessariamente comandaria um acordo de longo prazo. Com os Dodgers este ano, ele arremessou para um ERA de 5,38 antes dos playoffs e depois fez 10 entradas sem gols em suas tr\u00eas \u00faltimas partidas por Los Angeles.<\/p>\n<p class=\"article__paragraph article__paragraph--left\" id=\"YWCIEUHTFVGKBAYI2ANRKBGP7A\"><a href=\"https:\/\/nypost.com\/2024\/12\/02\/sports\/mets-sign-frankie-montas-takeaways-on-free-agent-pitching-plans\/\"> No in\u00edcio deste m\u00eas, Joel Sherman do New York Post<\/a> relatou que o Mets perguntou sobre Buehler.<\/p>\n<p class=\"article__paragraph article__paragraph--left\" id=\"QFLXZJCBIFBRPHYDJX54YSOPUI\">O jogador de 30 anos foi um dos melhores jovens titulares durante sua temporada de estreia em 2018, arremessando para uma ERA de 2,82. Ele passou toda a sua carreira com os Dodgers, conquistando duas sele\u00e7\u00f5es All-Star em 2019 e 2021. Ele perdeu a temporada de 2023 ap\u00f3s se submeter \u00e0 cirurgia de Tommy John.<\/p>\n<p class=\"article__paragraph article__paragraph--left\" id=\"C32M5N3NGBEOJD4PS3LEG63W3I\">Buehler voltou ao monte em maio, mas les\u00f5es adicionais o limitaram a 16 partidas em 2024. Mas seu forte desempenho na p\u00f3s-temporada fez dele um titular comercializ\u00e1vel no mercado de agente livre desta entressafra.<\/p>\n<section class=\"Stories-By-Section-Tag-module_wrapper__69Ed7 Stories-By-Section-Tag-module_nj__RFbQx\"\/>\n<p class=\"article__paragraph article__paragraph--left\" id=\"FYSD4MQ5PREHHPLXLGUT3IRZMY\"><i>Obrigado por confiar em n\u00f3s para fornecer o jornalismo em que voc\u00ea pode confiar. Por favor, considere nos apoiar com uma assinatura.<\/i><\/p>\n<\/div>\n<p><br \/>\n<br \/><a href=\"https:\/\/www.nj.com\/sports\/2024\/12\/yankees-rival-bolsters-rotation-with-world-series-star.html\">Source link <\/a><\/p>","protected":false},"excerpt":{"rendered":"<p>Walker B\u00fchler e os Red Sox est\u00e3o de acordo com um contrato de um ano no valor de US$ 21,05 milh\u00f5es, de acordo com Jeff Passan da ESPN. Em sua&hellip;<\/p>","protected":false},"author":1,"featured_media":81421,"comment_status":"closed","ping_status":"open","sticky":false,"template":"","format":"standard","meta":{"content-type":"","footnotes":""},"categories":[1],"tags":[30111],"class_list":["post-81420","post","type-post","status-publish","format-standard","has-post-thumbnail","hentry","category-uncategorized","tag-campo-celular-americano"],"_links":{"self":[{"href":"https:\/\/tvbrazilusa.com\/pt\/wp-json\/wp\/v2\/posts\/81420","targetHints":{"allow":["GET"]}}],"collection":[{"href":"https:\/\/tvbrazilusa.com\/pt\/wp-json\/wp\/v2\/posts"}],"about":[{"href":"https:\/\/tvbrazilusa.com\/pt\/wp-json\/wp\/v2\/types\/post"}],"author":[{"embeddable":true,"href":"https:\/\/tvbrazilusa.com\/pt\/wp-json\/wp\/v2\/users\/1"}],"replies":[{"embeddable":true,"href":"https:\/\/tvbrazilusa.com\/pt\/wp-json\/wp\/v2\/comments?post=81420"}],"version-history":[{"count":1,"href":"https:\/\/tvbrazilusa.com\/pt\/wp-json\/wp\/v2\/posts\/81420\/revisions"}],"predecessor-version":[{"id":81422,"href":"https:\/\/tvbrazilusa.com\/pt\/wp-json\/wp\/v2\/posts\/81420\/revisions\/81422"}],"wp:featuredmedia":[{"embeddable":true,"href":"https:\/\/tvbrazilusa.com\/pt\/wp-json\/wp\/v2\/media\/81421"}],"wp:attachment":[{"href":"https:\/\/tvbrazilusa.com\/pt\/wp-json\/wp\/v2\/media?parent=81420"}],"wp:term":[{"taxonomy":"category","embeddable":true,"href":"https:\/\/tvbrazilusa.com\/pt\/wp-json\/wp\/v2\/categories?post=81420"},{"taxonomy":"post_tag","embeddable":true,"href":"https:\/\/tvbrazilusa.com\/pt\/wp-json\/wp\/v2\/tags?post=81420"}],"curies":[{"name":"wp","href":"https:\/\/api.w.org\/{rel}","templated":true}]}}